{"id":71702,"date":"2025-08-22T15:44:39","date_gmt":"2025-08-22T15:44:39","guid":{"rendered":"https:\/\/ikimisli.tr\/?p=71702"},"modified":"2025-08-22T15:44:39","modified_gmt":"2025-08-22T15:44:39","slug":"akp-mhp-arasinda-kriz-bahceliye-yakin-bir-isim-daha-hedefte","status":"publish","type":"post","link":"https:\/\/ikimisli.tr\/index.php\/2025\/08\/22\/akp-mhp-arasinda-kriz-bahceliye-yakin-bir-isim-daha-hedefte\/","title":{"rendered":"AKP-MHP aras\u0131nda kriz! Bah\u00e7eli&#8217;ye yak\u0131n bir isim daha hedefte"},"content":{"rendered":"<p>Son olarak \u00e7ok say\u0131da avukat\u0131n da ortalar\u0131nda bulundu\u011fu &#8216;su\u00e7 \u00f6rg\u00fct\u00fc&#8217;ne y\u00f6nelik d\u00fczenlenen operasyonda avukat Selahattin Y\u0131lmaz tutukland\u0131.<\/p>\n<p>Y\u0131lmaz&#8217;\u0131n &#8216;suikast haz\u0131rl\u0131\u011f\u0131&#8217; arg\u00fcman\u0131yla tutuklanmas\u0131n\u0131n ard\u0131ndan MHP Genel Ba\u015fkan\u0131 Devlet Bah\u00e7eli yapt\u0131\u011f\u0131 a\u00e7\u0131klamada avukat hakk\u0131nda, &#8220;Dava arkada\u015f\u0131m, \u00fclk\u00fcda\u015f\u0131m&#8221; s\u00f6zlerini kulland\u0131.<\/p>\n<p>AKP ile MHP ortas\u0131nda \u00e7atlak seslerin oldu\u011fu s\u00f6ylentilerine neden olan olay\u0131n akabinde MHP&#8217;ye yak\u0131n bir ismin daha iktidar medyas\u0131nda ama\u00e7 al\u0131nd\u0131\u011f\u0131 ortaya \u00e7\u0131kt\u0131.<\/p>\n<p><img decoding=\"async\" src=\"https:\/\/ikimisli.tr\/wp-content\/uploads\/2025\/08\/akp-mhp-arasinda-kriz-bahceliye-yakin-bir-isim-daha-hedefte-0-qUA2hej3.jpg\"\/><\/p>\n<p>Makine ve Kimya End\u00fcstrisi\u2019nin (MKE) MHP\u2019ye yak\u0131nl\u0131\u011f\u0131yla bilinen eski Y\u00f6netim Kurulu Lideri Av. \u0130smet Sayhan&#8217;\u0131n, AKP\u2019ye yak\u0131n birtak\u0131m medya organlar\u0131n\u0131n gayesinde oldu\u011fu belirtildi.<\/p>\n<p>D\u00fcn g\u00f6zalt\u0131na al\u0131nd\u0131\u011f\u0131 tezleri yalanlanan Sayhan\u2019\u0131n Bah\u00e7eli\u2019ye yak\u0131n bir \u00f6b\u00fcr isim Selahattin Y\u0131lmaz ile olan foto\u011fraflar\u0131 da s\u0131k s\u0131k g\u00fcndeme getirildi.<\/p>\n<p>Birg\u00fcn&#8217;\u00fcn derledi\u011fi habere g\u00f6re; Milli Savunma Bakanl\u0131\u011f\u0131 b\u00fcnyesindeki MKE Eyl\u00fcl 2024-Aral\u0131k 2024 tarihleri aras\u0131nda Y\u00f6netim Kurulu Lideri olan \u0130smet Sayhan&#8217;\u0131n son g\u00fcnlerde AKP\u2019ye yak\u0131n kimi medya organlar\u0131 taraf\u0131ndan ama\u00e7 al\u0131nd\u0131\u011f\u0131 g\u00f6r\u00fcld\u00fc.<\/p>\n<p>\u00d6zellikle Sel\u00e7uk Bayraktar hakk\u0131nda yapt\u0131\u011f\u0131 \u00f6vg\u00fc dolu haberlerle dikkat \u00e7eken \u201cgdh\u201d isimli platform, MHP\u2019ye yak\u0131n avukat hakk\u0131nda ciddi ithamlarda bulunmas\u0131 dikkat \u00e7ekti.<\/p>\n<p><b>&#8216;ASSAN TRANSFERLER\u0130&#8217;NE D\u0130KKAT \u00c7EK\u0130LD\u0130<\/b><\/p>\n<p>\u0130lk ba\u015fta Sayhan, ya\u015fatt\u0131\u011f\u0131 tedarik sorunlar\u0131ndan \u00f6t\u00fcr\u00fc MKE\u2019nin ihalelere girmekten 2 y\u0131l men etti\u011fi ASSAN isimli \u015firketin avukat\u0131 oldu\u011fu gerek\u00e7esiyle tenkit ya\u011fmuruna tutulmu\u015ftu. gdh isimli haber sitesi, MKE\u2019den 9 \u00e7al\u0131\u015fan\u0131n ayr\u0131larak ASSAN\u2019da i\u015fe ba\u015flad\u0131\u011f\u0131n\u0131, bu transferin de hukuka kar\u015f\u0131t oldu\u011funu yazm\u0131\u015ft\u0131.<\/p>\n<p><img decoding=\"async\" src=\"https:\/\/ikimisli.tr\/wp-content\/uploads\/2025\/08\/akp-mhp-arasinda-kriz-bahceliye-yakin-bir-isim-daha-hedefte-1-QsqR162v.jpg\"\/><\/p>\n<p>ASSAN taraf\u0131ndan yap\u0131lan a\u00e7\u0131klamada ise tezler yalanlanarak, \u201cs\u00f6z konusu haberlerin prestij zedeleyici oldu\u011fu ve yasal yollara ba\u015fvurulaca\u011f\u0131\u201d tabir edilmi\u015fti.<\/p>\n<p>D\u00fcn (20 A\u011fustos), Sayhan\u2019\u0131n g\u00f6zalt\u0131na al\u0131nd\u0131\u011f\u0131 taraf\u0131nda haberler kamuoyuna yans\u0131d\u0131. Sayhan\u2019a y\u00f6nelik g\u00f6zalt\u0131 haberleri, \u201cMHP\u2019ye bir ileti m\u0131?\u201d sorusunu beraberinde getirdi.<\/p>\n<p><b>&#8216;DEVLT SIRLARINI \u0130F\u015eA&#8217; SU\u00c7LAMASI<\/b><\/p>\n<p>gdh, bug\u00fcn Av. \u0130smet Sayhan ilgili bir haber daha servis etti. Haberde yer alan teze nazaran, MKE\u2019den ayr\u0131ld\u0131ktan sonra ASSAN\u2019\u0131n avukat\u0131 olan Sayhan, devletin s\u0131rlar\u0131n\u0131 s\u0131zd\u0131rm\u0131\u015ft\u0131. \u201cASSAN\u2019\u0131n avukat\u0131 \u0130smet Sayhan TSK&#8217;n\u0131n s\u0131rlar\u0131n\u0131 s\u0131zd\u0131rd\u0131\u011f\u0131n\u0131 \u2018yanl\u0131\u015fl\u0131kla\u2019 if\u015fa etti!\u201d ba\u015fl\u0131kl\u0131 haber, Sayhan\u2019a ili\u015fkin oldu\u011fu \u00f6ne s\u00fcr\u00fclen bir WhatsApp sohbet ekran\u0131n\u0131n imaj\u0131na dayand\u0131r\u0131ld\u0131.<\/p>\n<p>Haberin \u201cGirift alakalar zinciri\u201d alt ba\u015fl\u0131kl\u0131 k\u0131sm\u0131nda ise \u0130smet Sayhan\u2019\u0131n ge\u00e7en g\u00fcnlerde c\u00fcr\u00fcm \u00f6rg\u00fct\u00fc soru\u015fturmas\u0131nda tutuklanan Selahattin Y\u0131lmaz ile birlikte yer ald\u0131\u011f\u0131 toplu foto\u011fraf yay\u0131mland\u0131.<\/p>\n<p>gdh\u2019nin daha evvelki haberlerinde de yer alan bu foto\u011frafta dikkat \u00e7eken bir \u00f6b\u00fcr isim ise MHP\u2019den Demokrat Parti\u2019ye, Demokrat Parti\u2019den de son olarak CHP\u2019ye ge\u00e7en Cemal Enginyurt\u2019tu.<\/p>\n<p>Foto\u011frafta \u0130smet Sayhan\u2019la birlikte g\u00f6r\u00fcnen Selahattin Y\u0131lmaz, 18 A\u011fustos\u2019ta \u0130stanbul merkezli 5 vilayette y\u00fcr\u00fct\u00fclen silahl\u0131 c\u00fcr\u00fcm \u00f6rg\u00fct\u00fcne y\u00f6nelik kapsam\u0131nda \u00f6teki 9 \u015fah\u0131sla birlikte tutuklanm\u0131\u015ft\u0131.<\/p>\n<p>Y\u0131lmaz\u2019\u0131n, \u0130BB soru\u015fturmas\u0131ndaki \u201citiraf\u00e7\u0131lardan\u201d Aziz \u0130hsan Akta\u015f\u2019a suikast yapaca\u011f\u0131 arg\u00fcman edildi. Y\u0131lmaz yapt\u0131\u011f\u0131 a\u00e7\u0131klamada, Akta\u015f\u2019\u0131 \u201cdevlete yararl\u0131 oldu\u011fu i\u00e7in vurmas\u0131n\u0131n kelam konusu olmayaca\u011f\u0131n\u0131\u201d tabir etti. Kendisine y\u00f6nelik \u201ckomplo kuruldu\u011funu\u201d \u00f6ne s\u00fcrd\u00fc.<\/p>\n<p>MHP\u2019ye yak\u0131nl\u0131\u011f\u0131yla bilenen Y\u0131lmaz\u2019\u0131, MHP lideri Devlet Bah\u00e7eli de a\u00e7\u0131k\u00e7a sahiplendi ve \u201c\u00dclk\u00fcda\u015f\u0131m ve dava arkada\u015f\u0131md\u0131r\u201d dedi.<\/p>\n<p><img decoding=\"async\" src=\"https:\/\/ikimisli.tr\/wp-content\/uploads\/2025\/08\/akp-mhp-arasinda-kriz-bahceliye-yakin-bir-isim-daha-hedefte-2-6DwpwwAp.jpg\"\/><\/p>\n<p><b>&#8216;G\u00d6ZALTINA ALINDI&#8217; \u0130DD\u0130ASI<\/b><\/p>\n<p>Gazeteci Nev\u015fin Meng\u00fc, toplumsal medya hesab\u0131ndan hakk\u0131nda g\u00f6zalt\u0131na al\u0131nd\u0131\u011f\u0131 istikametinde bilgiler servis edilen Sayhan ile g\u00f6r\u00fc\u015ft\u00fc\u011f\u00fcn\u00fc ve Sayhan&#8217;\u0131n g\u00f6zalt\u0131nda olmad\u0131\u011f\u0131n\u0131 bildirdi.  <\/p>\n<p>Meng\u00fc\u2019n\u00fcn aktard\u0131\u011f\u0131na nazaran halihaz\u0131rda ASSAN \u015firketinin avukat\u0131 olmad\u0131\u011f\u0131n\u0131 ileri s\u00fcren Sayhan kendini, \u201cuzmanl\u0131\u011f\u0131 \u00e7er\u00e7evesinde ASSAN\u2019\u0131n yine yap\u0131land\u0131r\u0131lmas\u0131nda yard\u0131mc\u0131 oldu\u011funu\u201d s\u00f6yleyerek savundu. Sayhan, Selahattin Y\u0131lmaz ile birlikte yer ald\u0131\u011f\u0131 foto\u011fraf\u0131 ise \u201cSelahattin Y\u0131lmaz\u2019\u0131n o\u011flunun ge\u00e7irdi\u011fi ameliyat \u00fczerine ge\u00e7mi\u015f olsun ziyareti s\u0131ras\u0131nda \u00e7ekildi\u011fini\u201d kaydederek a\u00e7\u0131klad\u0131.<\/p>\n<p><b>SAYHAN&#8217;DAN A\u00c7IKLAMA GELD\u0130<\/b><\/p>\n<p>\u0130smet Sayhan, d\u00fcn \u015fahsi X hesab\u0131ndan yapt\u0131\u011f\u0131 payla\u015f\u0131mda da hakk\u0131ndaki savlara de\u011findi.<\/p>\n<p>Sayhan, AKP\u2019li kimi \u00e7evrelerin kendisinden rahats\u0131z oldu\u011fu istikametindeki yorumlar i\u00e7in \u201cBu a\u00e7\u0131k bir fitne hareketidir\u201d dedi ve \u201cdevlet b\u00fcy\u00fcklerine h\u00fcrmetinin baki oldu\u011fu iletisini verdi:<\/p>\n<p>\u201cBug\u00fcn birtak\u0131m haberlerde, MHP yak\u0131nl\u0131\u011f\u0131m vurgulanarak, MKE\u2019den ayr\u0131lmam\u0131n, baz\u0131 AK Parti etraflar\u0131n\u0131n benden rahats\u0131z olmas\u0131 sebebiyle oldu\u011fu belirtilmi\u015ftir. Bu a\u00e7\u0131k bir fitne hareketidir. 3 ayl\u0131k MKE y\u00f6netim kurulu ba\u015fkanl\u0131\u011f\u0131m, idare konseyinde bo\u015fluk olu\u015fmas\u0131 sebebiyle esasen s\u00fcreksiz bir g\u00f6revlendirmeydi. Yeni bir idare olu\u015fturulma imkan\u0131 do\u011fdu\u011funda istifa ederek ayr\u0131ld\u0131m. Durumun gere\u011fi olan bir s\u00fcreci k\u00f6t\u00fcniyetli halde sorun \u00fczere yorumlamak fakat haince bir yakla\u015f\u0131md\u0131r. Benim Devlete ve Devlet b\u00fcy\u00fcklerimize h\u00fcrmetim beni tan\u0131yanlarca bilinir ve her vakit bakidir.\u201d<\/p>\n<p><b>&#8216;MAFYA&#8217; \u0130DD\u0130ALARI<\/b><\/p>\n<p>MHP\u2019ye yak\u0131n avukat Sayhan, hakk\u0131ndaki iddialarla ilgili 15 A\u011fustos\u2019ta da bir zincir payla\u015f\u0131mda bulunmu\u015ftu.<\/p>\n<p>Bir m\u00fcddet ASSAN\u2019\u0131n avukat\u0131 olarak vazife yapt\u0131\u011f\u0131 anla\u015f\u0131lan Sayhan, Selahattin Y\u0131lmaz ile olan foto\u011fraf\u0131 i\u00e7in \u201c\u0130nsani bir ba\u011f ve kalabal\u0131k bir foto\u011frafta yer alm\u0131\u015f olmamdan hareketle ad\u0131m\u0131n, \u2018mafya, karanl\u0131k ilgi, tehdit, \u015fantaj\u2019 s\u00f6zleriyle t\u0131pk\u0131 c\u00fcmlede yer almas\u0131 bile benim i\u00e7in b\u00fcy\u00fck keder sebebidir\u201d demi\u015fti.  <\/p>\n<p><b>O TEZLER KAMUOYUNDA YER BULMU\u015eTU<\/b><\/p>\n<p>T\u00fcrkiye\u2019nin m\u00fchimmat ve savunma sistemleri \u00fcretiminde \u00f6nde gelen \u00f6zel \u015firketlerinden biri olan ve 60\u2019tan fazla \u00fclkeye ihracat yapan ASSAN, yasaya al\u0131\u015f\u0131lmam\u0131\u015f bi\u00e7imde tak\u0131mla\u015fma, tedarik geciktirerek ziyan olu\u015fturma ve doland\u0131r\u0131c\u0131l\u0131k arg\u00fcmanlar\u0131yla kamuoyunda yer bulmu\u015ftu. <\/p>\n<p>T\u00fcrkiye\u2019den Clash Report, 5 A\u011fustos\u2019ta Ukrayna bas\u0131n\u0131na -kaynak g\u00f6stermeden- at\u0131f yaparak, Ukrayna devlet savunma \u015firketi Spetsteknoeksport\u2019un ASSAN ile 10,8 milyon dolarl\u0131k kontrat imzalad\u0131\u011f\u0131n\u0131 lakin ASSAN\u2019\u0131n eserleri teslim etmedi\u011fini yazd\u0131. Site, bu durumun \u201csava\u015f su\u00e7u\u201d olabilece\u011fini tez etti. G\u00fcndeme dair her \u015fey (gdh) isimli haber sitesi ise evvelki g\u00fcn hem Clash Report\u2019un tezlerini tekrarlad\u0131 hem de mevzuyu bir ad\u0131m ileri g\u00f6t\u00fcrerek ASSAN\u2019\u0131n genel m\u00fcd\u00fcr\u00fc G\u00fcrcan Okumu\u015f\u2019u hedefine alm\u0131\u015ft\u0131.<\/p>\n","protected":false},"excerpt":{"rendered":"<p>Kabahat \u00f6rg\u00fct\u00fc soru\u015fturmas\u0131 kapsam\u0131nda tutuklanan ve Devlet Bah\u00e7eli\u2019nin &#8220;dava arkada\u015f\u0131m&#8221; diyerek sahip \u00e7\u0131kt\u0131\u011f\u0131 Selahattin Y\u0131lmaz&#8217;\u0131n akabinde MHP&#8217;ye yak\u0131n bir ismin daha ama\u00e7 al\u0131nd\u0131\u011f\u0131 ortaya \u00e7\u0131kt\u0131. AKP&#8217;ye yak\u0131n kimi medya organlar\u0131nca maksat al\u0131nan ki\u015finin de avukat oldu\u011fu \u00f6\u011frenildi.<\/p>\n","protected":false},"author":1,"featured_media":71703,"comment_status":"open","ping_status":"open","sticky":false,"template":"","format":"standard","meta":{"footnotes":""},"categories":[25],"tags":[8599,793,1735,657,3787],"class_list":["post-71702","post","type-post","status-publish","format-standard","has-post-thumbnail","hentry","category-gundem","tag-assan","tag-avukat","tag-iddialar","tag-mhp","tag-yakin"],"_links":{"self":[{"href":"https:\/\/ikimisli.tr\/index.php\/wp-json\/wp\/v2\/posts\/71702","targetHints":{"allow":["GET"]}}],"collection":[{"href":"https:\/\/ikimisli.tr\/index.php\/wp-json\/wp\/v2\/posts"}],"about":[{"href":"https:\/\/ikimisli.tr\/index.php\/wp-json\/wp\/v2\/types\/post"}],"author":[{"embeddable":true,"href":"https:\/\/ikimisli.tr\/index.php\/wp-json\/wp\/v2\/users\/1"}],"replies":[{"embeddable":true,"href":"https:\/\/ikimisli.tr\/index.php\/wp-json\/wp\/v2\/comments?post=71702"}],"version-history":[{"count":1,"href":"https:\/\/ikimisli.tr\/index.php\/wp-json\/wp\/v2\/posts\/71702\/revisions"}],"predecessor-version":[{"id":71707,"href":"https:\/\/ikimisli.tr\/index.php\/wp-json\/wp\/v2\/posts\/71702\/revisions\/71707"}],"wp:featuredmedia":[{"embeddable":true,"href":"https:\/\/ikimisli.tr\/index.php\/wp-json\/wp\/v2\/media\/71703"}],"wp:attachment":[{"href":"https:\/\/ikimisli.tr\/index.php\/wp-json\/wp\/v2\/media?parent=71702"}],"wp:term":[{"taxonomy":"category","embeddable":true,"href":"https:\/\/ikimisli.tr\/index.php\/wp-json\/wp\/v2\/categories?post=71702"},{"taxonomy":"post_tag","embeddable":true,"href":"https:\/\/ikimisli.tr\/index.php\/wp-json\/wp\/v2\/tags?post=71702"}],"curies":[{"name":"wp","href":"https:\/\/api.w.org\/{rel}","templated":true}]}}