{"id":71782,"date":"2025-08-22T20:20:37","date_gmt":"2025-08-22T20:20:37","guid":{"rendered":"https:\/\/ikimisli.tr\/?p=71782"},"modified":"2025-08-22T20:20:37","modified_gmt":"2025-08-22T20:20:37","slug":"samsunspordan-27-yil-sonra-avrupada-tarihi-sinav-tur-samsuna-kaldi","status":"publish","type":"post","link":"https:\/\/ikimisli.tr\/index.php\/2025\/08\/22\/samsunspordan-27-yil-sonra-avrupada-tarihi-sinav-tur-samsuna-kaldi\/","title":{"rendered":"Samsunspor&#8217;dan 27 y\u0131l sonra Avrupa&#8217;da tarihi s\u0131nav! Tur Samsun&#8217;a kald\u0131"},"content":{"rendered":"<p>UEFA Avrupa Ligi play-off tipi birinci ma\u00e7\u0131nda Samsunspor, Yunanistan&#8217;\u0131n Panathinaikos tak\u0131m\u0131 ile Atina Olimpiyat Stad\u0131&#8217;nda kar\u015f\u0131la\u015ft\u0131. Samsunspor, 27 y\u0131l sonra \u00e7\u0131kt\u0131\u011f\u0131 birinci Avrupa imtihan\u0131ndan 2-1 ma\u011flup ayr\u0131ld\u0131.<\/p>\n<p>Dengeli ge\u00e7en m\u00fcsabakada birinci devre gols\u00fcz berabere sona erdi. \u0130kinci yar\u0131ya d\u00fczg\u00fcn ba\u015flayan Samsunspor, Logi Tomasson&#8217;un kaydetti\u011fi golle \u00f6ne ge\u00e7ti. Panathinaikos, 66. dakikada Giorgos Kiriakopoulos ile beraberli\u011fi yakalad\u0131. 74. dakikada Erik Palmer-Brown&#8217;un kaydetti\u011fi gol ma\u00e7\u0131n sonucunu belirledi. <\/p>\n<p>Samsunspor, bu m\u00fcsabaka ile UEFA&#8217;n\u0131n organize etti\u011fi bir turnuvada 27 y\u0131l sonra uzunluk g\u00f6sterdi.<\/p>\n<p>UEFA tertibinde birinci olarak 1996-1997 d\u00f6neminde Intertoto Kupas\u0131&#8217;nda gayret ederek yer alan Samsunspor, 1997-1998 d\u00f6neminde da birebir turnuva ya kat\u0131lmay\u0131 ba\u015fard\u0131. Son Avrupa ma\u00e7\u0131na 5 A\u011fustos 1998 tarihinde Samsun 19 May\u0131s Stad\u0131&#8217;nda Werder Bremen kar\u015f\u0131s\u0131na \u00e7\u0131kan Samsunspor, bu m\u00fcsabakadan 3-0 yenik ayr\u0131lm\u0131\u015ft\u0131.<\/p>\n<p>Samsunspor, 60 y\u0131ll\u0131k tarihinde birinci defa Avrupa Lig&#8217;i play-off cinsinde gayret etti. Logi Tomasson, Karadeniz tak\u0131m\u0131n\u0131n Avrupa Ligi&#8217;ndeki birinci gol\u00fcn\u00fc kaydeden futbolcu olarak tarihe ge\u00e7ti.<\/p>\n<p><b>TARAFTARLAR YALNIZ BIRAKMADI<\/b><\/p>\n<p>Samsunspor&#8217;un Yunanistan&#8217;da oynad\u0131\u011f\u0131 Panathinaikos ma\u00e7\u0131nda Avrupa&#8217;n\u0131n \u00e7e\u015fitli \u00fclkelerinden gelen taraftarlar, Karadeniz grubuna takviye verdi. <\/p>\n<p>Samsunspor, toplumsal medya hesab\u0131ndan yapt\u0131\u011f\u0131 payla\u015f\u0131mda taraftarlara te\u015fekk\u00fcr ederken, \u015fu tabirleri kulland\u0131:<\/p>\n<p>&#8220;&#8221;Avrupa\u2019da alana \u00e7\u0131karken yaln\u0131z olmad\u0131\u011f\u0131m\u0131z\u0131 biliyoruz. Panathinaikos m\u00fcsabakas\u0131 \u00f6ncesi, k\u0131ymetli kul\u00fcplerimizin taraftarlar\u0131ndan gelen dayanak iletileri bizleri hem gururland\u0131rd\u0131 hem de daha da kenetledi. Art\u0131k tek gayemiz, Atina\u2019dan g\u00fc\u00e7l\u00fc bir skorla d\u00f6nmek ve \u00fclkemizi onurland\u0131rmak. Futbolun lisan\u0131 bar\u0131\u015f, kalbi karde\u015fliktir. 19 May\u0131s\u2019\u0131n kenti Samsun\u2019dan Atina\u2019ya, dostluk k\u00f6pr\u00fcs\u00fc kurmaya geldik. Mustafa Kemal Atat\u00fcrk\u2019\u00fcn kelamlar\u0131yla: Yurtta Sulh, Cihanda Sulh&#8230;Bizim Samsunspor\u2019un telaffuzuyla de, &#8216;Sahada rekabet, trib\u00fcnde dostluk&#8230;&#8221;<\/p>\n","protected":false},"excerpt":{"rendered":"<p>Samsunspor, 27 y\u0131l sonra \u00e7\u0131kt\u0131\u011f\u0131 birinci Avrupa imtihan\u0131nda \u00f6ne ge\u00e7ti\u011fi ma\u00e7ta deplasmanda kar\u015f\u0131la\u015ft\u0131\u011f\u0131 Yunanistan grubu Panathinaikos&#8217;a tek farkla ma\u011flup oldu. Bu m\u00fcsabaka, Samsunspo&#8217;un tarihinde birinci UEFA Avrupa Ligi ma\u00e7\u0131 olarak tarihe ge\u00e7ti.<\/p>\n","protected":false},"author":1,"featured_media":71783,"comment_status":"open","ping_status":"open","sticky":false,"template":"","format":"standard","meta":{"footnotes":""},"categories":[30],"tags":[435,2620],"class_list":["post-71782","post","type-post","status-publish","format-standard","has-post-thumbnail","hentry","category-spor","tag-avrupa","tag-samsunspor"],"_links":{"self":[{"href":"https:\/\/ikimisli.tr\/index.php\/wp-json\/wp\/v2\/posts\/71782","targetHints":{"allow":["GET"]}}],"collection":[{"href":"https:\/\/ikimisli.tr\/index.php\/wp-json\/wp\/v2\/posts"}],"about":[{"href":"https:\/\/ikimisli.tr\/index.php\/wp-json\/wp\/v2\/types\/post"}],"author":[{"embeddable":true,"href":"https:\/\/ikimisli.tr\/index.php\/wp-json\/wp\/v2\/users\/1"}],"replies":[{"embeddable":true,"href":"https:\/\/ikimisli.tr\/index.php\/wp-json\/wp\/v2\/comments?post=71782"}],"version-history":[{"count":1,"href":"https:\/\/ikimisli.tr\/index.php\/wp-json\/wp\/v2\/posts\/71782\/revisions"}],"predecessor-version":[{"id":71784,"href":"https:\/\/ikimisli.tr\/index.php\/wp-json\/wp\/v2\/posts\/71782\/revisions\/71784"}],"wp:featuredmedia":[{"embeddable":true,"href":"https:\/\/ikimisli.tr\/index.php\/wp-json\/wp\/v2\/media\/71783"}],"wp:attachment":[{"href":"https:\/\/ikimisli.tr\/index.php\/wp-json\/wp\/v2\/media?parent=71782"}],"wp:term":[{"taxonomy":"category","embeddable":true,"href":"https:\/\/ikimisli.tr\/index.php\/wp-json\/wp\/v2\/categories?post=71782"},{"taxonomy":"post_tag","embeddable":true,"href":"https:\/\/ikimisli.tr\/index.php\/wp-json\/wp\/v2\/tags?post=71782"}],"curies":[{"name":"wp","href":"https:\/\/api.w.org\/{rel}","templated":true}]}}