{"id":71788,"date":"2025-08-22T20:44:38","date_gmt":"2025-08-22T20:44:38","guid":{"rendered":"https:\/\/ikimisli.tr\/?p=71788"},"modified":"2025-08-22T20:44:38","modified_gmt":"2025-08-22T20:44:38","slug":"kenyada-aclik-tarikati-sorusturmasinda-yeni-cesetlere-ulasildi","status":"publish","type":"post","link":"https:\/\/ikimisli.tr\/index.php\/2025\/08\/22\/kenyada-aclik-tarikati-sorusturmasinda-yeni-cesetlere-ulasildi\/","title":{"rendered":"Kenya\u2019da A\u00e7l\u0131k Tarikat\u0131 soru\u015fturmas\u0131nda yeni cesetlere ula\u015f\u0131ld\u0131"},"content":{"rendered":"<p>Yetkililer, Kilifi\u2019ye ba\u011fl\u0131 Kwa Binzaro k\u00f6y\u00fc etraf\u0131nda s\u00fcrd\u00fcr\u00fclen hafriyat \u00e7al\u0131\u015fmalar\u0131nda 6 mezardan 5 cesedin \u00e7\u0131kar\u0131ld\u0131\u011f\u0131n\u0131 a\u00e7\u0131klad\u0131. Ayr\u0131yeten y\u00fczeyin farkl\u0131 noktalar\u0131nda 10\u2019a yak\u0131n ceset mod\u00fcl\u00fcne da rastland\u0131. Cesetlerin kimlik tespiti i\u00e7in isimli s\u00fcre\u00e7 ba\u015flat\u0131ld\u0131.<\/p>\n<p>Patolog Dr. Richard Njoroge, b\u00f6lgede y\u00fcr\u00fct\u00fclen hafriyatlarda tak\u0131m\u0131n ba\u015f\u0131nda yer al\u0131yor. Njoroge yapt\u0131\u011f\u0131 a\u00e7\u0131klamada, \u201cBug\u00fcn 6 mezarda \u00e7al\u0131\u015ft\u0131k, bunlardan 5\u2019inde tam cesetlere ula\u015ft\u0131k. Ayr\u0131yeten alana da\u011f\u0131lm\u0131\u015f formda 10 farkl\u0131 ceset kesimi daha bulundu. \u00c7al\u0131\u015fmalar\u0131m\u0131z yar\u0131n da s\u00fcrecek, daha fazla kal\u0131nt\u0131ya ula\u015fmay\u0131 bekliyoruz,\u201d dedi.<\/p>\n<p>Soru\u015fturman\u0131n merkezindeki olaylar, 2023 y\u0131l\u0131nda kamuoyuna yans\u0131m\u0131\u015ft\u0131. Paul Mackenzie adl\u0131 tarikat lideri, \u015eakahola Orman\u0131\u2019nda kurdu\u011fu dini toplulu\u011fa, \u201ca\u00e7 kalarak Hz. \u0130sa\u2019ya kavu\u015facaklar\u0131n\u0131\u201d vaadederek y\u00fczlerce ki\u015finin vefat\u0131na neden olmu\u015ftu.<\/p>\n<p>\u0130lk incelemelerde ormanda 429 ceset bulunmu\u015f, olay\u0131n akabinde 191\u2019i \u00e7ocuk olmak \u00fczere 429 ki\u015finin vefat\u0131na ait soru\u015fturmalar ba\u015flat\u0131lm\u0131\u015ft\u0131. Olay\u0131n akabinde yakla\u015f\u0131k 100 ki\u015fi tarikat\u0131n elinden kurtar\u0131larak muhafaza alt\u0131na al\u0131nm\u0131\u015ft\u0131.<\/p>\n<p>Tarikat lideri Paul Mackenzie ve e\u015fi Joyce Mwikamba da dahil olmak \u00fczere \u00e7ok say\u0131da ki\u015fi g\u00f6zalt\u0131na al\u0131nm\u0131\u015f, haklar\u0131nda kas\u0131tl\u0131 adam \u00f6ld\u00fcrme, azap, \u00e7ocuk istismar\u0131 ve \u00f6rg\u00fctl\u00fc c\u00fcr\u00fcm \u00fczere a\u011f\u0131r su\u00e7lamalar y\u00f6neltilmi\u015fti.<\/p>\n<p>Yetkililer, b\u00f6lgede hala \u00e7ok say\u0131da mezar ve ceset olabilece\u011fini k\u0131ymetlendiriyor. Bu nedenle kaz\u0131lar\u0131n \u00f6n\u00fcm\u00fczdeki g\u00fcnlerde daha da geni\u015fletilmesi bekleniyor.<\/p>\n","protected":false},"excerpt":{"rendered":"<p>Kenya&#8217;n\u0131n Kilifi b\u00f6lgesindeki \u015eakahola Orman\u0131\u2019nda y\u00fcr\u00fct\u00fclen &#8220;a\u00e7l\u0131k tarikat\u0131&#8221; soru\u015fturmas\u0131nda 5 ki\u015finin daha cesedine ula\u015f\u0131ld\u0131. Soru\u015fturma kapsam\u0131nda b\u00f6lgede 27 ku\u015fkulu mezar\u0131n daha bulundu\u011fu belirtilirken, yeni ke\u015fifler olay\u0131n boyutunu daha da a\u011f\u0131rla\u015ft\u0131rd\u0131.<\/p>\n","protected":false},"author":1,"featured_media":71789,"comment_status":"open","ping_status":"open","sticky":false,"template":"","format":"standard","meta":{"footnotes":""},"categories":[43],"tags":[1397],"class_list":["post-71788","post","type-post","status-publish","format-standard","has-post-thumbnail","hentry","category-dunya","tag-ceset"],"_links":{"self":[{"href":"https:\/\/ikimisli.tr\/index.php\/wp-json\/wp\/v2\/posts\/71788","targetHints":{"allow":["GET"]}}],"collection":[{"href":"https:\/\/ikimisli.tr\/index.php\/wp-json\/wp\/v2\/posts"}],"about":[{"href":"https:\/\/ikimisli.tr\/index.php\/wp-json\/wp\/v2\/types\/post"}],"author":[{"embeddable":true,"href":"https:\/\/ikimisli.tr\/index.php\/wp-json\/wp\/v2\/users\/1"}],"replies":[{"embeddable":true,"href":"https:\/\/ikimisli.tr\/index.php\/wp-json\/wp\/v2\/comments?post=71788"}],"version-history":[{"count":1,"href":"https:\/\/ikimisli.tr\/index.php\/wp-json\/wp\/v2\/posts\/71788\/revisions"}],"predecessor-version":[{"id":71790,"href":"https:\/\/ikimisli.tr\/index.php\/wp-json\/wp\/v2\/posts\/71788\/revisions\/71790"}],"wp:featuredmedia":[{"embeddable":true,"href":"https:\/\/ikimisli.tr\/index.php\/wp-json\/wp\/v2\/media\/71789"}],"wp:attachment":[{"href":"https:\/\/ikimisli.tr\/index.php\/wp-json\/wp\/v2\/media?parent=71788"}],"wp:term":[{"taxonomy":"category","embeddable":true,"href":"https:\/\/ikimisli.tr\/index.php\/wp-json\/wp\/v2\/categories?post=71788"},{"taxonomy":"post_tag","embeddable":true,"href":"https:\/\/ikimisli.tr\/index.php\/wp-json\/wp\/v2\/tags?post=71788"}],"curies":[{"name":"wp","href":"https:\/\/api.w.org\/{rel}","templated":true}]}}