{"id":7184,"date":"2025-01-27T01:47:40","date_gmt":"2025-01-27T01:47:40","guid":{"rendered":"https:\/\/ikimisli.tr\/?p=7184"},"modified":"2025-01-27T01:47:40","modified_gmt":"2025-01-27T01:47:40","slug":"sadece-turkiyede-olur-akpli-vekille-ilgili-haberini-yapmadan-gozaltina-alinmis","status":"publish","type":"post","link":"https:\/\/ikimisli.tr\/index.php\/2025\/01\/27\/sadece-turkiyede-olur-akpli-vekille-ilgili-haberini-yapmadan-gozaltina-alinmis\/","title":{"rendered":"Sadece T\u00fcrkiye&#8217;de olur\u2026 AKP\u2019li vekille ilgili haberini yapmadan g\u00f6zalt\u0131na al\u0131nm\u0131\u015f"},"content":{"rendered":"<p>Kocaeli Gazetesi muhabiri Cihat Polat, &#8220;AK Parti\u2019li Kat\u0131rc\u0131o\u011flu&#8217;nun dan\u0131\u015fman\u0131 ve karde\u015fi hakk\u0131nda \u015fok iddialar\u201d ba\u015fl\u0131kl\u0131 haberi nedeniyle \u0130l\u00e7e Jandarma Komutanl\u0131\u011f\u0131 tak\u0131mlar\u0131 taraf\u0131ndan \u00f6\u011flen saatlerinde, Polat ile birlikte haberde a\u00e7\u0131klamalar\u0131na yer verdi\u011fi \u0130zmit Belediyesi\u2019nin CHP\u2019li Meclis \u00dcyesi Naz\u0131m Gen\u00e7t\u00fcrk de g\u00f6zalt\u0131na al\u0131nd\u0131.\u00a0 Polat ve Gen\u00e7t\u00fcrk, \u0130l\u00e7e Jandarma Komutanl\u0131\u011f\u0131&#8217;nda s\u00f6z vermesinin akabinde adliyeye sevk edildi.\u00a0Cihat Polat ile Naz\u0131m Gen\u00e7t\u00fcrk, tabirinin akabinde h\u00fcr b\u0131rak\u0131ld\u0131.\u00a0<\/p>\n<p><b>\u201c<strong>HABER\u0130 DAH\u0130 GE\u00c7MEDEN EV\u0130MDEN ALINDIM\u201d<\/strong><\/b><\/p>\n<p>AKP\u2019li vekil Radiye Sezer Kat\u0131rc\u0131o\u011flu\u2019yla ilgili haber sonras\u0131nda ba\u015f\u0131na gelenleri anlatan gazeteci Cihat Polat, \u00a0\u201cBir kadro savlar vard\u0131 bunun \u00fczerine \u0130zmit Belediyesi\u2019nin CHP\u2019li Meclis \u00dcyesi Naz\u0131m Gen\u00e7t\u00fcrk\u00a0 bana bu mevzuyu a\u00e7t\u0131 kendisinin gidece\u011fini ormanl\u0131k bir toprakta a\u011fa\u00e7lar\u0131n kesilip \u015fahsi bir m\u00fclke \u00e7evrildi\u011fini buraya kap\u0131 yap\u0131ld\u0131\u011f\u0131n\u0131 aktard\u0131. Konteyner oldu\u011fu tez edildi bilmiyorduk. Lakin gitti\u011fimiz orada bir kap\u0131 g\u00f6rd\u00fck kap\u0131n\u0131n da yan\u0131nda da orman uzunluklu boyunca devam ediyor rastgele bir \u00e7it falanda yok. Sonras\u0131nda i\u00e7eriye girdik kar\u015f\u0131m\u0131za bir yap\u0131 denk geldi. Biz a\u011fa\u00e7lar\u0131n kesildi\u011fi bir b\u00f6lge bekliyorduk lakin kar\u015f\u0131m\u0131za bir yap\u0131 \u00e7\u0131kt\u0131 sonras\u0131nda meclis \u00fcyesi bir a\u00e7\u0131klama yapmak istedi\u011fini s\u00f6yledi. Meclis \u00fcyesinin teyitledi\u011fi formda bu yap\u0131n\u0131n ka\u00e7ak ve ruhsats\u0131z oldu\u011fu s\u00f6yledi. Bende manzaral\u0131 bir halde a\u00e7\u0131klamas\u0131n\u0131 ald\u0131m hatta manzaral\u0131 a\u00e7\u0131klamas\u0131n\u0131 kendisine de verdim. B\u00fcsb\u00fct\u00fcn meclis \u00fcyesinin s\u00f6ylediklerini haberle\u015ftirdim. Lakin orada kimsenin ya\u015famad\u0131\u011f\u0131 bir yap\u0131n\u0131n alan\u0131na girdi\u011fim i\u00e7in konut ihlali dokunulmazl\u0131\u011f\u0131 m\u00fcnasebet g\u00f6sterilerek daha haberimi dahi ge\u00e7meden jandarma taraf\u0131ndan evimden tabirim al\u0131nmak \u00fczere \u0130zmit il\u00e7e Jandarma karakoluna g\u00f6t\u00fcr\u00fcld\u00fcm\u201d diye konu\u015ftu.<\/p>\n<p><b><strong>\u201cBEN DE\u011e\u0130L MESLEK G\u00d6ZALTINA ALINDI\u201d<\/strong><\/b><\/p>\n<p>\u0130fadesinden bir saat sonra g\u00f6zalt\u0131 karar\u0131 \u00e7\u0131kt\u0131\u011f\u0131n\u0131 s\u00f6yleyen Polat, \u201c\u0130fademi verdikten sonra \u2018gidebilir miyim?\u2019 diye sordum. \u2018Hay\u0131r\u2019 dediler. Bir saat kald\u0131ktan sonra g\u00f6zalt\u0131 karar\u0131m \u00e7\u0131kt\u0131. Sonras\u0131nda adliyeye g\u00f6t\u00fcr\u00fcld\u00fcm d\u00f6rt saat s\u00fcrd\u00fc adliyeden \u00e7\u0131k\u0131\u015f\u0131m. Burada da tabirimi verdim. Bu ya\u015fad\u0131\u011f\u0131m olay\u0131n 10 Ocak \u00e7al\u0131\u015fan gazeteciler g\u00fcn\u00fcnde olmas\u0131 da asl\u0131nda benim i\u00e7in unutulmaz oldu ger\u00e7ekten. Radiye han\u0131m haberimle ilgili yalanlama bir a\u00e7\u0131klamas\u0131 yapt\u0131. Fakat bir\u00e7ok soruyu da havada b\u0131rakan bir a\u00e7\u0131klama yapt\u0131. Haberimle ilgili g\u00f6zalt\u0131na al\u0131nmama kar\u015f\u0131n biz onu gazetecilikten alm\u0131yoruz demek geriden dolanmak \u00fczere geliyor. Bir gazeteci olarak bir meclis \u00fcyesinden \u015furada bir haber var ben y\u00fcr\u00fcyorum sende gel dedi\u011fi noktada teze nazaran bir ka\u00e7ak yap\u0131n\u0131n alan\u0131na girdi\u011fimde konut ihlali arg\u00fcman\u0131yla sabah g\u00f6zalt\u0131na al\u0131n\u0131yorsam hem de meclis \u00fcyesinden evvel g\u00f6zalt\u0131na al\u0131n\u0131yorsam burada g\u00f6zalt\u0131na al\u0131nan meslektir ben de\u011filimdir. G\u00f6zalt\u0131 s\u00fcrecinde 8 saat adliye kap\u0131lar\u0131nda bekleyerek benimle dayan\u0131\u015fma halinde olan TGS\u2019ye, Kocaeli Gazeteciler Cemiyetindeki meslekta\u015flar\u0131ma \u00e7ok te\u015fekk\u00fcr ederim.\u201d tabirlerini kulland\u0131.<\/p>\n","protected":false},"excerpt":{"rendered":"<p>AKP Kocaeli Milletvekili Radiye Sezer Kat\u0131rc\u0131o\u011flu&#8217;nun akrabas\u0131na ili\u015fkin oldu\u011fu ve ormanl\u0131k alanda bulunan teze nazaran ka\u00e7ak in\u015faat halindeki konut alan\u0131na \u0130zmit Belediye meclis \u00fcyesi Naz\u0131m Gen\u00e7t\u00fcrk ile giden sonras\u0131nda haberini dahi yay\u0131nlamadan g\u00f6zalt\u0131na al\u0131nan Kocaeli Gazetesi muhabiri Cihat Polat, S\u00d6ZC\u00dc\u2019ye konu\u015ftu.\u00a0 Polat, \u201cKonut ihlali dokunulmazl\u0131\u011f\u0131 m\u00fcnasebet g\u00f6sterilerek daha haberimi dahi ge\u00e7meden evimden tabirim al\u0131nmak \u00fczere al\u0131nd\u0131m\u201d dedi.<\/p>\n","protected":false},"author":1,"featured_media":7185,"comment_status":"open","ping_status":"open","sticky":false,"template":"","format":"standard","meta":{"footnotes":""},"categories":[25],"tags":[1610,1807,638,1596,292],"class_list":["post-7184","post","type-post","status-publish","format-standard","has-post-thumbnail","hentry","category-gundem","tag-gozaltina","tag-ifade","tag-meclis-uyesi","tag-polat","tag-yapi"],"_links":{"self":[{"href":"https:\/\/ikimisli.tr\/index.php\/wp-json\/wp\/v2\/posts\/7184","targetHints":{"allow":["GET"]}}],"collection":[{"href":"https:\/\/ikimisli.tr\/index.php\/wp-json\/wp\/v2\/posts"}],"about":[{"href":"https:\/\/ikimisli.tr\/index.php\/wp-json\/wp\/v2\/types\/post"}],"author":[{"embeddable":true,"href":"https:\/\/ikimisli.tr\/index.php\/wp-json\/wp\/v2\/users\/1"}],"replies":[{"embeddable":true,"href":"https:\/\/ikimisli.tr\/index.php\/wp-json\/wp\/v2\/comments?post=7184"}],"version-history":[{"count":1,"href":"https:\/\/ikimisli.tr\/index.php\/wp-json\/wp\/v2\/posts\/7184\/revisions"}],"predecessor-version":[{"id":7186,"href":"https:\/\/ikimisli.tr\/index.php\/wp-json\/wp\/v2\/posts\/7184\/revisions\/7186"}],"wp:featuredmedia":[{"embeddable":true,"href":"https:\/\/ikimisli.tr\/index.php\/wp-json\/wp\/v2\/media\/7185"}],"wp:attachment":[{"href":"https:\/\/ikimisli.tr\/index.php\/wp-json\/wp\/v2\/media?parent=7184"}],"wp:term":[{"taxonomy":"category","embeddable":true,"href":"https:\/\/ikimisli.tr\/index.php\/wp-json\/wp\/v2\/categories?post=7184"},{"taxonomy":"post_tag","embeddable":true,"href":"https:\/\/ikimisli.tr\/index.php\/wp-json\/wp\/v2\/tags?post=7184"}],"curies":[{"name":"wp","href":"https:\/\/api.w.org\/{rel}","templated":true}]}}