{"id":71879,"date":"2025-08-23T01:32:38","date_gmt":"2025-08-23T01:32:38","guid":{"rendered":"https:\/\/ikimisli.tr\/?p=71879"},"modified":"2025-08-23T01:32:38","modified_gmt":"2025-08-23T01:32:38","slug":"ev-hapsindekiler-restoranlarda-fink-atiyor","status":"publish","type":"post","link":"https:\/\/ikimisli.tr\/index.php\/2025\/08\/23\/ev-hapsindekiler-restoranlarda-fink-atiyor\/","title":{"rendered":"Ev hapsindekiler restoranlarda fink at\u0131yor"},"content":{"rendered":"<p>CHP lideri \u00d6zg\u00fcr \u00d6zel, 18\u2019inci kere Silivri\u2019de tutuklu \u0130BB Ba\u015fkan\u0131 Ekrem \u0130mamo\u011flu\u2019nu ziyaret etti. \u00d6zel, ziyaretin akabinde bir iddiay\u0131 da lisana getirdi ve \u00f6zetle \u015funlar\u0131 s\u00f6yledi: \u201cBug\u00fcn yap\u0131lan cezaland\u0131rma de\u011fil, \u00f6n infaz. Mussolini\u2019nin yapt\u0131\u011f\u0131 \u00fczere&#8230; Ak Toroslar \u00e7etesi i\u00e7in g\u00fc\u00e7 g\u00fcnler ba\u015flad\u0131, haydi iddianameyi yaz\u0131n da g\u00f6relim. Bir ay i\u00e7inde insan i\u00e7ine \u00e7\u0131kamayacaks\u0131n\u0131z diyorlard\u0131, h\u00e2l\u00e2 buraday\u0131z, mitingler yap\u0131yoruz, onbinler y\u00fczbinler geliyor. \u0130ftiranameler ayaklar\u0131na doland\u0131.<\/p>\n<p><b>\u2018BU \u0130\u015e S\u0130Z\u0130 ZORLAR\u2019<\/b><\/p>\n<p>\u00d6zel, \u015f\u00f6yle devam etti: \u201cAparat avukat Mehmet ev hapsinde. Bir Mehmet\u2019i baroya sormadan tutuklama bir tarafta m\u00fcsaade al\u0131n\u0131p mesken mahpusu verilen Mehmet yahut M\u00fccahit&#8230; Alsana o Mehmet\u2019i i\u00e7eri. Devlet Bey de istiyor, haydi o iftiranamelerden bir iddianame yaz\u0131n. Bir Mehmet\u2019e tutuklama, bir M\u00fccahit\u2019e s\u00fcre\u00e7 ba\u015flatma neden? Konut mahpusunda tuttuklar\u0131 \u0130stanbul\u2019da restoranlarda fink at\u0131yor. Bu i\u015f bu vakitten sonra \u00e7ok zorlar sizi. HSK\u2019ya verdiklerimizi verdik. Bakal\u0131m Ak Toroslar \u00e7etesini da\u011f\u0131tmaya ne vakit c\u00fcret edecekler?\u201d<\/p>\n<p><b>&#8216;HAD B\u0130LD\u0130R\u0130YOR&#8217;<\/b><\/p>\n<p>Su\u00e7 \u00f6rg\u00fct\u00fc y\u00f6neticili\u011fi su\u00e7lamas\u0131yla tutuklanan Selahattin Y\u0131lmaz\u2019\u0131 hat\u0131rlatan \u00d6zel, \u201cAK Toroslar \u00e7etesi da\u011f\u0131t\u0131lmad\u0131k\u00e7a kendi g\u00fcc\u00fcn\u00fc takdim etmek i\u00e7in \u2018iddianameyi yaz diyen\u2019 Devlet Bah\u00e7eli\u2019ye had bildiriyor. \u2018\u0130ddianameyi yaz diyen\u2019 yak\u0131n arkada\u015f\u0131 Selahattin beyefendisi al\u0131yor i\u00e7eriye koyuyor. Sabah gazetesine bu man\u015fetleri kim att\u0131r\u0131yor?\u201d diye sordu. \u201cAK Toroslar \u00e7etesine meydan okuyorum\u201d diyen \u00d6zel, \u201cBu zulm\u00fcn sonu gelecek. \u0130tiraf\u00e7\u0131lar\u0131n yanda\u015f avukat bask\u0131s\u0131yla yapt\u0131\u011f\u0131 b\u00fct\u00fcn ba\u011flant\u0131 a\u011flar\u0131 teker teker de\u015fifre olurken yaz bakal\u0131m iddianameyi \u00f6n\u00fcnden gerisinden ne \u00e7\u0131kacak\u201d s\u00f6zlerini kulland\u0131.<\/p>\n<p><b>\u2018AHLAKSIZ \u0130FT\u0130RALAR SONUCU TUTUKLANDIM&#8217;<\/b><\/p>\n<p>Tutuklanarak Silivri\u2019deki Marmara Cezaevi\u2019ne g\u00f6nderilen CHP\u2019li Beyo\u011flu Belediye Ba\u015fkan\u0131 \u0130nan G\u00fcney, sosyal medya hesab\u0131ndan bildiri yay\u0131nlad\u0131. \u0130nan G\u00fcney\u2019in iletisi \u015f\u00f6yle: \u201cBeyo\u011flu beni tan\u0131r. Ahlaks\u0131z, pervas\u0131z iftiralar sonucu tutukland\u0131m. Bu vakte kadar onurumla, namusumla ya\u015fad\u0131m. E\u011filmedim, b\u00fck\u00fclmedim. Ailemin sofras\u0131na bir lokma haram katmad\u0131m. Ailemin, dostlar\u0131m\u0131n d\u00f6kt\u00fc\u011f\u00fc g\u00f6zya\u015f\u0131na sebep olan iftirac\u0131lar ile hukuk \u00f6n\u00fcnde sonuna kadar hesapla\u015faca\u011f\u0131m. Ben \u00fclkem i\u00e7in gerekli bedeli ba\u015f\u0131m\u0131 bir santim e\u011fmeden \u00f6deyecek, aln\u0131m ak bi\u00e7imde \u00e7\u0131kaca\u011f\u0131m. O vakte dek, Beyo\u011flu size emanet.\u201d<\/p>\n","protected":false},"excerpt":{"rendered":"<p>CHP Genel Ba\u015fkan\u0131 \u00d6zg\u00fcr \u00d6zel, Ekrem \u0130mamo\u011flu&#8217;nu tutuklu bulundu\u011fu cezaevinde ziyaret etti. G\u00f6r\u00fc\u015fmenin akabinde konu\u015fan \u00d6zel, &#8220;Ev mahpusunda tuttuklar\u0131 \u0130stanbul&#8217;da restoranlarda fink at\u0131yor&#8221; dedi.<\/p>\n","protected":false},"author":1,"featured_media":71880,"comment_status":"open","ping_status":"open","sticky":false,"template":"","format":"standard","meta":{"footnotes":""},"categories":[25],"tags":[1626,2507,1293,4832],"class_list":["post-71879","post","type-post","status-publish","format-standard","has-post-thumbnail","hentry","category-gundem","tag-bey","tag-iddianame","tag-mehmet","tag-yaz"],"_links":{"self":[{"href":"https:\/\/ikimisli.tr\/index.php\/wp-json\/wp\/v2\/posts\/71879","targetHints":{"allow":["GET"]}}],"collection":[{"href":"https:\/\/ikimisli.tr\/index.php\/wp-json\/wp\/v2\/posts"}],"about":[{"href":"https:\/\/ikimisli.tr\/index.php\/wp-json\/wp\/v2\/types\/post"}],"author":[{"embeddable":true,"href":"https:\/\/ikimisli.tr\/index.php\/wp-json\/wp\/v2\/users\/1"}],"replies":[{"embeddable":true,"href":"https:\/\/ikimisli.tr\/index.php\/wp-json\/wp\/v2\/comments?post=71879"}],"version-history":[{"count":1,"href":"https:\/\/ikimisli.tr\/index.php\/wp-json\/wp\/v2\/posts\/71879\/revisions"}],"predecessor-version":[{"id":71881,"href":"https:\/\/ikimisli.tr\/index.php\/wp-json\/wp\/v2\/posts\/71879\/revisions\/71881"}],"wp:featuredmedia":[{"embeddable":true,"href":"https:\/\/ikimisli.tr\/index.php\/wp-json\/wp\/v2\/media\/71880"}],"wp:attachment":[{"href":"https:\/\/ikimisli.tr\/index.php\/wp-json\/wp\/v2\/media?parent=71879"}],"wp:term":[{"taxonomy":"category","embeddable":true,"href":"https:\/\/ikimisli.tr\/index.php\/wp-json\/wp\/v2\/categories?post=71879"},{"taxonomy":"post_tag","embeddable":true,"href":"https:\/\/ikimisli.tr\/index.php\/wp-json\/wp\/v2\/tags?post=71879"}],"curies":[{"name":"wp","href":"https:\/\/api.w.org\/{rel}","templated":true}]}}