{"id":72105,"date":"2025-08-23T14:44:43","date_gmt":"2025-08-23T14:44:43","guid":{"rendered":"https:\/\/ikimisli.tr\/?p=72105"},"modified":"2025-08-23T14:44:43","modified_gmt":"2025-08-23T14:44:43","slug":"izmir-ve-canakkalede-orman-yanginlariyla-mucadele-suruyor","status":"publish","type":"post","link":"https:\/\/ikimisli.tr\/index.php\/2025\/08\/23\/izmir-ve-canakkalede-orman-yanginlariyla-mucadele-suruyor\/","title":{"rendered":"\u0130zmir ve \u00c7anakkale&#8217;de orman yang\u0131nlar\u0131yla m\u00fccadele s\u00fcr\u00fcyor"},"content":{"rendered":"<p>T\u00fcrkiye&#8217;de 22 A\u011fustos&#8217;ta orman yang\u0131nlar\u0131yla u\u011fra\u015f ediyor.<\/p>\n<p>Ba\u015fta \u0130zmir olmak \u00fczere \u00c7anakkale, Malatya, \u0130stanbul ve bir\u00e7ok orman yang\u0131nlar\u0131 \u00e7\u0131kt\u0131.<\/p>\n<p>\u0130\u015fte T\u00fcrkiye&#8217;de 11 A\u011fustos&#8217;ta orman yang\u0131nlar\u0131nda son durum&#8230;<\/p>\n<p><img decoding=\"async\" src=\"https:\/\/ikimisli.tr\/wp-content\/uploads\/2025\/08\/izmir-ve-canakkalede-orman-yanginlariyla-mucadele-suruyor-0-pY5jsRq6.jpg\"\/><\/p>\n<p><strong>\u0130zmir<\/strong><\/p>\n<p>Menderes&#8217;in Zahmet Mahallesi&#8217;ndeki ormanda saat 12.30 s\u0131ralar\u0131nda yang\u0131n \u00e7\u0131kt\u0131.<\/p>\n<p>\u0130hbarla \u0130zmir Orman B\u00f6lge M\u00fcd\u00fcrl\u00fc\u011f\u00fc\u2019ne ba\u011fl\u0131 hava \u00f6geleri ile \u00e7ok say\u0131da araz\u00f6z ve orman emek\u00e7isi b\u00f6lgeye sevk edildi.<\/p>\n<p><img decoding=\"async\" src=\"https:\/\/ikimisli.tr\/wp-content\/uploads\/2025\/08\/izmir-ve-canakkalede-orman-yanginlariyla-mucadele-suruyor-1-UUXewcZv.jpg\"\/><\/p>\n<p>Hen\u00fcz belirlenemeyen nedenle \u00e7\u0131kan yang\u0131nda, alevlere havadan ve karadan m\u00fcdahale s\u00fcr\u00fcyor.<\/p>\n<p>\u0130zmir&#8217;de Haziran ay\u0131nda Menderes ve Seferihisar&#8217;da 5 mahalle tahliye edilmi\u015f ayr\u0131yeten havaalan\u0131 da kapat\u0131lm\u0131\u015ft\u0131. <\/p>\n<p><img decoding=\"async\" src=\"https:\/\/ikimisli.tr\/wp-content\/uploads\/2025\/08\/izmir-ve-canakkalede-orman-yanginlariyla-mucadele-suruyor-2-TXd7aMJq.jpg\"\/><\/p>\n<p><strong>\u00c7anakkale<\/strong><\/p>\n<p>Gelibolu il\u00e7esine ba\u011fl\u0131 Ilgardere k\u00f6y\u00fc yak\u0131nlar\u0131ndaki alanda \u015fimdi belirlenemeyen bir nedenle yang\u0131n \u00e7\u0131kt\u0131.<\/p>\n<p>\u0130hbar \u00fczerine b\u00f6lgeye \u00c7anakkale Orman B\u00f6lge M\u00fcd\u00fcrl\u00fc\u011f\u00fc ve itfaiye tak\u0131mlar\u0131 sevk edildi.<\/p>\n<p><img decoding=\"async\" src=\"https:\/\/ikimisli.tr\/wp-content\/uploads\/2025\/08\/izmir-ve-canakkalede-orman-yanginlariyla-mucadele-suruyor-3-nbXXGdnU.jpg\"\/><\/p>\n<p>Ekipler, yang\u0131n\u0131 denetim alt\u0131na almak i\u00e7in havadan ve karadan m\u00fcdahale ediyor.<\/p>\n<p><img decoding=\"async\" src=\"https:\/\/ikimisli.tr\/wp-content\/uploads\/2025\/08\/izmir-ve-canakkalede-orman-yanginlariyla-mucadele-suruyor-4-ZMcvrIiF.jpg\"\/><\/p>\n<p>Orman Genel M\u00fcd\u00fcrl\u00fc\u011f\u00fcn\u00fcn NSosyal&#8217;deki hesab\u0131ndan yap\u0131lan a\u00e7\u0131klamada, &#8220;9 u\u00e7ak, 6 helikopter, 15 araz\u00f6z, 1 i\u015f makinesi, 128 \u00e7al\u0131\u015fanla Ilgardere mevkisinde \u00e7\u0131kan yang\u0131na havadan ve karadan m\u00fcdahale ediyoruz. Yang\u0131n\u0131 bir an \u00f6nce denetim alt\u0131na almak i\u00e7in u\u011fra\u015f\u0131m\u0131z devam ediyor.&#8221; s\u00f6zlerine yer verildi.<\/p>\n<p><img decoding=\"async\" src=\"https:\/\/ikimisli.tr\/wp-content\/uploads\/2025\/08\/izmir-ve-canakkalede-orman-yanginlariyla-mucadele-suruyor-5-6yRVV5uZ.jpg\"\/><\/p>\n<p><strong>Malatya<\/strong><\/p>\n<p>Do\u011fanyol il\u00e7esinde Bur\u00e7 Mahallesi&#8217;nde me\u015fe a\u011fa\u00e7lar\u0131n\u0131n bulundu\u011fu ormanda, saat 15.00 s\u0131ralar\u0131nda yang\u0131n \u00e7\u0131kt\u0131.<\/p>\n<p>K\u0131sa m\u00fcddette b\u00fcy\u00fcyen alevleri fark eden k\u00f6yl\u00fcler, durumu 112 Acil Davet Merkezi&#8217;ne bildirdi. Yang\u0131n b\u00f6lgesine sevk edilen itfaiye tak\u0131mlar\u0131, yang\u0131na m\u00fcdahale etmeye ba\u015flad\u0131. <\/p>\n<p><img decoding=\"async\" src=\"https:\/\/ikimisli.tr\/wp-content\/uploads\/2025\/08\/izmir-ve-canakkalede-orman-yanginlariyla-mucadele-suruyor-6-WNM4my9w.jpg\"\/><\/p>\n<p>S\u00f6nd\u00fcrme \u00e7al\u0131\u015fmalar\u0131 devam ediyor.<\/p>\n<p><strong>Mu\u011fla<\/strong><\/p>\n<p>Yata\u011fan il\u00e7esine ba\u011fl\u0131 Hac\u0131veliler Mahallesi&#8217;ndeki ormanl\u0131k alanda \u015fimdi belirlenemeyen nedenle yang\u0131n \u00e7\u0131kt\u0131.<\/p>\n<p>\u0130hbar \u00fczerine olay yerine Mu\u011fla Orman B\u00f6lge M\u00fcd\u00fcrl\u00fc\u011f\u00fcnden 5 helikopter, 2 u\u00e7ak ve araz\u00f6z ile orman \u00e7al\u0131\u015fanlar\u0131 sevk edildi.<\/p>\n<p>Ekipler, yang\u0131n\u0131 denetim alt\u0131na almak i\u00e7in \u00e7al\u0131\u015fmalar\u0131n\u0131 s\u00fcrd\u00fcr\u00fcyor.<\/p>\n","protected":false},"excerpt":{"rendered":"<p>\u0130zmir&#8217;in Menderes il\u00e7esi ile \u00c7anakkale&#8217;nin Gelibolu il\u00e7esinde ormanl\u0131k alanda yang\u0131n \u00e7\u0131kt\u0131. Alevlerle \u00e7aba karadan ve havadan s\u00fcr\u00fcyor.<\/p>\n","protected":false},"author":1,"featured_media":72106,"comment_status":"open","ping_status":"open","sticky":false,"template":"","format":"standard","meta":{"footnotes":""},"categories":[25],"tags":[1655,844,161,505,64],"class_list":["post-72105","post","type-post","status-publish","format-standard","has-post-thumbnail","hentry","category-gundem","tag-bolge","tag-cikti","tag-hava","tag-orman","tag-yangin"],"_links":{"self":[{"href":"https:\/\/ikimisli.tr\/index.php\/wp-json\/wp\/v2\/posts\/72105","targetHints":{"allow":["GET"]}}],"collection":[{"href":"https:\/\/ikimisli.tr\/index.php\/wp-json\/wp\/v2\/posts"}],"about":[{"href":"https:\/\/ikimisli.tr\/index.php\/wp-json\/wp\/v2\/types\/post"}],"author":[{"embeddable":true,"href":"https:\/\/ikimisli.tr\/index.php\/wp-json\/wp\/v2\/users\/1"}],"replies":[{"embeddable":true,"href":"https:\/\/ikimisli.tr\/index.php\/wp-json\/wp\/v2\/comments?post=72105"}],"version-history":[{"count":1,"href":"https:\/\/ikimisli.tr\/index.php\/wp-json\/wp\/v2\/posts\/72105\/revisions"}],"predecessor-version":[{"id":72114,"href":"https:\/\/ikimisli.tr\/index.php\/wp-json\/wp\/v2\/posts\/72105\/revisions\/72114"}],"wp:featuredmedia":[{"embeddable":true,"href":"https:\/\/ikimisli.tr\/index.php\/wp-json\/wp\/v2\/media\/72106"}],"wp:attachment":[{"href":"https:\/\/ikimisli.tr\/index.php\/wp-json\/wp\/v2\/media?parent=72105"}],"wp:term":[{"taxonomy":"category","embeddable":true,"href":"https:\/\/ikimisli.tr\/index.php\/wp-json\/wp\/v2\/categories?post=72105"},{"taxonomy":"post_tag","embeddable":true,"href":"https:\/\/ikimisli.tr\/index.php\/wp-json\/wp\/v2\/tags?post=72105"}],"curies":[{"name":"wp","href":"https:\/\/api.w.org\/{rel}","templated":true}]}}