{"id":72131,"date":"2025-08-23T15:56:36","date_gmt":"2025-08-23T15:56:36","guid":{"rendered":"https:\/\/ikimisli.tr\/?p=72131"},"modified":"2025-08-23T15:56:36","modified_gmt":"2025-08-23T15:56:36","slug":"60-yil-sonra-ilk-kez-goruldu-bakan-yumaklidan-endiselendiren-aciklama","status":"publish","type":"post","link":"https:\/\/ikimisli.tr\/index.php\/2025\/08\/23\/60-yil-sonra-ilk-kez-goruldu-bakan-yumaklidan-endiselendiren-aciklama\/","title":{"rendered":"60 y\u0131l sonra ilk kez g\u00f6r\u00fcld\u00fc! Bakan Yumakl\u0131&#8217;dan endi\u015felendiren a\u00e7\u0131klama"},"content":{"rendered":"<p>T\u00fcrkiye&#8217;de son devirde \u00e7ok say\u0131da b\u00fcy\u00fckba\u015f hayvan\u0131n \u00f6lmesine neden olan \u015fap hastal\u0131\u011f\u0131 git gide yay\u0131l\u0131yor.<\/p>\n<p>\u00c7orum Dam\u0131zl\u0131k S\u0131\u011f\u0131r Yeti\u015ftiricileri Birli\u011finin yeni hizmet binas\u0131n\u0131n a\u00e7\u0131l\u0131\u015f merasimine kat\u0131lan\u00a0<br \/>Tar\u0131m ve Orman Bakan\u0131 \u0130brahim Yumakl\u0131 da \u015fap hastal\u0131\u011f\u0131na ait de\u011ferli a\u00e7\u0131klamada bulundu.<\/p>\n<p>Bakan \u0130brahim Yumakl\u0131, \u015fap hastal\u0131\u011f\u0131 nedeniyle Edirne, \u0130stanbul, Tekirda\u011f, \u00c7anakkale, K\u0131rklareli, Hakkari ve Van&#8217;da k\u0131s\u0131tlamalar\u0131 kald\u0131rd\u0131klar\u0131n\u0131, hayvan pazarlar\u0131n\u0131 a\u00e7t\u0131klar\u0131n\u0131 belirterek, \u00f6n\u00fcm\u00fczdeki hafta i\u00e7lerinde \u00c7orum&#8217;un da oldu\u011fu 17 vilayette de hayvan pazarlar\u0131n\u0131n a\u00e7\u0131laca\u011f\u0131n\u0131 duyurdu.<\/p>\n<p><img decoding=\"async\" src=\"https:\/\/ikimisli.tr\/wp-content\/uploads\/2025\/08\/60-yil-sonra-ilk-kez-goruldu-bakan-yumaklidan-endiselendiren-aciklama-0-NFlsDEdS.jpg\"\/><\/p>\n<p><b>&#8217;60 YIL SONRA B\u0130R\u0130NC\u0130 SEFER G\u00d6R\u00dcLD\u00dc&#8217;<\/b><\/p>\n<p>\u015eap hastal\u0131\u011f\u0131n\u0131n bakanl\u0131\u011f\u0131n g\u00fcndeminde oldu\u011funu belirten Yumakl\u0131, \u201cT\u00fcrkiye\u2019de \u015fap hastal\u0131\u011f\u0131n\u0131n yeni bir \u00e7e\u015fidinin 1965 y\u0131l\u0131ndan bu yana birinci sefer g\u00f6r\u00fcld\u00fc. \u015eap hastal\u0131\u011f\u0131n\u0131 birinci fark etti\u011fimiz andan itibaren hayvan pazarlar\u0131 ba\u015fta olmak \u00fczere hayvan hareketlerini k\u0131s\u0131tlayarak bu hastal\u0131\u011f\u0131n yay\u0131lmas\u0131n\u0131 engelledik&#8221; tabirlerini kulland\u0131.<\/p>\n<p>Bakan Yumakl\u0131, s\u00f6zlerini \u015f\u00f6yle s\u00fcrd\u00fcrd\u00fc:<\/p>\n<p>&#8220;Bizim \u00e7ok kadim kurumlar\u0131m\u0131z var. \u015eap enstit\u00fcs\u00fc de bunlardan bir tanesi. \u00c7abucak bu yeni serotipe kar\u015f\u0131 a\u015f\u0131y\u0131 \u00fcretti. Ve hamdolsun bug\u00fcn 11 milyon doz a\u015f\u0131y\u0131 s\u00fcratlice alana s\u00fcrerek hayvanlar\u0131m\u0131z\u0131n a\u015f\u0131lanmas\u0131na devam ettik. A\u015f\u0131lama oran\u0131 y\u00fczde 85&#8217;in \u00fczerine gelen vilayetlerimizde de hastal\u0131\u011f\u0131n riskinin azald\u0131\u011f\u0131n\u0131 g\u00f6zlemliyoruz. Bu kapsamda Edirne, \u0130stanbul, Tekirda\u011f, \u00c7anakkale K\u0131rklareli, Hakkari ve Van&#8217;da k\u0131s\u0131tlamalar\u0131 kald\u0131rd\u0131k. Hayvan pazarlar\u0131n\u0131 yine a\u00e7t\u0131k. \u0130n\u015fallah \u00f6n\u00fcm\u00fczdeki hafta i\u00e7lerinde \u00c7orum&#8217;un da oldu\u011fu \u00fczere 17 vilayetimizin daha hayvan pazarlar\u0131n\u0131 a\u00e7arak burada da bu rahatlamay\u0131 sa\u011flam\u0131\u015f olaca\u011f\u0131z. \u00dcreticilerimiz de nefes olacak.&#8221;<\/p>\n<p>\u00dcreticileri \u015fap hastal\u0131\u011f\u0131na kar\u015f\u0131 \u00f6nlemli ve dikkatli olmaya davet eden Bakan Yumakl\u0131, T\u00fcrkiye&#8217;de k\u0131rm\u0131z\u0131 et tedarikinde sorun bulunmad\u0131\u011f\u0131n\u0131, \u015fap hastal\u0131\u011f\u0131n\u0131n da hayvandan be\u015fere ge\u00e7en bir hastal\u0131k olmad\u0131\u011f\u0131n\u0131 belirtti.<\/p>\n","protected":false},"excerpt":{"rendered":"<p>Son periyotta hayvanc\u0131lar\u0131n muzdarip oldu\u011fu \u015fap hastal\u0131\u011f\u0131na ait a\u00e7\u0131klama yapan Tar\u0131m Bakan\u0131 \u0130brahim Yumakl\u0131, bunun yeni bir \u00e7e\u015fidinin 1965&#8217;ten bu yana birinci sefer g\u00f6r\u00fcld\u00fc\u011f\u00fcn\u00fc kaydetti.<\/p>\n","protected":false},"author":1,"featured_media":72132,"comment_status":"open","ping_status":"open","sticky":false,"template":"","format":"standard","meta":{"footnotes":""},"categories":[25],"tags":[262,8619,4718,264],"class_list":["post-72131","post","type-post","status-publish","format-standard","has-post-thumbnail","hentry","category-gundem","tag-bakan","tag-hayvan-pazarlari","tag-sap-hastaligi","tag-yumakli"],"_links":{"self":[{"href":"https:\/\/ikimisli.tr\/index.php\/wp-json\/wp\/v2\/posts\/72131","targetHints":{"allow":["GET"]}}],"collection":[{"href":"https:\/\/ikimisli.tr\/index.php\/wp-json\/wp\/v2\/posts"}],"about":[{"href":"https:\/\/ikimisli.tr\/index.php\/wp-json\/wp\/v2\/types\/post"}],"author":[{"embeddable":true,"href":"https:\/\/ikimisli.tr\/index.php\/wp-json\/wp\/v2\/users\/1"}],"replies":[{"embeddable":true,"href":"https:\/\/ikimisli.tr\/index.php\/wp-json\/wp\/v2\/comments?post=72131"}],"version-history":[{"count":1,"href":"https:\/\/ikimisli.tr\/index.php\/wp-json\/wp\/v2\/posts\/72131\/revisions"}],"predecessor-version":[{"id":72134,"href":"https:\/\/ikimisli.tr\/index.php\/wp-json\/wp\/v2\/posts\/72131\/revisions\/72134"}],"wp:featuredmedia":[{"embeddable":true,"href":"https:\/\/ikimisli.tr\/index.php\/wp-json\/wp\/v2\/media\/72132"}],"wp:attachment":[{"href":"https:\/\/ikimisli.tr\/index.php\/wp-json\/wp\/v2\/media?parent=72131"}],"wp:term":[{"taxonomy":"category","embeddable":true,"href":"https:\/\/ikimisli.tr\/index.php\/wp-json\/wp\/v2\/categories?post=72131"},{"taxonomy":"post_tag","embeddable":true,"href":"https:\/\/ikimisli.tr\/index.php\/wp-json\/wp\/v2\/tags?post=72131"}],"curies":[{"name":"wp","href":"https:\/\/api.w.org\/{rel}","templated":true}]}}