{"id":72158,"date":"2025-08-23T17:32:37","date_gmt":"2025-08-23T17:32:37","guid":{"rendered":"https:\/\/ikimisli.tr\/?p=72158"},"modified":"2025-08-23T17:32:37","modified_gmt":"2025-08-23T17:32:37","slug":"akpye-gecen-belediye-baskani-ilk-is-olarak-kadro-dagitti","status":"publish","type":"post","link":"https:\/\/ikimisli.tr\/index.php\/2025\/08\/23\/akpye-gecen-belediye-baskani-ilk-is-olarak-kadro-dagitti\/","title":{"rendered":"AKP&#8217;ye ge\u00e7en belediye ba\u015fkan\u0131 ilk i\u015f olarak kadro da\u011f\u0131tt\u0131"},"content":{"rendered":"<p>CHP\u2019den istifa ederek AKP\u2019ye ge\u00e7en Umut Y\u0131lmaz\u2019\u0131n idaresinde bulunan Gaziantep&#8217;in \u015eehitkamil Belediyesi, 50 zab\u0131ta memuru al\u0131m\u0131 i\u00e7in ilana \u00e7\u0131kt\u0131. Lakin ilandaki nitelikler dikkat al\u0131ml\u0131. M\u00fchendislikten mimarl\u0131\u011fa, veterinerlikten kamu idaresine kadar bir\u00e7ok lisans k\u0131sm\u0131 mezunu olma ko\u015fulu, kamuoyunda yans\u0131lara neden oldu.<\/p>\n<p><b>ZABITA ALIMINDA \u201cY\u00dcKSEK E\u011e\u0130T\u0130M\u201d \u015eARTI<\/b><\/p>\n<p>\u0130lana nazaran, zab\u0131ta memuru olmak isteyenlerin mimarl\u0131k, elektrik m\u00fchendisli\u011fi, etraf m\u00fchendisli\u011fi, besin m\u00fchendisli\u011fi, makine m\u00fchendisli\u011fi, in\u015faat m\u00fchendisli\u011fi, kent ve b\u00f6lge planlama, peyzaj mimarl\u0131\u011f\u0131, veterinerlik, iktisat, i\u015fletme ve kamu idaresi \u00fczere k\u0131s\u0131mlardan mezun olmas\u0131 gerekiyor. Tak\u0131m ilan\u0131nda yer alan bu kaideler, kamu vazifesine al\u0131mlarda liyakat yerine torpilin temel al\u0131nd\u0131\u011f\u0131 istikametindeki tenkitleri g\u00fcndeme getirdi. \u0130lan\u0131n nitelikli kimi isimleri \u201czab\u0131ta\u201d tak\u0131m\u0131yla kamuda i\u015fe yerle\u015ftirmek i\u00e7in haz\u0131rland\u0131\u011f\u0131 \u00f6ne s\u00fcr\u00fcl\u00fcyor.<\/p>\n<p><b>&#8220;BU, B\u0130R H\u0130ZMET DE\u011e\u0130L, BEDEL \u00d6DEME OPERASYONUDUR&#8221;<\/b><\/p>\n<p>Gaziantep B\u00fcy\u00fck\u015fehir Belediyesi CHP Meclis \u00dcyesi Hasan \u015eencan da ilanla ilgili \u015eehitkamil Belediyesi\u2019nin AKP\u2019ye ge\u00e7i\u015f s\u00fcrecine i\u015faret etti. \u015eencan S\u00d6ZC\u00dc\u2019ye yapt\u0131\u011f\u0131 a\u00e7\u0131klamada AKP\u2019li lidere \u015fu s\u00f6zlerle reaksiyon g\u00f6sterdi:<\/p>\n<p>&#8211; \u015eehitkamil Belediyesi\u2019nin, AKP\u2019ye masa ba\u015f\u0131nda devredildi\u011fi g\u00fcnden bu yana sergiledi\u011fi skandal kararlar, halk\u0131m\u0131z\u0131n vicdan\u0131n\u0131 bir defa daha yaralam\u0131\u015ft\u0131r. Son olarak, 50 zab\u0131ta memuru al\u0131m\u0131 i\u00e7in a\u00e7\u0131klanan kaideler, adeta ak\u0131l ve ahlak sonlar\u0131n\u0131 zorlamaktad\u0131r. M\u00fchendislik, veterinerlik, mimarl\u0131k \u00fczere y\u00fcksek e\u011fitim gerektiren ko\u015fullarla zab\u0131ta tak\u0131m\u0131 a\u00e7\u0131lmas\u0131, \u201cadrese teslim kadro\u201d ku\u015fkusunu a\u00e7\u0131k\u00e7a ortaya koymaktad\u0131r. Bu, kamu kaynaklar\u0131n\u0131n bir avu\u00e7 yanda\u015fa pe\u015fke\u015f \u00e7ekildi\u011finin aleni bir g\u00f6stergesidir.<\/p>\n<p>&#8211; Masaba\u015f\u0131 pazarl\u0131klarla, halk\u0131n iradesini hi\u00e7e sayarak ger\u00e7ekle\u015ftirilen bu siyasi ge\u00e7i\u015f, bir \u201chizmet\u201d de\u011fil, bir bedelin \u00f6denmesi i\u00e7in kap\u0131 aralama operasyonudur. Gen\u00e7lerimizin al\u0131n teri, eme\u011fi ve hayalleri yok say\u0131larak, kamu kaynaklar\u0131 belli bir z\u00fcmrenin \u00e7\u0131karlar\u0131na sunulmaktad\u0131r. Bu \u00e7ark\u0131n di\u015flilerine hizmet edenler, tarih \u00f6n\u00fcnde ve yarg\u0131 \u00f6n\u00fcnde hesap verecektir.<\/p>\n<p><img decoding=\"async\" src=\"https:\/\/ikimisli.tr\/wp-content\/uploads\/2025\/08\/akpye-gecen-belediye-baskani-ilk-is-olarak-kadro-dagitti-0-s8HKRThc.jpeg\"\/><\/p>\n<p><img decoding=\"async\" src=\"https:\/\/ikimisli.tr\/wp-content\/uploads\/2025\/08\/akpye-gecen-belediye-baskani-ilk-is-olarak-kadro-dagitti-1-lThI3jk2.jpeg\"\/><\/p>\n<p><img decoding=\"async\" src=\"https:\/\/ikimisli.tr\/wp-content\/uploads\/2025\/08\/akpye-gecen-belediye-baskani-ilk-is-olarak-kadro-dagitti-2-5daCEmxQ.jpeg\"\/><\/p>\n","protected":false},"excerpt":{"rendered":"<p>CHP\u2019den AKP\u2019ye ge\u00e7en Umut Y\u0131lmaz\u2019\u0131n ba\u015fkan\u0131 oldu\u011fu \u015eehitkamil Belediyesi, zab\u0131ta memuru al\u0131m\u0131na y\u00f6nelik ilan\u0131yla reaksiyonlar\u0131n oda\u011f\u0131nda. Mimarl\u0131k, m\u00fchendislik ve veterinerlik \u00fczere k\u0131s\u0131mlardan mezun olma kaidesi, \u201cadrese teslim kadro\u201d arg\u00fcmanlar\u0131n\u0131 beraberinde getirdi.<\/p>\n","protected":false},"author":1,"featured_media":72159,"comment_status":"open","ping_status":"open","sticky":false,"template":"","format":"standard","meta":{"footnotes":""},"categories":[25],"tags":[853,8622,3331],"class_list":["post-72158","post","type-post","status-publish","format-standard","has-post-thumbnail","hentry","category-gundem","tag-kamu","tag-muhendisligi","tag-zabita"],"_links":{"self":[{"href":"https:\/\/ikimisli.tr\/index.php\/wp-json\/wp\/v2\/posts\/72158","targetHints":{"allow":["GET"]}}],"collection":[{"href":"https:\/\/ikimisli.tr\/index.php\/wp-json\/wp\/v2\/posts"}],"about":[{"href":"https:\/\/ikimisli.tr\/index.php\/wp-json\/wp\/v2\/types\/post"}],"author":[{"embeddable":true,"href":"https:\/\/ikimisli.tr\/index.php\/wp-json\/wp\/v2\/users\/1"}],"replies":[{"embeddable":true,"href":"https:\/\/ikimisli.tr\/index.php\/wp-json\/wp\/v2\/comments?post=72158"}],"version-history":[{"count":1,"href":"https:\/\/ikimisli.tr\/index.php\/wp-json\/wp\/v2\/posts\/72158\/revisions"}],"predecessor-version":[{"id":72163,"href":"https:\/\/ikimisli.tr\/index.php\/wp-json\/wp\/v2\/posts\/72158\/revisions\/72163"}],"wp:featuredmedia":[{"embeddable":true,"href":"https:\/\/ikimisli.tr\/index.php\/wp-json\/wp\/v2\/media\/72159"}],"wp:attachment":[{"href":"https:\/\/ikimisli.tr\/index.php\/wp-json\/wp\/v2\/media?parent=72158"}],"wp:term":[{"taxonomy":"category","embeddable":true,"href":"https:\/\/ikimisli.tr\/index.php\/wp-json\/wp\/v2\/categories?post=72158"},{"taxonomy":"post_tag","embeddable":true,"href":"https:\/\/ikimisli.tr\/index.php\/wp-json\/wp\/v2\/tags?post=72158"}],"curies":[{"name":"wp","href":"https:\/\/api.w.org\/{rel}","templated":true}]}}