{"id":72168,"date":"2025-08-23T17:56:35","date_gmt":"2025-08-23T17:56:35","guid":{"rendered":"https:\/\/ikimisli.tr\/?p=72168"},"modified":"2025-08-23T17:56:35","modified_gmt":"2025-08-23T17:56:35","slug":"akpnin-agir-topu-hayati-yazicidan-ekonomi-itirafi","status":"publish","type":"post","link":"https:\/\/ikimisli.tr\/index.php\/2025\/08\/23\/akpnin-agir-topu-hayati-yazicidan-ekonomi-itirafi\/","title":{"rendered":"AKP&#8217;nin a\u011f\u0131r topu Hayati Yaz\u0131c\u0131&#8217;dan &#8216;ekonomi&#8217; itiraf\u0131"},"content":{"rendered":"<p>AKP Genel Lider Yard\u0131mc\u0131s\u0131 Hayati Yaz\u0131c\u0131, beraberindeki milletvekilleriyle birlikte &#8216;T\u00fcrkiye Y\u00fczy\u0131l\u0131 Bulu\u015fmalar\u0131&#8217; kapsam\u0131nda Bursa&#8217;da parti vilayet binas\u0131nda ger\u00e7ekle\u015fen programa kat\u0131ld\u0131.<\/p>\n<p>Burada a\u00e7\u0131klamalarda bulunan Yaz\u0131c\u0131, konu\u015fmas\u0131nda, iktisat konusuna da de\u011findi.<\/p>\n<p>AKP Genel Lider Yard\u0131mc\u0131s\u0131 Yaz\u0131c\u0131, enflasyonla \u00e7abada kararl\u0131 ad\u0131mlar\u0131n s\u00fcrd\u00fcr\u00fcld\u00fc\u011f\u00fcn\u00fc belirtti.<\/p>\n<p>Ekonomi alan\u0131ndaki faaliyetlerini y\u00fcr\u00fctt\u00fcklerini s\u00f6z eden Yaz\u0131c\u0131, &#8220;Sorun ya\u015fad\u0131\u011f\u0131m\u0131z bahisler var. Bunlar\u0131n ba\u015f\u0131nda da iktisat geliyor. Enflasyonda rekabet, ilgili \u00fcniteler, ilgili bakanl\u0131k, gerekli hassasiyet i\u00e7eren \u00e7al\u0131\u015fmalar, kararl\u0131 bir bi\u00e7imde s\u00fcrd\u00fcr\u00fcl\u00fcyor. Bunun belini k\u0131rd\u0131k, in\u015fallah hedefledi\u011fimiz yere getirece\u011fiz. O vakit \u00e7ok daha g\u00fc\u00e7l\u00fc olaca\u011f\u0131z. Bilhassa dezavantajl\u0131 b\u00f6l\u00fcm\u00fcn, enflasyondan kaynakl\u0131 kah\u0131rlar\u0131n\u0131 a\u015fm\u0131\u015f olaca\u011f\u0131z&#8221; diye konu\u015ftu.<\/p>\n<p><b>BOZBEY&#8217;\u0130N AKP&#8217;YE GE\u00c7ECE\u011e\u0130 TEZLER\u0130NE YANIT<\/b><\/p>\n<p>Gazetecilerin, birtak\u0131m bas\u0131n kurulu\u015flar\u0131nda \u00e7\u0131kan, &#8216;Bursa B\u00fcy\u00fck\u015fehir Belediye Ba\u015fkan\u0131 Mustafa Bozbey\u2019in AKP&#8217;ye ge\u00e7ece\u011fi&#8217; tezlerini sormas\u0131 \u00fczerine Yaz\u0131c\u0131, &#8220;Siyaset, insanlar\u0131n kendi \u00f6zg\u00fcr iradeleriyle nereyi uygun g\u00f6r\u00fcp nerede \u00e7al\u0131\u015fmak istiyorlarsa orada yapabilecekleri bir alan. Bunda da bize gelen olursa, biz de gelen herkese a\u00e7\u0131k kap\u0131 siyaseti uyguluyor de\u011filiz. Nihayetinde biz de takip ediyoruz, bak\u0131yoruz, g\u00f6zl\u00fcyoruz. Bizim siyasetimize uygunsa, arkada\u015flara ortam\u0131za kat\u0131lmaya el verebiliyoruz. Biz T\u00fcrkiye partisiyiz fakat bu mevzuda \u00f6zel bir \u00e7al\u0131\u015fma i\u00e7erisinde de\u011filiz&#8221; yan\u0131t\u0131n\u0131 verdi.<\/p>\n","protected":false},"excerpt":{"rendered":"<p>Bursa&#8217;da parti vilayet binas\u0131ndaki programda konu\u015fan AKP Genel Lider Yard\u0131mc\u0131s\u0131 Hayati Yaz\u0131c\u0131, &#8220;Sorun ya\u015fad\u0131\u011f\u0131m\u0131z mevzular var; bunlar\u0131n ba\u015f\u0131nda da iktisat geliyor&#8221; s\u00f6zlerini kulland\u0131.<\/p>\n","protected":false},"author":1,"featured_media":72169,"comment_status":"open","ping_status":"open","sticky":false,"template":"","format":"standard","meta":{"footnotes":""},"categories":[25],"tags":[2164],"class_list":["post-72168","post","type-post","status-publish","format-standard","has-post-thumbnail","hentry","category-gundem","tag-yazici"],"_links":{"self":[{"href":"https:\/\/ikimisli.tr\/index.php\/wp-json\/wp\/v2\/posts\/72168","targetHints":{"allow":["GET"]}}],"collection":[{"href":"https:\/\/ikimisli.tr\/index.php\/wp-json\/wp\/v2\/posts"}],"about":[{"href":"https:\/\/ikimisli.tr\/index.php\/wp-json\/wp\/v2\/types\/post"}],"author":[{"embeddable":true,"href":"https:\/\/ikimisli.tr\/index.php\/wp-json\/wp\/v2\/users\/1"}],"replies":[{"embeddable":true,"href":"https:\/\/ikimisli.tr\/index.php\/wp-json\/wp\/v2\/comments?post=72168"}],"version-history":[{"count":1,"href":"https:\/\/ikimisli.tr\/index.php\/wp-json\/wp\/v2\/posts\/72168\/revisions"}],"predecessor-version":[{"id":72170,"href":"https:\/\/ikimisli.tr\/index.php\/wp-json\/wp\/v2\/posts\/72168\/revisions\/72170"}],"wp:featuredmedia":[{"embeddable":true,"href":"https:\/\/ikimisli.tr\/index.php\/wp-json\/wp\/v2\/media\/72169"}],"wp:attachment":[{"href":"https:\/\/ikimisli.tr\/index.php\/wp-json\/wp\/v2\/media?parent=72168"}],"wp:term":[{"taxonomy":"category","embeddable":true,"href":"https:\/\/ikimisli.tr\/index.php\/wp-json\/wp\/v2\/categories?post=72168"},{"taxonomy":"post_tag","embeddable":true,"href":"https:\/\/ikimisli.tr\/index.php\/wp-json\/wp\/v2\/tags?post=72168"}],"curies":[{"name":"wp","href":"https:\/\/api.w.org\/{rel}","templated":true}]}}