{"id":72180,"date":"2025-08-23T18:44:38","date_gmt":"2025-08-23T18:44:38","guid":{"rendered":"https:\/\/ikimisli.tr\/?p=72180"},"modified":"2025-08-23T18:44:38","modified_gmt":"2025-08-23T18:44:38","slug":"mansur-yavas-sakaryanin-hafizasini-korumazsak-turklugu-tartismaya-baslarlar","status":"publish","type":"post","link":"https:\/\/ikimisli.tr\/index.php\/2025\/08\/23\/mansur-yavas-sakaryanin-hafizasini-korumazsak-turklugu-tartismaya-baslarlar\/","title":{"rendered":"Mansur Yava\u015f: \u201cSakarya&#8217;n\u0131n haf\u0131zas\u0131n\u0131 korumazsak, T\u00fcrkl\u00fc\u011f\u00fc tart\u0131\u015fmaya ba\u015flarlar\u201d"},"content":{"rendered":"<p>Sakarya Meydan Muharebesi&#8217;nin 104. y\u0131l d\u00f6n\u00fcm\u00fc m\u00fcnasebetiyle Ankara Foto\u011fraf ve Heykel M\u00fczesi T\u00fcrk Oca\u011f\u0131 Salonu&#8217;nda d\u00fczenlenen anma program\u0131nda konu\u015fan Ankara B\u00fcy\u00fck\u015fehir Belediye Ba\u015fkan\u0131 Mansur Yava\u015f, tarihi haf\u0131zan\u0131n korunmas\u0131n\u0131n ulusal kimlik ve k\u0131ymetler a\u00e7\u0131s\u0131ndan hayati k\u0131ymette oldu\u011funu belirtti.<\/p>\n<p>Etkinli\u011fe, Ankara Vilayet K\u00fclt\u00fcr ve Turizm M\u00fcd\u00fcr\u00fc Erhan Karakaya, Haymana Belediye Lideri Levent Ko\u00e7, Polatl\u0131 Belediye Ba\u015fkan\u0131 M\u00fcrsel Y\u0131ld\u0131zkaya ve ara\u015ft\u0131rmac\u0131 m\u00fcellif Selim Erdo\u011fan da kat\u0131ld\u0131. Programda, muharebenin tarihi art plan\u0131 \u00fczerine bir konferans da verildi.<\/p>\n<p>Konu\u015fmas\u0131nda, Sakarya Meydan Muharebesi&#8217;nin ger\u00e7ekle\u015fti\u011fi alanlar\u0131n gere\u011fince bilinmedi\u011fine ve korunmad\u0131\u011f\u0131na dikkat \u00e7eken Yava\u015f, bu b\u00f6lgelerin Ulusal M\u00fccadele\u2019nin simgeleri oldu\u011funu belirtti. \u201cAnkara\u2019n\u0131n \u00e7abucak yak\u0131n\u0131nda ya\u015fanan bu destans\u0131 direni\u015fi maalesef bir\u00e7ok ki\u015fi bilmiyor,\u201d diyen Yava\u015f, bilhassa gen\u00e7 nesillerin bu co\u011frafyay\u0131 yerinde g\u00f6rerek tarihi daha d\u00fczg\u00fcn kavrayabileceklerini s\u00f6z etti.<\/p>\n<p><b>&#8216;TAR\u0130H\u0130 UNUTTURURSAK T\u00dcRKL\u00dc\u011e\u00dc TARTI\u015eMAYA BA\u015eLARLAR&#8217;<\/b><\/p>\n<p>Yava\u015f, tarih\u00ee \u015fuurdan kopman\u0131n toplumsal ve siyasal sonu\u00e7lar\u0131 olabilece\u011fine i\u015faret ederek \u015funlar\u0131 s\u00f6yledi:<\/p>\n<p>\u201cE\u011fer bu haf\u0131zay\u0131 canl\u0131 tutmazsak, Lozan&#8217;\u0131, Kurtulu\u015f Sava\u015f\u0131&#8217;n\u0131, T\u00fcrkl\u00fc\u011f\u00fc tart\u0131\u015fmaya ba\u015flarlar. K\u00f6k\u00fcn\u00fc bilmeyen be\u015ferler, g\u00fcn\u00fc kurtarmak ismine kimi kesitlerin g\u00fczeline gidecek telaffuzlar\u0131n gerisine s\u0131\u011f\u0131n\u0131rlar. Lakin Polatl\u0131\u2019da, Haymana\u2019da, toprak alt\u0131nda yatan \u015fehitlerin an\u0131s\u0131na h\u00fcrmet duyan \u00e7ift\u00e7ilerin g\u00f6sterdi\u011fi incelik, bize \u00e7ok \u015fey anlat\u0131r.\u201d<\/p>\n<p>Yava\u015f, birebir vakitte ba\u015fkanl\u0131\u011f\u0131n\u0131 y\u00fcr\u00fctt\u00fc\u011f\u00fc Tarihi Kentler Birli\u011fi arac\u0131l\u0131\u011f\u0131yla Ulusal \u00c7aba rotalar\u0131n\u0131n korunmas\u0131na y\u00f6nelik kapsaml\u0131 bir \u00e7al\u0131\u015fma y\u00fcr\u00fctt\u00fcklerini a\u00e7\u0131klad\u0131. T\u00fcrkiye\u2019nin d\u00f6rt bir yan\u0131ndaki belediyelerle birlikte, ulusal u\u011fra\u015f\u0131n ge\u00e7ti\u011fi g\u00fczergahlar\u0131n belgelenmesi, korunmas\u0131 ve tan\u0131t\u0131lmas\u0131 hedefiyle harekete ge\u00e7tiklerini belirtti.<\/p>\n<p>Konu\u015fmas\u0131nda Avrupa\u2019daki \u00f6rnekleri hat\u0131rlatan Yava\u015f, yaln\u0131zca tarihi yap\u0131lar de\u011fil, sava\u015flar\u0131n ya\u015fand\u0131\u011f\u0131 alanlar\u0131n da muhafaza alt\u0131na al\u0131nmas\u0131 gerekti\u011fini vurgulad\u0131. \u201cHarp co\u011frafyas\u0131n\u0131 aya\u011fa kald\u0131rmak, yaln\u0131zca ge\u00e7mi\u015fi hat\u0131rlamak de\u011fil; gelece\u011fe g\u00fc\u00e7l\u00fc bir haf\u0131za b\u0131rakmak demektir,\u201d dedi.<\/p>\n<p>Yava\u015f, toplumsal haf\u0131zan\u0131n zay\u0131flamas\u0131yla birlikte ulusal k\u0131ymetlerin gaye al\u0131nd\u0131\u011f\u0131n\u0131 savunarak, \u201c\u0130stiklal Harbi yap\u0131lmad\u0131, d\u00fc\u015fman tabiat\u0131yla \u00e7ekildi\u201d diyenlerin bile ortaya \u00e7\u0131kt\u0131\u011f\u0131n\u0131 s\u00f6yledi. \u201cBu kadar kutsal bir \u00e7abaya bu kadar d\u00fc\u015fmanca yakla\u015fabilen bir ku\u015fa\u011f\u0131n nas\u0131l olu\u015ftu\u011funu sorgulamak hepimizin sorumlulu\u011fudur,\u201d dedi.<\/p>\n<p>Ankara B\u00fcy\u00fck\u015fehir Belediye Ba\u015fkan\u0131, ara\u015ft\u0131rmac\u0131lara ve tarih\u00e7ilere takviye vermenin de kamu vazifelilerinin sorumlulu\u011fu oldu\u011funu belirterek, ara\u015ft\u0131rmac\u0131 muharrir Selim Erdo\u011fan \u00fczere isimlerin \u00e7al\u0131\u015fmalar\u0131na katk\u0131 sunmaya devam edeceklerini s\u00f6z etti.<\/p>\n<p>Konu\u015fmas\u0131n\u0131n sonunda, ba\u015fta Mustafa Kemal Atat\u00fcrk olmak \u00fczere t\u00fcm \u015fehitleri rahmetle and\u0131\u011f\u0131n\u0131 s\u00f6yleyen Yava\u015f, ulusal haf\u0131zan\u0131n korunmas\u0131 i\u00e7in y\u00fcr\u00fct\u00fclen her eforun, gelecek nesillere g\u00fc\u00e7l\u00fc bir miras b\u0131rakmak manas\u0131na geldi\u011fini vurgulad\u0131.<\/p>\n","protected":false},"excerpt":{"rendered":"<p>Ankara\u2019da d\u00fczenlenen Sakarya Meydan Muharebesi\u2019nin 104. y\u0131l d\u00f6n\u00fcm\u00fc etkinli\u011finde, tarihi haf\u0131zay\u0131 canl\u0131 tutman\u0131n de\u011feri vurguland\u0131<\/p>\n","protected":false},"author":1,"featured_media":72181,"comment_status":"open","ping_status":"open","sticky":false,"template":"","format":"standard","meta":{"footnotes":""},"categories":[25],"tags":[40,6080,486,761,368],"class_list":["post-72180","post","type-post","status-publish","format-standard","has-post-thumbnail","hentry","category-gundem","tag-belediye","tag-hafiza","tag-milli","tag-tarihi","tag-yavas"],"_links":{"self":[{"href":"https:\/\/ikimisli.tr\/index.php\/wp-json\/wp\/v2\/posts\/72180","targetHints":{"allow":["GET"]}}],"collection":[{"href":"https:\/\/ikimisli.tr\/index.php\/wp-json\/wp\/v2\/posts"}],"about":[{"href":"https:\/\/ikimisli.tr\/index.php\/wp-json\/wp\/v2\/types\/post"}],"author":[{"embeddable":true,"href":"https:\/\/ikimisli.tr\/index.php\/wp-json\/wp\/v2\/users\/1"}],"replies":[{"embeddable":true,"href":"https:\/\/ikimisli.tr\/index.php\/wp-json\/wp\/v2\/comments?post=72180"}],"version-history":[{"count":1,"href":"https:\/\/ikimisli.tr\/index.php\/wp-json\/wp\/v2\/posts\/72180\/revisions"}],"predecessor-version":[{"id":72182,"href":"https:\/\/ikimisli.tr\/index.php\/wp-json\/wp\/v2\/posts\/72180\/revisions\/72182"}],"wp:featuredmedia":[{"embeddable":true,"href":"https:\/\/ikimisli.tr\/index.php\/wp-json\/wp\/v2\/media\/72181"}],"wp:attachment":[{"href":"https:\/\/ikimisli.tr\/index.php\/wp-json\/wp\/v2\/media?parent=72180"}],"wp:term":[{"taxonomy":"category","embeddable":true,"href":"https:\/\/ikimisli.tr\/index.php\/wp-json\/wp\/v2\/categories?post=72180"},{"taxonomy":"post_tag","embeddable":true,"href":"https:\/\/ikimisli.tr\/index.php\/wp-json\/wp\/v2\/tags?post=72180"}],"curies":[{"name":"wp","href":"https:\/\/api.w.org\/{rel}","templated":true}]}}