{"id":72253,"date":"2025-08-23T22:44:35","date_gmt":"2025-08-23T22:44:35","guid":{"rendered":"https:\/\/ikimisli.tr\/?p=72253"},"modified":"2025-08-23T22:44:35","modified_gmt":"2025-08-23T22:44:35","slug":"oda-baskani-kadin-personeli-ile-arkadasini-oldurdu-intihar-etti","status":"publish","type":"post","link":"https:\/\/ikimisli.tr\/index.php\/2025\/08\/23\/oda-baskani-kadin-personeli-ile-arkadasini-oldurdu-intihar-etti\/","title":{"rendered":"Oda Ba\u015fkan\u0131, kad\u0131n personeli ile arkada\u015f\u0131n\u0131 \u00f6ld\u00fcrd\u00fc! \u0130ntihar etti"},"content":{"rendered":"<p>Antalya Pastac\u0131lar Odas\u0131 Ba\u015fkan\u0131 Kerim \u00dcre (54), i\u015f yerinde \u00e7\u0131kan tart\u0131\u015fma sonucu yan\u0131nda \u00e7al\u0131\u015fan Elif K\u0131l\u0131\u00e7 (32) ile bayan\u0131 ziyarete gelen arkada\u015f\u0131 Hasan F\u0131rat\u2019a (30) tabancayla ate\u015f a\u00e7t\u0131. A\u011f\u0131r yaral\u0131 olarak hastaneye kald\u0131r\u0131lan K\u0131l\u0131\u00e7 ve F\u0131rat hayat\u0131n\u0131 kaybederken, olay yerinden ayr\u0131lan \u00dcre ise k\u0131sa m\u00fcddette sonra arabas\u0131nda tabanca ile kendisini ba\u015f\u0131ndan vurarak hayat\u0131na son verdi.<\/p>\n<p>Olay, saat 22.00 s\u0131ralar\u0131nda Kepez il\u00e7esi Yeni Mahalle 2428 Sokak \u00fczerinde bulunan pastanede meydana geldi. Antalya Pastac\u0131lar Odas\u0131 Ba\u015fkan\u0131 Kerim \u00dcre\u2019ye ait pastanede \u00e7al\u0131\u015fan Elif K\u0131l\u0131\u00e7, i\u015f yerine gelen arkada\u015f\u0131 Hasan F\u0131rat ile masada oturup sohbet etmeye ba\u015flad\u0131. \u0130kili ortas\u0131nda k\u0131sa m\u00fchlet sonra \u015fimdi bilinmeyen sebeple tart\u0131\u015fma \u00e7\u0131kt\u0131. Teze nazaran tart\u0131\u015fma s\u0131ras\u0131nda taraflar\u0131n sesi y\u00fckselince i\u015f yeri sahibi Kerim \u00dcre masaya geldi. Taraflar\u0131 sakinle\u015ftirmeye \u00e7al\u0131\u015fan \u00dcre ile Hasan F\u0131rat ortas\u0131nda da kelaml\u0131 at\u0131\u015fma ya\u015fand\u0131. Dakikalar i\u00e7inde gerginlik b\u00fcy\u00fcyerek hengameye d\u00f6n\u00fc\u015ft\u00fc. Ya\u015fanan arbede s\u0131ras\u0131nda Kerim \u00dcre, belinden \u00e7\u0131kard\u0131\u011f\u0131 tabancayla Hasan F\u0131rat\u2019a ate\u015f etti. Kur\u015funlar\u0131n maksad\u0131 olan F\u0131rat yere y\u0131\u011f\u0131l\u0131rken, hengameyi ay\u0131rmaya \u00e7al\u0131\u015fan Elif K\u0131l\u0131\u00e7 da a\u00e7\u0131lan ate\u015f sonucu vuruldu.<\/p>\n<p><b>YARALILAR KURTARILAMADI<\/b><\/p>\n<p>Kerim \u00dcrey olay yerinden uzakla\u015f\u0131rken, silah sesleri etrafta tela\u015f ve kayg\u0131ya neden oldu. Etraftakilerin ihbar\u0131 \u00fczerine adrese \u00e7ok say\u0131da polis ve s\u0131hhat grubu sevk edildi. S\u0131hhat vazifelileri, yerde kanlar i\u00e7inde kalan K\u0131l\u0131\u00e7 ve F\u0131rat\u2019a birinci m\u00fcdahaleyi yapt\u0131ktan sonra yaral\u0131lar ambulanslarla hastanelere kald\u0131r\u0131ld\u0131. Durumlar\u0131 a\u011f\u0131r olun K\u0131l\u0131\u00e7 ve F\u0131rat, hekimlerin gayretlerine kar\u015f\u0131n kurtar\u0131lamad\u0131.<\/p>\n<p><b>OTOMOB\u0130L\u0130NDE MEYY\u0130T BULUNDU<\/b><\/p>\n<p>Olay\u0131n akabinde arabas\u0131yla olay yerinden uzakla\u015fan Kerim \u00dcre\u2019nin yakalanmas\u0131 i\u00e7in polis gruplar\u0131 geni\u015f \u00e7apl\u0131 arama ba\u015flatt\u0131. K\u0131sa m\u00fchlet sonra Kepez il\u00e7esi Habibler Mahallesi 5509 Sokak \u00fczerinde park halindeki arac\u0131 fark eden gruplar, denetim i\u00e7in yakla\u015ft\u0131. Yap\u0131lan incelemede Kerim \u00dcre\u2019nin direksiyonda ba\u015f\u0131ndan vurulmu\u015f halde hayat\u0131n\u0131 kaybetti\u011fini belirlendi. Araban\u0131n i\u00e7inde tabanca da ele ge\u00e7irildi. Birinci incelemelere nazaran \u00dcre\u2019nin kendi silah\u0131yla \u00f6mr\u00fcne son vermi\u015f olabilece\u011fi de\u011ferlendirildi.<\/p>\n<p>Polis, etrafta g\u00fcvenlik tedbiri ald\u0131. Olay yeri inceleme gruplar\u0131 hem pastanede hem de \u00dcre\u2019nin arac\u0131n\u0131n bulundu\u011fu noktada kan\u0131t \u00e7al\u0131\u015fmas\u0131 yapt\u0131. Polis, taraflar\u0131n ortas\u0131ndaki tart\u0131\u015fman\u0131n nedenini belirlemek i\u00e7in hem g\u00f6rg\u00fc \u015fahitlerinin s\u00f6zlerini hem de g\u00fcvenlik kameras\u0131 kay\u0131tlar\u0131n\u0131 incelemeye ald\u0131. Soru\u015fturma s\u00fcrd\u00fcr\u00fcl\u00fcyor<\/p>\n","protected":false},"excerpt":{"rendered":"<p>Antalya&#8217;da deh\u015fete d\u00fc\u015f\u00fcren olan pastanede ya\u015fand\u0131. Oda Ba\u015fkan\u0131, kad\u0131n personeli ile arkada\u015f\u0131n\u0131 \u00f6ld\u00fcrd\u00fc, akabinde intihar etti.<\/p>\n","protected":false},"author":1,"featured_media":72254,"comment_status":"open","ping_status":"open","sticky":false,"template":"","format":"standard","meta":{"footnotes":""},"categories":[25],"tags":[8629,2255,171,183],"class_list":["post-72253","post","type-post","status-publish","format-standard","has-post-thumbnail","hentry","category-gundem","tag-firat","tag-kilic","tag-olay","tag-yeri"],"_links":{"self":[{"href":"https:\/\/ikimisli.tr\/index.php\/wp-json\/wp\/v2\/posts\/72253","targetHints":{"allow":["GET"]}}],"collection":[{"href":"https:\/\/ikimisli.tr\/index.php\/wp-json\/wp\/v2\/posts"}],"about":[{"href":"https:\/\/ikimisli.tr\/index.php\/wp-json\/wp\/v2\/types\/post"}],"author":[{"embeddable":true,"href":"https:\/\/ikimisli.tr\/index.php\/wp-json\/wp\/v2\/users\/1"}],"replies":[{"embeddable":true,"href":"https:\/\/ikimisli.tr\/index.php\/wp-json\/wp\/v2\/comments?post=72253"}],"version-history":[{"count":1,"href":"https:\/\/ikimisli.tr\/index.php\/wp-json\/wp\/v2\/posts\/72253\/revisions"}],"predecessor-version":[{"id":72255,"href":"https:\/\/ikimisli.tr\/index.php\/wp-json\/wp\/v2\/posts\/72253\/revisions\/72255"}],"wp:featuredmedia":[{"embeddable":true,"href":"https:\/\/ikimisli.tr\/index.php\/wp-json\/wp\/v2\/media\/72254"}],"wp:attachment":[{"href":"https:\/\/ikimisli.tr\/index.php\/wp-json\/wp\/v2\/media?parent=72253"}],"wp:term":[{"taxonomy":"category","embeddable":true,"href":"https:\/\/ikimisli.tr\/index.php\/wp-json\/wp\/v2\/categories?post=72253"},{"taxonomy":"post_tag","embeddable":true,"href":"https:\/\/ikimisli.tr\/index.php\/wp-json\/wp\/v2\/tags?post=72253"}],"curies":[{"name":"wp","href":"https:\/\/api.w.org\/{rel}","templated":true}]}}