{"id":72302,"date":"2025-08-24T01:44:34","date_gmt":"2025-08-24T01:44:34","guid":{"rendered":"https:\/\/ikimisli.tr\/?p=72302"},"modified":"2025-08-24T01:44:34","modified_gmt":"2025-08-24T01:44:34","slug":"fitch-ingilterenin-kredi-notunu-teyit-etti","status":"publish","type":"post","link":"https:\/\/ikimisli.tr\/index.php\/2025\/08\/24\/fitch-ingilterenin-kredi-notunu-teyit-etti\/","title":{"rendered":"Fitch \u0130ngiltere&#8217;nin kredi notunu teyit etti"},"content":{"rendered":"<div>\n<div>\n<p>Uluslararas\u0131 kredi derecelendirme kurulu\u015fu Fitch Ratings, \u0130ngiltere&#8217;nin uzun vadeli kredi notunu &#8220;AA-&#8221; olarak teyit etti.<\/p>\n<p>Fitch&#8217;ten yap\u0131lan a\u00e7\u0131klamada, \u0130ngiltere&#8217;nin uzun vadeli kredi notunun &#8220;AA-&#8221; olarak teyit edildi\u011fi ve not g\u00f6r\u00fcn\u00fcm\u00fcn\u00fcn &#8220;dura\u011fan&#8221; olarak belirlendi\u011fi bildirildi.<\/p>\n<p>\u0130ngiltere&#8217;nin notunun y\u00fcksek gelirli, b\u00fcy\u00fck, \u00e7e\u015fitlendirilmi\u015f ve esnek iktisad\u0131, emniyetli makroekonomik siyaset \u00e7er\u00e7evesi, derin sermaye piyasalar\u0131ndan sa\u011flanan finansman esnekli\u011fi ve sterlinin milletleraras\u0131 rezerv para \u00fcnitesi stat\u00fcs\u00fc ile desteklendi\u011fi vurgulanan a\u00e7\u0131klamada, fakat \u00fclkenin y\u00fcksek kamu ve d\u0131\u015f borcu bulundu\u011funa i\u015faret edildi.<\/p>\n<p>A\u00e7\u0131klamada, \u0130ngiltere&#8217;de Gayri Safi Yurt \u0130\u00e7i Has\u0131la (GSYH) b\u00fcy\u00fcmesinin 2025 ve 2026&#8217;da y\u00fczde 1,2 olaca\u011f\u0131n\u0131n \u00f6ng\u00f6r\u00fcld\u00fc\u011f\u00fc, bu kestirimin, k\u0131smen i\u015f g\u00fcc\u00fc piyasas\u0131n\u0131n daha da so\u011fumas\u0131n\u0131 yans\u0131tt\u0131\u011f\u0131 kaydedildi.<\/p>\n<p>K\u00fcresel belirsizli\u011fin artmas\u0131 ve d\u0131\u015f talebin zay\u0131flamas\u0131n\u0131n \u00fclkede yat\u0131r\u0131m b\u00fcy\u00fcmesini yava\u015flataca\u011f\u0131 s\u00f6z edilen a\u00e7\u0131klamada, para siyasetindeki gev\u015femenin t\u00fcketici harcamalar\u0131n\u0131 art\u0131rmas\u0131yla, ekonomik b\u00fcy\u00fcmenin d\u00f6rt y\u0131l boyunca trendin alt\u0131nda kalmas\u0131n\u0131n akabinde 2027&#8217;de y\u00fczde 1,5&#8217;e y\u00fckselmesinin beklendi\u011fi aktar\u0131ld\u0131.<\/p>\n<p>A\u00e7\u0131klamada, y\u00fcksek borcun mali alan\u0131 k\u0131s\u0131tlad\u0131\u011f\u0131na de\u011finilerek, genel kamu borcunun 2025 y\u0131l\u0131nda GSYH&#8217;nin y\u00fczde 103,8&#8217;ine, 2027 sonunda y\u00fczde 106&#8217;s\u0131na y\u00fckselece\u011fi belirtildi.<\/p>\n<p>Temmuzda y\u00fczde 3,8&#8217;e y\u00fckselen enflasyonun, fiyat enflasyonunun azalmas\u0131 ve y\u0131l\u0131n \u00fc\u00e7\u00fcnc\u00fc \u00e7eyre\u011finde g\u00fc\u00e7 fiyat tavan\u0131n\u0131n y\u00fczde 7 d\u00fc\u015fmesiyle 2025 sonunda y\u00fczde 2,8&#8217;e gerilemesinin \u00f6ng\u00f6r\u00fcld\u00fc\u011f\u00fc anlat\u0131lan a\u00e7\u0131klamada, fakat bilhassa son devirde enflasyon beklentilerindeki art\u0131\u015f dikkate al\u0131nd\u0131\u011f\u0131nda, risklerin \u00fcst tarafl\u0131 oldu\u011fu vurguland\u0131.<\/p>\n<p>A\u00e7\u0131klamada, enflasyonun daha sonra kademeli olarak d\u00fc\u015fmesinin ve 2026-2027&#8217;de ortalama y\u00fczde 2,2 ile \u0130ngiltere Merkez Bankas\u0131n\u0131n y\u00fczde 2&#8217;lik gayesinin biraz \u00fczerinde olmas\u0131n\u0131n iddia edildi\u011fi bildirildi.<\/p>\n<p>Politika faiz oran\u0131n\u0131n 2025 sonu prestijiyle 25 baz puan d\u00fc\u015f\u00fcr\u00fclerek y\u00fczde 3,75&#8217;e \u00e7ekilece\u011fi varsay\u0131ld\u0131\u011f\u0131 belirtilen a\u00e7\u0131klamada, 2027&#8217;de ise n\u00f6tr faiz oran\u0131na paralel olarak y\u00fczde 3&#8217;e indirilece\u011finin \u00f6ng\u00f6r\u00fcld\u00fc\u011f\u00fc anlat\u0131ld\u0131.<\/p>\n<\/p><\/div>\n<\/p><\/div>\n","protected":false},"excerpt":{"rendered":"<p>Fitch Ratings, \u0130ngiltere\u2019nin kredi notunu \u201cAA-\u201d d\u00fczeyinde dura\u011fan g\u00f6r\u00fcn\u00fcmle teyit ederken, y\u00fcksek kamu borcunun risk olu\u015fturdu\u011funu, b\u00fcy\u00fcmenin ise fakat 2027\u2019den itibaren toparlanma e\u011filimine girece\u011fini a\u00e7\u0131klad\u0131.<\/p>\n","protected":false},"author":1,"featured_media":72303,"comment_status":"open","ping_status":"open","sticky":false,"template":"","format":"standard","meta":{"footnotes":""},"categories":[24],"tags":[978,1301],"class_list":["post-72302","post","type-post","status-publish","format-standard","has-post-thumbnail","hentry","category-ekonomi","tag-aciklamada","tag-ingiltere"],"_links":{"self":[{"href":"https:\/\/ikimisli.tr\/index.php\/wp-json\/wp\/v2\/posts\/72302","targetHints":{"allow":["GET"]}}],"collection":[{"href":"https:\/\/ikimisli.tr\/index.php\/wp-json\/wp\/v2\/posts"}],"about":[{"href":"https:\/\/ikimisli.tr\/index.php\/wp-json\/wp\/v2\/types\/post"}],"author":[{"embeddable":true,"href":"https:\/\/ikimisli.tr\/index.php\/wp-json\/wp\/v2\/users\/1"}],"replies":[{"embeddable":true,"href":"https:\/\/ikimisli.tr\/index.php\/wp-json\/wp\/v2\/comments?post=72302"}],"version-history":[{"count":1,"href":"https:\/\/ikimisli.tr\/index.php\/wp-json\/wp\/v2\/posts\/72302\/revisions"}],"predecessor-version":[{"id":72304,"href":"https:\/\/ikimisli.tr\/index.php\/wp-json\/wp\/v2\/posts\/72302\/revisions\/72304"}],"wp:featuredmedia":[{"embeddable":true,"href":"https:\/\/ikimisli.tr\/index.php\/wp-json\/wp\/v2\/media\/72303"}],"wp:attachment":[{"href":"https:\/\/ikimisli.tr\/index.php\/wp-json\/wp\/v2\/media?parent=72302"}],"wp:term":[{"taxonomy":"category","embeddable":true,"href":"https:\/\/ikimisli.tr\/index.php\/wp-json\/wp\/v2\/categories?post=72302"},{"taxonomy":"post_tag","embeddable":true,"href":"https:\/\/ikimisli.tr\/index.php\/wp-json\/wp\/v2\/tags?post=72302"}],"curies":[{"name":"wp","href":"https:\/\/api.w.org\/{rel}","templated":true}]}}