{"id":72368,"date":"2025-08-24T05:44:34","date_gmt":"2025-08-24T05:44:34","guid":{"rendered":"https:\/\/ikimisli.tr\/?p=72368"},"modified":"2025-08-24T05:44:34","modified_gmt":"2025-08-24T05:44:34","slug":"canakkalede-orman-yangini-kontrol-altinda-126-kisi-tahliye-edildi","status":"publish","type":"post","link":"https:\/\/ikimisli.tr\/index.php\/2025\/08\/24\/canakkalede-orman-yangini-kontrol-altinda-126-kisi-tahliye-edildi\/","title":{"rendered":"\u00c7anakkale&#8217;de orman yang\u0131n\u0131 kontrol alt\u0131nda: 126 ki\u015fi tahliye edildi"},"content":{"rendered":"<p><span>\u00c7anakkale&#8217;de 126 ki\u015finin tahliye edildi\u011fi orman yang\u0131n\u0131 denetim alt\u0131na al\u0131nd\u0131.\u00a0<\/span><\/p>\n<p><span>Gelibolu il\u00e7esine ba<\/span><span>\u011fl\u0131 Ilgardere k<\/span><span>\u00f6y\u00fc yak<\/span><span>\u0131nlar\u0131ndaki ormanda, d<\/span><span>\u00fcn saat 15.00 s<\/span><span>\u0131ralar\u0131nda yang\u0131n <\/span><span>\u00e7<\/span><span>\u0131kt\u0131. Alevler, r<\/span><span>\u00fczgar<\/span><span>\u0131n tesiriyle geni\u015f bir alana yay\u0131ld\u0131. \u0130hbarla b<\/span><span>\u00f6lgeye \u00c7anakkale Orman B\u00f6lge M\u00fcd\u00fcrl\u00fc<\/span><span>\u011f<\/span><span>\u00fc&#8217;ne ba<\/span><span>\u011fl\u0131 <\/span><span>\u00e7ok say<\/span><span>\u0131da tak\u0131m sevk edildi. Yang\u0131na, havadan 9 u<\/span><span>\u00e7ak, 6 helikopterle karadan 143 kara arac<\/span><span>\u0131 ve toplam 391 i\u015f\u00e7iyle m<\/span><span>\u00fcdahale edildi.<\/span><\/p>\n<p><b><span>126 K<\/span><span>\u0130\u015e\u0130 TAHL\u0130YE ED\u0130LD\u0130<\/span><\/b><\/p>\n<p><span>Yang\u0131n nedeniyle Gelibolu il<\/span><span>\u00e7esine ba<\/span><span>\u011fl\u0131 Pazarl\u0131 ve Ilgardere k<\/span><span>\u00f6ylerindeki 126 ki<\/span><span>\u015fi tedbiren tahliye edildi. Havan\u0131n kararmas\u0131yla birlikte gece boyunca karadan m<\/span><span>\u00fcdahale edildi. Yang<\/span><span>\u0131n saat 00.30 s\u0131ralar\u0131nda b<\/span><span>\u00fcy\u00fck \u00f6l\u00e7\u00fcde denetim alt<\/span><span>\u0131na al\u0131nd\u0131. Karadan m<\/span><span>\u00fcdahale s\u00fcrerken, sabah<\/span><span>\u0131n birinci \u0131\u015f\u0131klar\u0131yla hava ara<\/span><span>\u00e7lar<\/span><span>\u0131 da devreye girdi. Yang\u0131n\u0131 b\u00fcsb\u00fct\u00fcn s<\/span><span>\u00f6nd\u00fcrmek i\u00e7in \u00e7al<\/span><span>\u0131\u015fmalar devam ederken, ziyan g<\/span><span>\u00f6ren alanlar dronla havadan g\u00f6r\u00fcnt\u00fclendi<\/span><\/p>\n","protected":false},"excerpt":{"rendered":"<p>\u00c7anakkale&#8217;nin Gelibolu il\u00e7esinde d\u00fcn \u00e7\u0131kan orman yang\u0131n\u0131 b\u00fcy\u00fck \u00f6l\u00e7\u00fcde denetim alt\u0131na al\u0131n\u0131rken, yanan alanlar dronla havadan g\u00f6r\u00fcnt\u00fclendi.<\/p>\n","protected":false},"author":1,"featured_media":72369,"comment_status":"open","ping_status":"open","sticky":false,"template":"","format":"standard","meta":{"footnotes":""},"categories":[25],"tags":[2592,775,64],"class_list":["post-72368","post","type-post","status-publish","format-standard","has-post-thumbnail","hentry","category-gundem","tag-edildi","tag-kara","tag-yangin"],"_links":{"self":[{"href":"https:\/\/ikimisli.tr\/index.php\/wp-json\/wp\/v2\/posts\/72368","targetHints":{"allow":["GET"]}}],"collection":[{"href":"https:\/\/ikimisli.tr\/index.php\/wp-json\/wp\/v2\/posts"}],"about":[{"href":"https:\/\/ikimisli.tr\/index.php\/wp-json\/wp\/v2\/types\/post"}],"author":[{"embeddable":true,"href":"https:\/\/ikimisli.tr\/index.php\/wp-json\/wp\/v2\/users\/1"}],"replies":[{"embeddable":true,"href":"https:\/\/ikimisli.tr\/index.php\/wp-json\/wp\/v2\/comments?post=72368"}],"version-history":[{"count":1,"href":"https:\/\/ikimisli.tr\/index.php\/wp-json\/wp\/v2\/posts\/72368\/revisions"}],"predecessor-version":[{"id":72370,"href":"https:\/\/ikimisli.tr\/index.php\/wp-json\/wp\/v2\/posts\/72368\/revisions\/72370"}],"wp:featuredmedia":[{"embeddable":true,"href":"https:\/\/ikimisli.tr\/index.php\/wp-json\/wp\/v2\/media\/72369"}],"wp:attachment":[{"href":"https:\/\/ikimisli.tr\/index.php\/wp-json\/wp\/v2\/media?parent=72368"}],"wp:term":[{"taxonomy":"category","embeddable":true,"href":"https:\/\/ikimisli.tr\/index.php\/wp-json\/wp\/v2\/categories?post=72368"},{"taxonomy":"post_tag","embeddable":true,"href":"https:\/\/ikimisli.tr\/index.php\/wp-json\/wp\/v2\/tags?post=72368"}],"curies":[{"name":"wp","href":"https:\/\/api.w.org\/{rel}","templated":true}]}}