{"id":7239,"date":"2025-01-27T07:23:41","date_gmt":"2025-01-27T07:23:41","guid":{"rendered":"https:\/\/ikimisli.tr\/?p=7239"},"modified":"2025-01-27T07:23:41","modified_gmt":"2025-01-27T07:23:41","slug":"biden-papaya-madalya-takti","status":"publish","type":"post","link":"https:\/\/ikimisli.tr\/index.php\/2025\/01\/27\/biden-papaya-madalya-takti\/","title":{"rendered":"Biden, Papa&#8217;ya madalya takt\u0131"},"content":{"rendered":"<div>\n<div>\n<div>\n<div>\n<div>\n<div>\n<div>\n<div>\u00a0<\/div>\n<\/p><\/div>\n<\/p><\/div>\n<\/p><\/div>\n<\/p><\/div>\n<\/p><\/div>\n<\/p><\/div>\n<\/p><\/div>\n<div>\n<div>\n<div>\n<div>\n<div>\n<div>\n<div>ABD Ba\u015fkan\u0131 Joe Biden, Papa Francis&#8217;e ABD&#8217;nin en y\u00fcksek sivil ni\u015fan\u0131 olan Ba\u015fkanl\u0131k \u00d6zg\u00fcrl\u00fck Madalyas\u0131&#8217;n\u0131 takdim etti. Bu madalya, Biden&#8217;\u0131n sivil seviyede takt\u0131\u011f\u0131 birinci madalya oldu.<\/div>\n<div>\u00a0<\/div>\n<div>Beyaz Saray, a\u00e7\u0131klamas\u0131nda Papa Francis&#8217;in &#8216;yoksullara hizmet etme, bar\u0131\u015f\u0131 savunma ve gezegeni muhafaza hususlar\u0131ndaki kararl\u0131l\u0131\u011f\u0131na&#8217; \u00f6vg\u00fcde bulundu.<\/div>\n<\/p><\/div>\n<\/p><\/div>\n<\/p><\/div>\n<\/p><\/div>\n<div>\n<div>\n<div>\n<div>\n<div>\n<div>\n<p>A\u00e7\u0131klamada, &#8220;Sevgi dolu bir papaz olarak \u00e7ocuklar\u0131n \u0130lah hakk\u0131ndaki sorular\u0131na sevin\u00e7le kar\u015f\u0131l\u0131k verdi. Beklentisi y\u00fcksek bir \u00f6\u011fretmen olarak bar\u0131\u015f i\u00e7in gayret etmeyi ve gezegeni muhafazay\u0131 bize \u00f6\u011fretti. Ho\u015fg\u00f6r\u00fcl\u00fc bir \u00f6nder olarak farkl\u0131 inan\u00e7lara el uzatt\u0131. G\u00fcney Yar\u0131mk\u00fcre&#8217;den se\u00e7ilen birinci papa olarak Papa Francis, kendisinden evvel gelenlerden farkl\u0131d\u0131r&#8221; s\u00f6zlerine yer verildi.<\/p>\n<p>A\u00e7\u0131klama, &#8220;Her \u015feyden \u00f6te, o Halk\u0131n Papas\u0131 oldu. \u0130nanc\u0131n, umudun ve sevginin parlak bir \u0131\u015f\u0131\u011f\u0131 olarak d\u00fcnyan\u0131n her k\u00f6\u015fesine \u0131\u015f\u0131k sa\u00e7t\u0131&#8221; kelamlar\u0131yla tamamland\u0131.<\/p>\n<p><b>ESK\u0130 DOSTLAR<\/b><\/p>\n<p>Biden, ABD tarihinde ikinci Katolik lider olarak misyon yapt\u0131. Papa Francis ile Biden&#8217;\u0131n m\u00fcnasebeti ise y\u0131llard\u0131r devam ediyor. Biden ba\u015fkanl\u0131k \u00f6ncesinde de s\u0131k s\u0131k Papa ile bir ortaya geldi ve lider yard\u0131mc\u0131l\u0131\u011f\u0131 s\u0131ras\u0131nda Papa ile\u00a0 \u00fc\u00e7 kere bulu\u015ftu.<\/p>\n<p>Ge\u00e7i\u015f s\u00fcrecinde yapt\u0131klar\u0131 telefon g\u00f6r\u00fc\u015fmesiyle ba\u011flant\u0131lar\u0131 peki\u015fti. Biden, konu\u015fmalar\u0131nda s\u0131k s\u0131k Papa Francis&#8217;in kelamlar\u0131na at\u0131fta bulundu.<\/p>\n<p>Biden&#8217;\u0131n merasim s\u0131ras\u0131nda yapt\u0131\u011f\u0131 konu\u015fmada, Papa&#8217;n\u0131n &#8220;d\u00fcnyaya \u00f6rnek olan al\u00e7akg\u00f6n\u00fcll\u00fc bir liderlik modeli&#8221; sundu\u011funu s\u00f6yledi. Papa&#8217;n\u0131n b\u00f6lgesel sava\u015flar\u0131n sonland\u0131r\u0131lmas\u0131yla ilgili bildirilerinin alt\u0131n\u0131 \u00e7izdi.<\/p>\n<p>\u00a0<\/p>\n<\/p><\/div>\n<\/p><\/div>\n<\/p><\/div>\n<\/p><\/div>\n<\/p><\/div>\n<\/p><\/div>\n<\/p><\/div>\n<\/p><\/div>\n","protected":false},"excerpt":{"rendered":"<p>Lider Biden, Papa Francis&#8217;e Ba\u015fkanl\u0131k \u00d6zg\u00fcrl\u00fck Madalyas\u0131&#8217;n\u0131 takdim etti. Beyaz Saray, Papa&#8217;n\u0131n &#8220;yoksullara hizmet eden, bar\u0131\u015fa ve gezegenin korunmas\u0131na adanm\u0131\u015f&#8221; liderli\u011fini \u00f6vd\u00fc. \u0130kili ortas\u0131ndaki y\u0131llara dayanan dostluk, merasimde bir sefer daha vurguland\u0131.<\/p>\n","protected":false},"author":1,"featured_media":7240,"comment_status":"open","ping_status":"open","sticky":false,"template":"","format":"standard","meta":{"footnotes":""},"categories":[43],"tags":[32,465,1372,1816],"class_list":["post-7239","post","type-post","status-publish","format-standard","has-post-thumbnail","hentry","category-dunya","tag-baskan","tag-biden","tag-papa","tag-papa-francis"],"_links":{"self":[{"href":"https:\/\/ikimisli.tr\/index.php\/wp-json\/wp\/v2\/posts\/7239","targetHints":{"allow":["GET"]}}],"collection":[{"href":"https:\/\/ikimisli.tr\/index.php\/wp-json\/wp\/v2\/posts"}],"about":[{"href":"https:\/\/ikimisli.tr\/index.php\/wp-json\/wp\/v2\/types\/post"}],"author":[{"embeddable":true,"href":"https:\/\/ikimisli.tr\/index.php\/wp-json\/wp\/v2\/users\/1"}],"replies":[{"embeddable":true,"href":"https:\/\/ikimisli.tr\/index.php\/wp-json\/wp\/v2\/comments?post=7239"}],"version-history":[{"count":1,"href":"https:\/\/ikimisli.tr\/index.php\/wp-json\/wp\/v2\/posts\/7239\/revisions"}],"predecessor-version":[{"id":7241,"href":"https:\/\/ikimisli.tr\/index.php\/wp-json\/wp\/v2\/posts\/7239\/revisions\/7241"}],"wp:featuredmedia":[{"embeddable":true,"href":"https:\/\/ikimisli.tr\/index.php\/wp-json\/wp\/v2\/media\/7240"}],"wp:attachment":[{"href":"https:\/\/ikimisli.tr\/index.php\/wp-json\/wp\/v2\/media?parent=7239"}],"wp:term":[{"taxonomy":"category","embeddable":true,"href":"https:\/\/ikimisli.tr\/index.php\/wp-json\/wp\/v2\/categories?post=7239"},{"taxonomy":"post_tag","embeddable":true,"href":"https:\/\/ikimisli.tr\/index.php\/wp-json\/wp\/v2\/tags?post=7239"}],"curies":[{"name":"wp","href":"https:\/\/api.w.org\/{rel}","templated":true}]}}