{"id":72404,"date":"2025-08-24T08:08:34","date_gmt":"2025-08-24T08:08:34","guid":{"rendered":"https:\/\/ikimisli.tr\/?p=72404"},"modified":"2025-08-24T08:08:34","modified_gmt":"2025-08-24T08:08:34","slug":"belediye-kasasi-yandasa-acik-akpli-yoneticiye-dogrudan-13-milyon-tl","status":"publish","type":"post","link":"https:\/\/ikimisli.tr\/index.php\/2025\/08\/24\/belediye-kasasi-yandasa-acik-akpli-yoneticiye-dogrudan-13-milyon-tl\/","title":{"rendered":"Belediye kasas\u0131 yanda\u015fa a\u00e7\u0131k: AKP&#8217;li y\u00f6neticiye do\u011frudan 1,3 milyon TL!"},"content":{"rendered":"<p>AKP\u2019li Kocaeli B\u00fcy\u00fck\u015fehir Belediyesi, 31 Temmuz\u2019da yapt\u0131\u011f\u0131 iki ihaleyi partili y\u00f6neticinin \u015firketine direkt teminle verdi. Toplam bedel, 1 milyon 310 bin TL.<\/p>\n<p>Ekonomik kriz nedeniyle temel gereksinimlerini bile kar\u015f\u0131lamakta zorlanan halk, fatura ve art\u0131r\u0131mlarla bo\u011fu\u015furken, kamu kurumlar\u0131nda kaynaklar\u0131n kimlere aktar\u0131ld\u0131\u011f\u0131 bir kere daha g\u00fcndemde.<\/p>\n<p>AKP\u2019li Kocaeli B\u00fcy\u00fck\u015fehir Belediyesi i\u015ftiraki Ula\u015f\u0131mPark A.\u015e, 31 Temmuz\u2019da \u201cBask\u0131 Kar\u015f\u0131l\u0131\u011f\u0131 \u00c7\u0131kt\u0131 Hizmeti Al\u0131m\u0131\u201d ismiyle ger\u00e7ekle\u015ftirdi\u011fi iki ba\u015fka direkt temin ihalesini, AKP Kocaeli Vilayet Lider Yard\u0131mc\u0131s\u0131 ve Tan\u0131t\u0131m-Medya Ba\u015fkan\u0131 Murat Ergelen\u2019in sahibi oldu\u011fu ERG Bilgi Teknolojileri \u015eirketi\u2019ne verdi. Bu iki ihalenin toplam bedeli ise 1 milyon 310 bin 250 TL oldu. Direkt temin sistemiyle ger\u00e7ekle\u015ftirilen al\u0131mlar\u0131n tek bir \u015firkette toplanmas\u0131, kamu kaynaklar\u0131n\u0131n belirli adreslere y\u00f6nlendirildi\u011fine dair tenkitleri tekrar g\u00fcndeme ta\u015f\u0131d\u0131.<\/p>\n<p><img decoding=\"async\" src=\"https:\/\/ikimisli.tr\/wp-content\/uploads\/2025\/08\/belediye-kasasi-yandasa-acik-akpli-yoneticiye-dogrudan-13-milyon-tl-0-4pKZb1eM.jpeg\"\/><\/p>\n<p><b>\u201c\u0130HALE \u015eUURLU HALDE B\u00d6L\u00dcNM\u00dc\u015e\u201d<\/b><\/p>\n<p>Kocaeli B\u00fcy\u00fck\u015fehir Belediyesi CHP Meclis \u00dcyesi \u0130lker Ulusoy, S\u00d6ZC\u00dc\u2019ye yapt\u0131\u011f\u0131 a\u00e7\u0131klamada direkt teminle yap\u0131lan ihalenin limit \u00fcst\u00fc oldu\u011fu i\u00e7in \u015fuurlu formda ikiye b\u00f6l\u00fcnd\u00fc\u011f\u00fcn\u00fc s\u00f6yledi. Ulusoy \u015fu s\u00f6zleri kulland\u0131;<\/p>\n<p>-Kocaeli B\u00fcy\u00fck\u015fehir Belediyesi taraf\u0131ndan ger\u00e7ekle\u015ftirilen bask\u0131 kar\u015f\u0131l\u0131\u011f\u0131 \u00e7\u0131kt\u0131 hizmeti al\u0131m\u0131 ihalesi san\u0131r\u0131m ke\u015fif bedeli direkt temin bedeli limitinin 800 bin 366 TL \u00fczerinde oldu\u011fundan ikiye b\u00f6l\u00fcnm\u00fc\u015f.<\/p>\n<p>-\u0130hale kanuna ters formda iki mod\u00fcle b\u00f6l\u00fcnerek direkt temin prosed\u00fcr\u00fcyle t\u0131pk\u0131 g\u00fcn yap\u0131lm\u0131\u015f. \u0130hale, AKP \u0130l Y\u00f6netim Kurulu \u00dcyesi ve Medya-Tan\u0131t\u0131m\u2019dan sorumlu Vilayet lider yard\u0131mc\u0131s\u0131 Murat Ergelen\u2019in sahibi oldu\u011fu ERG Bilgi Teknolojileri Sanayi ve Ticaret Ltd. \u015eti.\u2019ne verilmi\u015f.<\/p>\n<p>-4734 say\u0131l\u0131 Kamu \u0130hale Kanunu\u2019nun 5. 11. ve 17. Unsurlar\u0131na kar\u015f\u0131tl\u0131k g\u00f6stermekte. Kamu kaynaklar\u0131n\u0131n \u015feffaf, adil ve rekabet\u00e7i s\u00fcre\u00e7lerle kullan\u0131lmas\u0131 gerekirken, ihalelerin mevzuata ayk\u0131r\u0131 y\u00f6ntemlerle b\u00f6l\u00fcnerek parti y\u00f6neticilerinin \u015firketlerine verilmesi zahmetli bir durumdur.<\/p>\n<p>-\u0130hale direkt temin yerine pazarl\u0131k yahut a\u00e7\u0131k ihale usulleri ile yap\u0131lmas\u0131 daha etik olurdu. Tabi ki ihale bedelleri \u00e7ok b\u00fcy\u00fck say\u0131lar \u00fczere g\u00f6z\u00fckmese de tarafl\u0131 bir ihale yap\u0131lm\u0131\u015f. Bu durumu ihale kanununu 5,11 ve 17 unsurlar\u0131 a\u00e7\u0131k bir halde tan\u0131ml\u0131yor. \u0130hale i\u00e7eriklerini bilemiyorum t\u0131pk\u0131 nitelik ve i\u00e7erikte ise yanl\u0131\u015f. Farkl\u0131 i\u00e7erikler var ise etik olmamakla birlikte yasaya ters bir durum kelam konusu de\u011fildir diye d\u00fc\u015f\u00fcn\u00fcyorum.\u201d<\/p>\n","protected":false},"excerpt":{"rendered":"<p>Derinle\u015fen ekonomik kriz, milyonlarca yurtta\u015f\u0131 yoksullu\u011fa s\u00fcr\u00fcklerken, AKP\u2019li Kocaeli B\u00fcy\u00fck\u015fehir Belediyesi 1,3 milyon TL\u2019lik iki ba\u015fka ihaleyi partili y\u00f6neticinin \u015firketine direkt teminle verdi.<\/p>\n","protected":false},"author":1,"featured_media":72405,"comment_status":"open","ping_status":"open","sticky":false,"template":"","format":"standard","meta":{"footnotes":""},"categories":[25],"tags":[8639,206,1723],"class_list":["post-72404","post","type-post","status-publish","format-standard","has-post-thumbnail","hentry","category-gundem","tag-dogrudan-temin","tag-ihale","tag-kocaeli"],"_links":{"self":[{"href":"https:\/\/ikimisli.tr\/index.php\/wp-json\/wp\/v2\/posts\/72404","targetHints":{"allow":["GET"]}}],"collection":[{"href":"https:\/\/ikimisli.tr\/index.php\/wp-json\/wp\/v2\/posts"}],"about":[{"href":"https:\/\/ikimisli.tr\/index.php\/wp-json\/wp\/v2\/types\/post"}],"author":[{"embeddable":true,"href":"https:\/\/ikimisli.tr\/index.php\/wp-json\/wp\/v2\/users\/1"}],"replies":[{"embeddable":true,"href":"https:\/\/ikimisli.tr\/index.php\/wp-json\/wp\/v2\/comments?post=72404"}],"version-history":[{"count":1,"href":"https:\/\/ikimisli.tr\/index.php\/wp-json\/wp\/v2\/posts\/72404\/revisions"}],"predecessor-version":[{"id":72407,"href":"https:\/\/ikimisli.tr\/index.php\/wp-json\/wp\/v2\/posts\/72404\/revisions\/72407"}],"wp:featuredmedia":[{"embeddable":true,"href":"https:\/\/ikimisli.tr\/index.php\/wp-json\/wp\/v2\/media\/72405"}],"wp:attachment":[{"href":"https:\/\/ikimisli.tr\/index.php\/wp-json\/wp\/v2\/media?parent=72404"}],"wp:term":[{"taxonomy":"category","embeddable":true,"href":"https:\/\/ikimisli.tr\/index.php\/wp-json\/wp\/v2\/categories?post=72404"},{"taxonomy":"post_tag","embeddable":true,"href":"https:\/\/ikimisli.tr\/index.php\/wp-json\/wp\/v2\/tags?post=72404"}],"curies":[{"name":"wp","href":"https:\/\/api.w.org\/{rel}","templated":true}]}}