{"id":72456,"date":"2025-08-24T11:20:33","date_gmt":"2025-08-24T11:20:33","guid":{"rendered":"https:\/\/ikimisli.tr\/?p=72456"},"modified":"2025-08-24T11:20:33","modified_gmt":"2025-08-24T11:20:33","slug":"kusadasinda-taksici-cinayeti-pesine-dusup-oldurdu","status":"publish","type":"post","link":"https:\/\/ikimisli.tr\/index.php\/2025\/08\/24\/kusadasinda-taksici-cinayeti-pesine-dusup-oldurdu\/","title":{"rendered":"Ku\u015fadas\u0131&#8217;nda taksici cinayeti: Pe\u015fine d\u00fc\u015f\u00fcp \u00f6ld\u00fcrd\u00fc"},"content":{"rendered":"<p><span>A<\/span><span>yd<\/span><span>\u0131<\/span><span>n<\/span><span>&#8216;<\/span><span>\u0131n Ku\u015fadas\u0131 il<\/span><span>\u00e7esinde tart<\/span><span>\u0131\u015ft\u0131\u011f\u0131 taksici Vural \u0130\u015fcan&#8217;\u0131 (39) b\u0131<\/span><span>\u00e7aklayarak \u00f6ld\u00fcren seyyar parf\u00fcmc\u00fc Sercan G\u00f6rer (39), tutukland<\/span><span>\u0131.<\/span><\/p>\n<p><span>Olay, d<\/span><span>\u00fcn saat 03.00 s<\/span><span>\u0131ralar\u0131nda Karaova Mahallesi\u2019nde meydana geldi. Teze g<\/span><span>\u00f6re; alkoll\u00fc oldu<\/span><span>\u011fu <\/span><span>\u00f6ne s\u00fcr\u00fclen seyyar parf\u00fcmc\u00fc Sercan G\u00f6rer, taksicilik yapan Vural <\/span><span>\u0130\u015fcan&#8217;dan dura\u011f\u0131n tuvaletinin anahtar\u0131n\u0131 istedi. Bu s\u0131rada ikili ortas\u0131nda tart\u0131\u015fma <\/span><span>\u00e7<\/span><span>\u0131kt\u0131. Tart\u0131\u015fman\u0131n akabinde Vural \u0130\u015fcan, Karaova Mahallesi&#8217;ne m<\/span><span>\u00fc<\/span><span>\u015fteri g<\/span><span>\u00f6t\u00fcrd\u00fc. G\u00f6rer, motosikletiyle <\/span><span>\u0130\u015fcan&#8217;\u0131n pe\u015fine d<\/span><span>\u00fc<\/span><span>\u015ft<\/span><span>\u00fc. G\u00f6rer, Nazilli Halk Pazar<\/span><span>\u0131&#8217;n\u0131n <\/span><span>\u00f6n\u00fcnde geldiklerinde m\u00fc<\/span><span>\u015fterisini indiren \u0130\u015fcan&#8217;\u0131 b\u0131<\/span><span>\u00e7aklad<\/span><span>\u0131. Ald\u0131\u011f\u0131 b\u0131<\/span><span>\u00e7ak darbeleriyle bedeninin \u00e7e<\/span><span>\u015fitli yerlerinden yaralanan Vural \u0130\u015fcan, ara<\/span><span>\u00e7 telsiziyle durumu taksi dura<\/span><span>\u011f\u0131ndaki arkada\u015flar\u0131na bildirdi. \u0130hbarla gelen ambulansla Ku\u015fadas\u0131 Devlet Hastanesi&#8217;ne kald\u0131r\u0131lan \u0130\u015fcan, kurtar\u0131lamad\u0131. Olaydan sonra ka<\/span><span>\u00e7an G\u00f6rer, polis tak\u0131mlar\u0131nca yakaland<\/span><span>\u0131.<\/span><\/p>\n<p><b><span>TARTI\u015eTIKLARI ANLAR KAMERADA<\/span><\/b><\/p>\n<p><span>\u0130\u015fcan&#8217;\u0131n hayat\u0131n\u0131 kaybetti\u011fi olay <\/span><span>\u00f6ncesinde ya<\/span><span>\u015fanan tart\u0131\u015fman\u0131n g<\/span><span>\u00fcvenlik kamera manzaralar\u0131 ortaya \u00e7<\/span><span>\u0131kt\u0131. G<\/span><span>\u00f6r\u00fcnt\u00fclerde; Sercan G\u00f6rer&#8217;in taksi dura<\/span><span>\u011f\u0131na gelip, Vural \u0130\u015fcan&#8217;dan tuvaletin anahtar\u0131n\u0131 istemesinin akabinde ikili ortas\u0131nda ya\u015fanan tart\u0131\u015fmay\u0131, polis ve durakta bulunan ba\u015fka \u015fof<\/span><span>\u00f6rlerin ortaya girerek sonland<\/span><span>\u0131rmaya <\/span><span>\u00e7al<\/span><span>\u0131\u015fmas\u0131 yer al\u0131yor.<\/span><\/p>\n<p><b><span>\u00c7ALI<\/span><span>\u015eTI\u011eI TAKS\u0130 DURA\u011eINA T<\/span><span>\u00dcRK BAYRA<\/span><span>\u011eI ASILDI<\/span><\/b><\/p>\n<p><span>\u00d6te yandan hayat<\/span><span>\u0131n\u0131 kaybeden Vural \u0130\u015fcan&#8217;\u0131n cenazesi memleketi Ayd\u0131n&#8217;\u0131n Germencik il<\/span><span>\u00e7esinde topra<\/span><span>\u011fa verilirken, <\/span><span>\u00e7al<\/span><span>\u0131\u015ft\u0131\u011f\u0131 taksi dura\u011f\u0131na da arkada\u015flar\u0131 T<\/span><span>\u00fcrk bayra<\/span><span>\u011f\u0131 as\u0131p, <\/span><span>\u00fczerinde &#8216;Cenazemiz dolay<\/span><span>\u0131s\u0131yla bug<\/span><span>\u00fcn hizmet veremiyoruz&#8217; yaz<\/span><span>\u0131l\u0131 bilgi notu yap\u0131\u015ft\u0131rd\u0131. Emniyetteki s\u00fcre\u00e7leri tamamlanan G<\/span><span>\u00f6rer, sevk edildi<\/span><span>\u011fi adliyede <\/span><span>\u00e7<\/span><span>\u0131kar\u0131ld\u0131\u011f\u0131 mahkemece bug<\/span><span>\u00fcn tutukland<\/span><span>\u0131. <\/span><span>\u00d6te yandan G\u00f6rer&#8217;in olay \u00f6ncesi e<\/span><span>\u015fi ve <\/span><span>\u00e7ocu<\/span><span>\u011fuyla da tart\u0131\u015f\u0131p \u015fiddet uygulad\u0131\u011f\u0131 <\/span><span>\u00f6ne s\u00fcr\u00fcld\u00fc.<\/span><\/p>\n","protected":false},"excerpt":{"rendered":"<p>Ku\u015fadas\u0131&#8217;nda taksiciyi \u00f6ld\u00fcren seyyar parf\u00fcmc\u00fc tutukland\u0131.<\/p>\n","protected":false},"author":1,"featured_media":72457,"comment_status":"open","ping_status":"open","sticky":false,"template":"","format":"standard","meta":{"footnotes":""},"categories":[25],"tags":[8648,4235,8647,8649],"class_list":["post-72456","post","type-post","status-publish","format-standard","has-post-thumbnail","hentry","category-gundem","tag-dura","tag-taksi","tag-tart","tag-vural"],"_links":{"self":[{"href":"https:\/\/ikimisli.tr\/index.php\/wp-json\/wp\/v2\/posts\/72456","targetHints":{"allow":["GET"]}}],"collection":[{"href":"https:\/\/ikimisli.tr\/index.php\/wp-json\/wp\/v2\/posts"}],"about":[{"href":"https:\/\/ikimisli.tr\/index.php\/wp-json\/wp\/v2\/types\/post"}],"author":[{"embeddable":true,"href":"https:\/\/ikimisli.tr\/index.php\/wp-json\/wp\/v2\/users\/1"}],"replies":[{"embeddable":true,"href":"https:\/\/ikimisli.tr\/index.php\/wp-json\/wp\/v2\/comments?post=72456"}],"version-history":[{"count":1,"href":"https:\/\/ikimisli.tr\/index.php\/wp-json\/wp\/v2\/posts\/72456\/revisions"}],"predecessor-version":[{"id":72458,"href":"https:\/\/ikimisli.tr\/index.php\/wp-json\/wp\/v2\/posts\/72456\/revisions\/72458"}],"wp:featuredmedia":[{"embeddable":true,"href":"https:\/\/ikimisli.tr\/index.php\/wp-json\/wp\/v2\/media\/72457"}],"wp:attachment":[{"href":"https:\/\/ikimisli.tr\/index.php\/wp-json\/wp\/v2\/media?parent=72456"}],"wp:term":[{"taxonomy":"category","embeddable":true,"href":"https:\/\/ikimisli.tr\/index.php\/wp-json\/wp\/v2\/categories?post=72456"},{"taxonomy":"post_tag","embeddable":true,"href":"https:\/\/ikimisli.tr\/index.php\/wp-json\/wp\/v2\/tags?post=72456"}],"curies":[{"name":"wp","href":"https:\/\/api.w.org\/{rel}","templated":true}]}}