{"id":7247,"date":"2025-01-27T07:47:42","date_gmt":"2025-01-27T07:47:42","guid":{"rendered":"https:\/\/ikimisli.tr\/?p=7247"},"modified":"2025-01-27T07:47:42","modified_gmt":"2025-01-27T07:47:42","slug":"bakanlik-acikladi-yavru-gorilin-adi-belli-oldu","status":"publish","type":"post","link":"https:\/\/ikimisli.tr\/index.php\/2025\/01\/27\/bakanlik-acikladi-yavru-gorilin-adi-belli-oldu\/","title":{"rendered":"Bakanl\u0131k a\u00e7\u0131klad\u0131: Yavru gorilin ad\u0131 belli oldu"},"content":{"rendered":"<p>Tar\u0131m ve Orman Bakanl\u0131\u011f\u0131, yapt\u0131\u011f\u0131 payla\u015f\u0131mla \u0130stanbul Havaliman\u0131&#8217;nda yakalanan goril yavrusuna isim arand\u0131\u011f\u0131n\u0131 duyurmu\u015ftu.<\/p>\n<p>Bakanl\u0131\u011f\u0131n X toplumsal medya hesab\u0131ndan, Ticaret Bakanl\u0131\u011f\u0131na ba\u011fl\u0131 G\u00fcmr\u00fckler Koruma gruplar\u0131n\u0131n \u0130stanbul Havaliman\u0131&#8217;nda yakalad\u0131\u011f\u0131 ku\u015fa\u011f\u0131 t\u00fckenmek \u00fczere olan goril yavrusuna ait payla\u015f\u0131m yap\u0131ld\u0131.<\/p>\n<p><img decoding=\"async\" src=\"https:\/\/ikimisli.tr\/wp-content\/uploads\/2025\/01\/bakanlik-acikladi-yavru-gorilin-adi-belli-oldu-0-AQXQdQ18.jpg\"\/><\/p>\n<p>Bakanl\u0131k payla\u015f\u0131m\u0131nda kamuoyunun merakla takip etti\u011fi goril yavrusuna ait, &#8220;\u00c7ok sevilen yavru gorilin ismini ar\u0131yoruz. Tekliflerinizi #Bence\u0130smi etiketine bekliyoruz.&#8221; tabiri kullan\u0131ld\u0131.<\/p>\n<p><strong>YAVRU GOR\u0130L\u0130N \u0130SM\u0130 &#8216;ZEYT\u0130N&#8217; OLDU<\/strong><\/p>\n<p>Milyonlarca kullan\u0131c\u0131n\u0131n kat\u0131ld\u0131\u011f\u0131 anketin akabinde Bakanl\u0131k, yavru gorilin isminin &#8216;Zeytin&#8217; olarak belirlendi\u011fini duyurdu.\u00a0<\/p>\n<p><img decoding=\"async\" src=\"https:\/\/ikimisli.tr\/wp-content\/uploads\/2025\/01\/bakanlik-acikladi-yavru-gorilin-adi-belli-oldu-1-KlesDpxP.jpg\"\/><\/p>\n","protected":false},"excerpt":{"rendered":"<p>Tar\u0131m ve Orman Bakanl\u0131\u011f\u0131, ge\u00e7ti\u011fimiz g\u00fcnlerde \u0130stanbul Havaliman\u0131&#8217;nda bir yolcunun valizinde yakalanan yavru goril i\u00e7in isim anketi ba\u015flatm\u0131\u015ft\u0131. Milyonlarca oyun akabinde yavru gorilin ismi &#8216;Zeytin&#8217; olarak belirlendi.<\/p>\n","protected":false},"author":1,"featured_media":7248,"comment_status":"open","ping_status":"open","sticky":false,"template":"","format":"standard","meta":{"footnotes":""},"categories":[25],"tags":[755,586],"class_list":["post-7247","post","type-post","status-publish","format-standard","has-post-thumbnail","hentry","category-gundem","tag-goril","tag-yavru"],"_links":{"self":[{"href":"https:\/\/ikimisli.tr\/index.php\/wp-json\/wp\/v2\/posts\/7247","targetHints":{"allow":["GET"]}}],"collection":[{"href":"https:\/\/ikimisli.tr\/index.php\/wp-json\/wp\/v2\/posts"}],"about":[{"href":"https:\/\/ikimisli.tr\/index.php\/wp-json\/wp\/v2\/types\/post"}],"author":[{"embeddable":true,"href":"https:\/\/ikimisli.tr\/index.php\/wp-json\/wp\/v2\/users\/1"}],"replies":[{"embeddable":true,"href":"https:\/\/ikimisli.tr\/index.php\/wp-json\/wp\/v2\/comments?post=7247"}],"version-history":[{"count":1,"href":"https:\/\/ikimisli.tr\/index.php\/wp-json\/wp\/v2\/posts\/7247\/revisions"}],"predecessor-version":[{"id":7251,"href":"https:\/\/ikimisli.tr\/index.php\/wp-json\/wp\/v2\/posts\/7247\/revisions\/7251"}],"wp:featuredmedia":[{"embeddable":true,"href":"https:\/\/ikimisli.tr\/index.php\/wp-json\/wp\/v2\/media\/7248"}],"wp:attachment":[{"href":"https:\/\/ikimisli.tr\/index.php\/wp-json\/wp\/v2\/media?parent=7247"}],"wp:term":[{"taxonomy":"category","embeddable":true,"href":"https:\/\/ikimisli.tr\/index.php\/wp-json\/wp\/v2\/categories?post=7247"},{"taxonomy":"post_tag","embeddable":true,"href":"https:\/\/ikimisli.tr\/index.php\/wp-json\/wp\/v2\/tags?post=7247"}],"curies":[{"name":"wp","href":"https:\/\/api.w.org\/{rel}","templated":true}]}}