{"id":72586,"date":"2025-08-24T18:56:33","date_gmt":"2025-08-24T18:56:33","guid":{"rendered":"https:\/\/ikimisli.tr\/?p=72586"},"modified":"2025-08-24T18:56:33","modified_gmt":"2025-08-24T18:56:33","slug":"pazara-giden-vatandas-birinci-sinifi-zenginler-yer-gariban-ikinci-sinifa-razi","status":"publish","type":"post","link":"https:\/\/ikimisli.tr\/index.php\/2025\/08\/24\/pazara-giden-vatandas-birinci-sinifi-zenginler-yer-gariban-ikinci-sinifa-razi\/","title":{"rendered":"Pazara giden vatanda\u015f: &#8220;Birinci s\u0131n\u0131f\u0131 zenginler yer, gariban ikinci s\u0131n\u0131fa raz\u0131&#8221;"},"content":{"rendered":"<p>Emekli ayl\u0131\u011f\u0131yla ge\u00e7inmeye \u00e7al\u0131\u015fan bir vatanda\u015f, ekonomik d\u00fc\u015f\u00fcncelerin geldi\u011fi boyutu \u015fu s\u00f6zlerle anlatt\u0131:<\/p>\n<p>\u201cAk\u015fam pazar\u0131 oldu\u011fu i\u00e7in uygun, ak\u015fam\u0131 bekliyoruz. B\u00fct\u00e7emiz dar. Gelirimiz yok. Benim 65 ya\u015f ayl\u0131\u011f\u0131m var, onunla ge\u00e7inmeye \u00e7al\u0131\u015f\u0131yorum. Millet toplama basama\u011f\u0131nda&#8230; Ben de topluyorum. Paramla alam\u0131yorum d\u00f6k\u00fclenleri. Sa\u011f olsun tan\u0131d\u0131klar verirse yiyorum, yoksa yemiyorum.\u201d<\/p>\n<p><b>&#8216;B\u0130R\u0130NC\u0130 KAL\u0130TEY\u0130 ZENG\u0130NLER ALIYOR&#8217;<\/b><\/p>\n<p>Ba\u015fka bir vatanda\u015f ise, kaliteli eserlere eri\u015fimin art\u0131k bir l\u00fcks haline geldi\u011fini belirtti:<\/p>\n<p>\u201c\u00dc\u00e7\u00fcnc\u00fc s\u0131n\u0131f, ikinci s\u0131n\u0131f meyve zerzevat al\u0131yorum. Birinci kaliteyi zenginler al\u0131yor, biz de kalan\u0131n\u0131 yiyoruz. \u015eeftali ald\u0131m, iki kilo 100 lirayd\u0131 sabah. Ak\u015fam 50 liraya d\u00fc\u015ft\u00fc zira ikinci s\u0131n\u0131f, biraz \u00e7\u00fcr\u00fck.\u201d<\/p>\n<p>Tar\u0131m emek\u00e7isi oldu\u011funu s\u00f6yleyen bir yurtta\u015f ise, ge\u00e7im me\u015fakkati nedeniyle ak\u015fam pazar\u0131na y\u00f6neldi\u011fini lisana getirdi:<\/p>\n<p>\u201cTarlada \u00e7al\u0131\u015f\u0131yorum, e\u015fim taban fiyatl\u0131. \u0130ki \u00e7ocu\u011fumuz var, \u00f6\u011frenci. Maa\u015f yetmiyor. O y\u00fczden ak\u015fam\u00fczeri pazara geliyoruz. Fiyatlar neredeyse yar\u0131 yar\u0131ya d\u00fc\u015f\u00fcyor.\u201d<\/p>\n<p><b>&#8217;40 L\u0130RALIK DOMATES AK\u015eAM 20 L\u0130RA&#8217;<\/b><\/p>\n<p>Bir emekli vatanda\u015f da durumu \u015fu s\u00f6zlerle \u00f6zetledi:<\/p>\n<p>\u201cDomates sabah 40 lirayd\u0131, ak\u015fam 20 liraya d\u00fc\u015ft\u00fc. Daima ak\u015fam pazara geliyorum. Emekliyim, \u00f6teki t\u00fcrl\u00fc ge\u00e7inemiyorum.\u201d<\/p>\n<p>Kadirli\u2019deki semt pazarlar\u0131nda ya\u015fanan bu g\u00f6r\u00fcn\u00fcm, T\u00fcrkiye&#8217;nin d\u00f6rt bir yan\u0131nda derinle\u015fen gelir adaletsizli\u011fini ve yoksullu\u011fun sessiz \u00e7\u0131\u011fl\u0131\u011f\u0131n\u0131 yans\u0131t\u0131yor. Vatanda\u015flar, bir vakitler &#8220;\u00e7\u00fcr\u00fck&#8221; diye ay\u0131rt edilen eserleri art\u0131k &#8220;tek se\u00e7enek&#8221; olarak g\u00f6r\u00fcyor.<\/p>\n","protected":false},"excerpt":{"rendered":"<p>Osmaniye\u2019nin Kadirli il\u00e7esinde, hayat pahal\u0131l\u0131\u011f\u0131 ve d\u00fc\u015fen al\u0131m g\u00fcc\u00fc, vatanda\u015flar\u0131 semt pazarlar\u0131n\u0131n ak\u015fam saatlerinde al\u0131\u015fveri\u015f yapmaya zorluyor. Bir\u00e7ok ki\u015fi, fiyatlar\u0131n d\u00fc\u015fmesini bekleyip pazara ak\u015fam\u00fczeri giderek ya indirimli ya da \u00e7\u00fcr\u00fck sebze-meyve sat\u0131n al\u0131yor. Baz\u0131lar\u0131 ise d\u00f6k\u00fclen eserleri fiyats\u0131z toplamak zorunda kal\u0131yor.<\/p>\n","protected":false},"author":1,"featured_media":72587,"comment_status":"open","ping_status":"open","sticky":false,"template":"","format":"standard","meta":{"footnotes":""},"categories":[25],"tags":[139],"class_list":["post-72586","post","type-post","status-publish","format-standard","has-post-thumbnail","hentry","category-gundem","tag-aksam"],"_links":{"self":[{"href":"https:\/\/ikimisli.tr\/index.php\/wp-json\/wp\/v2\/posts\/72586","targetHints":{"allow":["GET"]}}],"collection":[{"href":"https:\/\/ikimisli.tr\/index.php\/wp-json\/wp\/v2\/posts"}],"about":[{"href":"https:\/\/ikimisli.tr\/index.php\/wp-json\/wp\/v2\/types\/post"}],"author":[{"embeddable":true,"href":"https:\/\/ikimisli.tr\/index.php\/wp-json\/wp\/v2\/users\/1"}],"replies":[{"embeddable":true,"href":"https:\/\/ikimisli.tr\/index.php\/wp-json\/wp\/v2\/comments?post=72586"}],"version-history":[{"count":1,"href":"https:\/\/ikimisli.tr\/index.php\/wp-json\/wp\/v2\/posts\/72586\/revisions"}],"predecessor-version":[{"id":72588,"href":"https:\/\/ikimisli.tr\/index.php\/wp-json\/wp\/v2\/posts\/72586\/revisions\/72588"}],"wp:featuredmedia":[{"embeddable":true,"href":"https:\/\/ikimisli.tr\/index.php\/wp-json\/wp\/v2\/media\/72587"}],"wp:attachment":[{"href":"https:\/\/ikimisli.tr\/index.php\/wp-json\/wp\/v2\/media?parent=72586"}],"wp:term":[{"taxonomy":"category","embeddable":true,"href":"https:\/\/ikimisli.tr\/index.php\/wp-json\/wp\/v2\/categories?post=72586"},{"taxonomy":"post_tag","embeddable":true,"href":"https:\/\/ikimisli.tr\/index.php\/wp-json\/wp\/v2\/tags?post=72586"}],"curies":[{"name":"wp","href":"https:\/\/api.w.org\/{rel}","templated":true}]}}