{"id":72713,"date":"2025-08-25T02:44:31","date_gmt":"2025-08-25T02:44:31","guid":{"rendered":"https:\/\/ikimisli.tr\/?p=72713"},"modified":"2025-08-25T02:44:31","modified_gmt":"2025-08-25T02:44:31","slug":"cete-lideri-aktasa-8-koruma-verilmis","status":"publish","type":"post","link":"https:\/\/ikimisli.tr\/index.php\/2025\/08\/25\/cete-lideri-aktasa-8-koruma-verilmis\/","title":{"rendered":"&#8216;\u00c7ete lideri Akta\u015f&#8217;a 8 koruma verilmi\u015f&#8217;"},"content":{"rendered":"<p>\u0130ktidara yak\u0131n bir gazetenin muharriri, faal pi\u015fmanl\u0131ktan yararlanarak verdi\u011fi s\u00f6zlerle CHP\u2019li belediye ba\u015f kanlar\u0131n\u0131n tutuklanmas\u0131na yol a\u00e7an i\u015f insan\u0131 Aziz \u0130hsan Akta\u015f\u2019a sekiz m\u00fcdafaa verildi\u011fini yazd\u0131. Akta\u015f hakk\u0131ndaki mesken mahpusu karar\u0131 kald\u0131r\u0131lm\u0131\u015ft\u0131.<\/p>\n<p><b>SIKI KORUNUYOR<\/b><\/p>\n<p>Yazar Cem K\u00fc\u00e7\u00fck, sav\u0131n\u0131 televizyon program\u0131nda lisana getirdi \u201cBir kaynak, Aziz \u0130hsan Akta\u015f\u2019a ba\u015fsavc\u0131l\u0131k taraf\u0131ndan 8 m\u00fcdafaa verildi\u011fini s\u00f6yledi. 8 muhafaza \u00e7ok \u00f6nemli bir rakam\u201d dedi ve \u015funlar\u0131 s\u00f6yledi: \u201cAziz \u0130hsan Akta\u015f ve Ertan Y\u0131ld\u0131z\u2019a m\u00fcdafaa tahsis edilmi\u015f. S\u00f6z veren bir\u00e7ok ki\u015finin polis m\u00fcdafaas\u0131 varm\u0131\u015f. Aziz \u0130hsan Akta\u015f \u00e7ok s\u0131k\u0131 korunuyormu\u015f. Aktif pi\u015fmanl\u0131ktan yararland\u0131klar\u0131 i\u00e7in m\u00fcdafaa veriliyor.\u201d<\/p>\n<p>Etkin pi\u015fmanl\u0131k kapsam\u0131n da s\u00f6z veren Akta\u015f\u2019a 4 Haziran\u2019da konut mahpusu verilmi\u015fti. \u0130tiraf\u00e7\u0131 Aziz \u0130hsan Akta\u015f, faal pi\u015fmanl\u0131ktan yararlanarak verdi\u011fi s\u00f6zlerle belgede kilit pozisyona getirilmesinin akabinde \u201csuikast\u201d arg\u00fcman\u0131yla da g\u00fcndeme oturtuldu. Arg\u00fcman\u0131n akabinde ba\u015fsavc\u0131l\u0131k\u00e7a y\u00fcr\u00fct\u00fclen soru\u015fturma kapsam\u0131nda 10 ki\u015fi tutuklanm\u0131\u015ft\u0131.<\/p>\n<p><b>8 L\u0130DER TUTUKLANDI<\/b><\/p>\n<p>\u00c7ok say\u0131da kamu kurumunun yan\u0131 s\u0131ra AKP\u2019li belediyelerle yapt\u0131\u011f\u0131 i\u015flere ait bir s\u00fcre\u00e7 yap\u0131lmayan Akta\u015f, 13 Ocak\u2019ta Be\u015fikta\u015f Belediyesi\u2019ne yap\u0131lan operasyon ile Be\u015fik ta\u015f Belediye Ba\u015fkan\u0131 R\u0131za Akpolat ile birlikte tutuklanm\u0131\u015ft\u0131. Akta\u015f \u201cetkin pi\u015fmanl\u0131k\u201d kararlar\u0131ndan yararlanabilmek i\u00e7in bir dizi tabir vermi\u015f ve bu tabirler \u00fczerine birtak\u0131m CHP\u2019li belediyelere y\u00f6nelik yeni operasyonlar d\u00fczenlenmi\u015f ve 8 CHP\u2019li lider tutuklanm\u0131\u015ft\u0131.<\/p>\n","protected":false},"excerpt":{"rendered":"<p>Aziz \u0130hsan Akta\u015f&#8217;\u0131n \u00e7ok s\u0131k\u0131 korundu\u011funu s\u00f6yleyen iktidara yak\u0131n gazeteci: 8 muhafaza \u00f6nemli bir say\u0131.<\/p>\n","protected":false},"author":1,"featured_media":72714,"comment_status":"open","ping_status":"open","sticky":false,"template":"","format":"standard","meta":{"footnotes":""},"categories":[25],"tags":[497,40,6582,1807,840],"class_list":["post-72713","post","type-post","status-publish","format-standard","has-post-thumbnail","hentry","category-gundem","tag-bas","tag-belediye","tag-etkin-pismanlik","tag-ifade","tag-koruma"],"_links":{"self":[{"href":"https:\/\/ikimisli.tr\/index.php\/wp-json\/wp\/v2\/posts\/72713","targetHints":{"allow":["GET"]}}],"collection":[{"href":"https:\/\/ikimisli.tr\/index.php\/wp-json\/wp\/v2\/posts"}],"about":[{"href":"https:\/\/ikimisli.tr\/index.php\/wp-json\/wp\/v2\/types\/post"}],"author":[{"embeddable":true,"href":"https:\/\/ikimisli.tr\/index.php\/wp-json\/wp\/v2\/users\/1"}],"replies":[{"embeddable":true,"href":"https:\/\/ikimisli.tr\/index.php\/wp-json\/wp\/v2\/comments?post=72713"}],"version-history":[{"count":1,"href":"https:\/\/ikimisli.tr\/index.php\/wp-json\/wp\/v2\/posts\/72713\/revisions"}],"predecessor-version":[{"id":72715,"href":"https:\/\/ikimisli.tr\/index.php\/wp-json\/wp\/v2\/posts\/72713\/revisions\/72715"}],"wp:featuredmedia":[{"embeddable":true,"href":"https:\/\/ikimisli.tr\/index.php\/wp-json\/wp\/v2\/media\/72714"}],"wp:attachment":[{"href":"https:\/\/ikimisli.tr\/index.php\/wp-json\/wp\/v2\/media?parent=72713"}],"wp:term":[{"taxonomy":"category","embeddable":true,"href":"https:\/\/ikimisli.tr\/index.php\/wp-json\/wp\/v2\/categories?post=72713"},{"taxonomy":"post_tag","embeddable":true,"href":"https:\/\/ikimisli.tr\/index.php\/wp-json\/wp\/v2\/tags?post=72713"}],"curies":[{"name":"wp","href":"https:\/\/api.w.org\/{rel}","templated":true}]}}