{"id":72739,"date":"2025-08-25T04:20:34","date_gmt":"2025-08-25T04:20:34","guid":{"rendered":"https:\/\/ikimisli.tr\/?p=72739"},"modified":"2025-08-25T04:20:34","modified_gmt":"2025-08-25T04:20:34","slug":"kizini-evlendiren-saadettin-saran-hungur-hungur-agladi","status":"publish","type":"post","link":"https:\/\/ikimisli.tr\/index.php\/2025\/08\/25\/kizini-evlendiren-saadettin-saran-hungur-hungur-agladi\/","title":{"rendered":"K\u0131z\u0131n\u0131 evlendiren Saadettin Saran h\u00fcng\u00fcr h\u00fcng\u00fcr a\u011flad\u0131"},"content":{"rendered":"<p>\u0130\u015f insan\u0131 Sadettin Saran\u2019\u0131n k\u0131z\u0131 ve Lalive markas\u0131n\u0131n kurucusu 28 ya\u015f\u0131ndaki Lal Saran, eski Fenerbah\u00e7e Y\u00f6netim Kurulu \u00fcyesi i\u015f insan\u0131 Bekir \u0130rdem\u2019in o\u011flu Tolga \u0130rdem ile d\u00fcnya konutuna girdi.\u00a0<\/p>\n<p>Aylard\u0131r haz\u0131rl\u0131klar\u0131 yap\u0131lan d\u00fc\u011f\u00fcn merasimi, Saran Ailesi&#8217;nin \u00c7anakkale Assos&#8217;ta bulunan aile konutunda ger\u00e7ekle\u015fti. Spor ve i\u015f d\u00fcnyas\u0131ndan \u00e7ok say\u0131da ismin kat\u0131ld\u0131\u011f\u0131 d\u00fc\u011f\u00fcn merasimine, Saadettin Saran&#8217;\u0131n duygusal anlar\u0131 damga vurdu.\u00a0<\/p>\n<p><img decoding=\"async\" src=\"https:\/\/ikimisli.tr\/wp-content\/uploads\/2025\/08\/kizini-evlendiren-saadettin-saran-hungur-hungur-agladi-0-uUdy5ZiH.webp\"\/><\/p>\n<p><strong>KIZININ MEMNUNLU\u011eUNU G\u00d6ZYA\u015eLARIYLA PAYLA\u015eTI<\/strong><\/p>\n<p>Saadettin Saran, toplumsal medya hesab\u0131ndan payla\u015ft\u0131\u011f\u0131 d\u00fc\u011f\u00fcn manzaralar\u0131nda k\u0131z\u0131 Lal Saran&#8217;a refakat etti\u011fi ve g\u00f6z ya\u015flar\u0131na hakim olamad\u0131\u011f\u0131 anlara yer verdi.\u00a0<\/p>\n<p><img decoding=\"async\" src=\"https:\/\/ikimisli.tr\/wp-content\/uploads\/2025\/08\/kizini-evlendiren-saadettin-saran-hungur-hungur-agladi-1-sTcaLuJa.webp\"\/><\/p>\n","protected":false},"excerpt":{"rendered":"<p>Saran Holding Y\u00f6netim Kurulu Lideri Saadettin Saran&#8217;\u0131n k\u0131z\u0131 Lal Saran, Tolga \u0130rdem ile evlendi. \u00c7iftin d\u00fc\u011f\u00fcn merasimi Assos&#8217;taki aile konutunda yap\u0131l\u0131rken, k\u0131z\u0131n\u0131 evlendiren Saadettin Saran duygusal anlar ya\u015fayarak g\u00f6zya\u015flar\u0131n\u0131 tutamad\u0131.<\/p>\n","protected":false},"author":1,"featured_media":72740,"comment_status":"open","ping_status":"open","sticky":false,"template":"","format":"standard","meta":{"footnotes":""},"categories":[25],"tags":[8665],"class_list":["post-72739","post","type-post","status-publish","format-standard","has-post-thumbnail","hentry","category-gundem","tag-saran"],"_links":{"self":[{"href":"https:\/\/ikimisli.tr\/index.php\/wp-json\/wp\/v2\/posts\/72739","targetHints":{"allow":["GET"]}}],"collection":[{"href":"https:\/\/ikimisli.tr\/index.php\/wp-json\/wp\/v2\/posts"}],"about":[{"href":"https:\/\/ikimisli.tr\/index.php\/wp-json\/wp\/v2\/types\/post"}],"author":[{"embeddable":true,"href":"https:\/\/ikimisli.tr\/index.php\/wp-json\/wp\/v2\/users\/1"}],"replies":[{"embeddable":true,"href":"https:\/\/ikimisli.tr\/index.php\/wp-json\/wp\/v2\/comments?post=72739"}],"version-history":[{"count":1,"href":"https:\/\/ikimisli.tr\/index.php\/wp-json\/wp\/v2\/posts\/72739\/revisions"}],"predecessor-version":[{"id":72743,"href":"https:\/\/ikimisli.tr\/index.php\/wp-json\/wp\/v2\/posts\/72739\/revisions\/72743"}],"wp:featuredmedia":[{"embeddable":true,"href":"https:\/\/ikimisli.tr\/index.php\/wp-json\/wp\/v2\/media\/72740"}],"wp:attachment":[{"href":"https:\/\/ikimisli.tr\/index.php\/wp-json\/wp\/v2\/media?parent=72739"}],"wp:term":[{"taxonomy":"category","embeddable":true,"href":"https:\/\/ikimisli.tr\/index.php\/wp-json\/wp\/v2\/categories?post=72739"},{"taxonomy":"post_tag","embeddable":true,"href":"https:\/\/ikimisli.tr\/index.php\/wp-json\/wp\/v2\/tags?post=72739"}],"curies":[{"name":"wp","href":"https:\/\/api.w.org\/{rel}","templated":true}]}}