{"id":72795,"date":"2025-08-25T07:08:31","date_gmt":"2025-08-25T07:08:31","guid":{"rendered":"https:\/\/ikimisli.tr\/?p=72795"},"modified":"2025-08-25T07:08:31","modified_gmt":"2025-08-25T07:08:31","slug":"istanbulda-sabah-yagmur-yagdi-meteorologlar-birbirine-girdi","status":"publish","type":"post","link":"https:\/\/ikimisli.tr\/index.php\/2025\/08\/25\/istanbulda-sabah-yagmur-yagdi-meteorologlar-birbirine-girdi\/","title":{"rendered":"\u0130stanbul&#8217;da sabah ya\u011fmur ya\u011fd\u0131, meteorologlar birbirine girdi"},"content":{"rendered":"<p>Temmuz, tarihin en s\u0131cak ve kurak aylar\u0131ndan biri olarak kay\u0131tlara ge\u00e7erken, a\u011fustosla birlikte kavurucu s\u0131cakl\u0131klar azalmaya ba\u015flad\u0131.<\/p>\n<p>Baz\u0131 meteoroloji uzmanlar\u0131 s\u0131cakl\u0131klar\u0131n d\u00fc\u015fmeyece\u011fini ve &#8216;Eyyam-\u0131 Bahur&#8217; diye tabir edilen s\u0131cak hava dalgas\u0131n\u0131n geri d\u00f6nece\u011fini arg\u00fcman etmi\u015fti.\u00a0<\/p>\n<p><b>&#8216;HAVALAR SER\u0130NLEYECEK&#8217;<\/b><\/p>\n<p>Meteoroloji Uzman\u0131 Prof. Dr. Orhan \u015een ise Haziran ve Temmuz&#8217;da s\u0131cak hava dalgas\u0131n\u0131n \u00e7ok ya\u015fand\u0131\u011f\u0131n\u0131 art\u0131k havalar\u0131n serinleyece\u011fini belirtti.\u00a0<\/p>\n<p>\u015een, X hesab\u0131ndan bir g\u00f6r\u00fcnt\u00fc payla\u015ft\u0131. 25 A\u011fustos (Pazartesi) prestijiyle s\u0131cakl\u0131klar\u0131n 1-2 derece d\u00fc\u015fece\u011fini s\u00f6yleyen \u015een, \u015fu tabirleri kulland\u0131:<\/p>\n<p><b>&#8216;PAZAR AK\u015eAMI YA DA PAZARTES\u0130 SABAHI YA\u011eMUR YA\u011eACAK&#8217;<\/b><\/p>\n<p>&#8216;T\u00fcrkiye\u2019de s\u0131cakl\u0131k ortalamaya ger\u00e7ek gerilemeye ba\u015flad\u0131. S\u0131cakl\u0131k bug\u00fcnden itibaren 1-2 derece ortalaman\u0131n alt\u0131nda seyredecek \u00f6n\u00fcm\u00fczdeki hafta boyunca. Ya\u011f\u0131\u015fs\u0131z d\u00f6nem h\u00e2l\u00e2 devam ediyor. Pazar g\u00fcn\u00fc Kuzey b\u00f6lgeler, Bat\u0131 Karadeniz ve Marmara\u2019da nem artacak. \u00c7ok hafif de olsa ya\u011f\u0131\u015f g\u00f6r\u00fclebilir. Pazar ak\u015fam\u0131 yahut Pazartesi sabah\u0131 g\u00f6r\u00fclebilir.<\/p>\n<p>Pazartesiden prestijiyle tekrar ola\u011fan\u0131n alt\u0131na d\u00fc\u015fmesiyle bir serinleme olacak lakin \u00f6n\u00fcm\u00fczdeki hafta sonuna kadar ortalaman\u0131n \u00fczerine \u00e7\u0131kacak. \u00d6n\u00fcm\u00fczdeki hafta \u0130stanbul\u2019da s\u0131cakl\u0131k 28 dereceye kadar d\u00fc\u015fecek.&#8217;<\/p>\n","protected":false},"excerpt":{"rendered":"<p>&#8220;S\u0131cakl\u0131klar artacak m\u0131, yoksa d\u00fc\u015fecek mi?\u201d sorusuna meteoroloji uzmanlar\u0131n\u0131n verdi\u011fi kar\u015f\u0131l\u0131klar ba\u015flar\u0131 kar\u0131\u015ft\u0131rd\u0131. Birtak\u0131m meteoroloji uzmanlar\u0131 s\u0131caklar\u0131n d\u00fc\u015fmeyece\u011fini ve devam edece\u011fini \u00f6ne s\u00fcrd\u00fc. \u00dcnl\u00fc meteoroloji uzman\u0131 Prof. \u015een ise Pazartesi itibariyle havalar\u0131n 1-2 derece serinleyece\u011fini s\u00f6ylemi\u015fti. \u0130stanbul&#8217;da bu sabah ya\u011fmur ya\u011fd\u0131.<\/p>\n","protected":false},"author":1,"featured_media":72796,"comment_status":"open","ping_status":"open","sticky":false,"template":"","format":"standard","meta":{"footnotes":""},"categories":[25],"tags":[340,278],"class_list":["post-72795","post","type-post","status-publish","format-standard","has-post-thumbnail","hentry","category-gundem","tag-pazar","tag-sicak"],"_links":{"self":[{"href":"https:\/\/ikimisli.tr\/index.php\/wp-json\/wp\/v2\/posts\/72795","targetHints":{"allow":["GET"]}}],"collection":[{"href":"https:\/\/ikimisli.tr\/index.php\/wp-json\/wp\/v2\/posts"}],"about":[{"href":"https:\/\/ikimisli.tr\/index.php\/wp-json\/wp\/v2\/types\/post"}],"author":[{"embeddable":true,"href":"https:\/\/ikimisli.tr\/index.php\/wp-json\/wp\/v2\/users\/1"}],"replies":[{"embeddable":true,"href":"https:\/\/ikimisli.tr\/index.php\/wp-json\/wp\/v2\/comments?post=72795"}],"version-history":[{"count":1,"href":"https:\/\/ikimisli.tr\/index.php\/wp-json\/wp\/v2\/posts\/72795\/revisions"}],"predecessor-version":[{"id":72797,"href":"https:\/\/ikimisli.tr\/index.php\/wp-json\/wp\/v2\/posts\/72795\/revisions\/72797"}],"wp:featuredmedia":[{"embeddable":true,"href":"https:\/\/ikimisli.tr\/index.php\/wp-json\/wp\/v2\/media\/72796"}],"wp:attachment":[{"href":"https:\/\/ikimisli.tr\/index.php\/wp-json\/wp\/v2\/media?parent=72795"}],"wp:term":[{"taxonomy":"category","embeddable":true,"href":"https:\/\/ikimisli.tr\/index.php\/wp-json\/wp\/v2\/categories?post=72795"},{"taxonomy":"post_tag","embeddable":true,"href":"https:\/\/ikimisli.tr\/index.php\/wp-json\/wp\/v2\/tags?post=72795"}],"curies":[{"name":"wp","href":"https:\/\/api.w.org\/{rel}","templated":true}]}}