{"id":72941,"date":"2025-08-25T15:20:31","date_gmt":"2025-08-25T15:20:31","guid":{"rendered":"https:\/\/ikimisli.tr\/?p=72941"},"modified":"2025-08-25T15:20:31","modified_gmt":"2025-08-25T15:20:31","slug":"okullar-acilmadan-firsatcilar-harekete-gecti-fiyatlar-surekli-artiyor","status":"publish","type":"post","link":"https:\/\/ikimisli.tr\/index.php\/2025\/08\/25\/okullar-acilmadan-firsatcilar-harekete-gecti-fiyatlar-surekli-artiyor\/","title":{"rendered":"Okullar a\u00e7\u0131lmadan f\u0131rsat\u00e7\u0131lar harekete ge\u00e7ti: Fiyatlar s\u00fcrekli art\u0131yor"},"content":{"rendered":"<p>Ayakkab\u0131 ve \u00e7antalar cep yakar hale geldi. Okullar\u0131n a\u00e7\u0131lmas\u0131na az bir m\u00fcddet kalak fiyatlar y\u00fckselmeye ba\u015flad\u0131. Eski\u015fehir Ayakkab\u0131c\u0131lar ve \u00c7antac\u0131lar Odas\u0131 Ba\u015fkan\u0131 Ak\u0131n Y\u00fcksel, okullar\u0131n a\u00e7\u0131lmas\u0131na say\u0131l\u0131 g\u00fcnler kala \u00e7ar\u015f\u0131da hareketlilik oldu\u011funu belirtti lakin vatanda\u015flar\u0131n yaln\u0131zca fiyat sorup gitti\u011fini belirtti. <\/p>\n<p>Y\u00fcksel, yaz devrinin esnaf i\u00e7in \u00e7ok \u00e7\u0131karl\u0131 ge\u00e7medi\u011fini s\u00f6yledi. Gurbet\u00e7ilerden umduklar\u0131n\u0131 bulamad\u0131klar\u0131 i\u00e7in okul al\u0131\u015fveri\u015flerini d\u00f6rt g\u00f6zle beklediklerini tabir eden Y\u00fcksel, vatanda\u015f\u0131n fiyatlardan kayg\u0131 yand\u0131\u011f\u0131n\u0131 lakin esnaf\u0131n durumunun da parlak olmad\u0131\u011f\u0131n\u0131 belirtti. Y\u00fcksel \u015fu tabirleri kulland\u0131:<\/p>\n<p><b>&#8220;\u00d6NCEK\u0130 YILLARIN SATI\u015e SAYILARINA ULA\u015eAMIYORUZ&#8221;<\/b><\/p>\n<p>\u201cHi\u00e7bir \u015feyin fiyat\u0131 durmad\u0131\u011f\u0131 \u00fczere okul \u00e7antalar\u0131 ve ayakkab\u0131lar\u0131n fiyat\u0131 da daima art\u0131yor. \u0130\u015f durumumuza gelince, maalesef i\u015flerimiz g\u00fcnden g\u00fcne d\u00fc\u015f\u00fcyor. Zira fiyatlar artt\u0131\u011f\u0131 i\u00e7in insanlar\u0131n al\u0131m g\u00fcc\u00fc azald\u0131. Ciro olarak tahminen ge\u00e7en y\u0131lla birebir seviyeyi yakal\u0131yoruz lakin adet bak\u0131m\u0131ndan bir evvelki y\u0131llar\u0131n sat\u0131\u015f say\u0131lar\u0131na ula\u015fam\u0131yoruz.<\/p>\n<p><img decoding=\"async\" src=\"https:\/\/ikimisli.tr\/wp-content\/uploads\/2025\/08\/okullar-acilmadan-firsatcilar-harekete-gecti-fiyatlar-surekli-artiyor-0-SewHXXyD.jpg\"\/><\/p>\n<p><b>GURBET\u00c7\u0130LERDEN DE ESNAF UMDU\u011eUNU BULAMADI<\/b><\/p>\n<p>\u00c7ar\u015f\u0131da okul hareketlili\u011fi var, evet fakat be\u015ferler \u015fu an yaln\u0131zca gezmekle me\u015fguller. \u015eu an gezen ailelerde g\u00f6zlemledi\u011fimiz durum \u015fu: Yaln\u0131zca fiyat\u0131 ara\u015ft\u0131r\u0131p gidiyorlar. Fiyatlar\u0131n pahal\u0131l\u0131\u011f\u0131ndan \u015fik\u00e2yet\u00e7iler. \u0130\u015flerde hafif de olsa bir k\u0131p\u0131rdama var. Almanc\u0131da yakalayamad\u0131\u011f\u0131m\u0131z enerjiyi, i\u015f yo\u011funlu\u011funu \u015fu an okul yo\u011funlu\u011funda yakalamay\u0131 d\u00fc\u015f\u00fcn\u00fcyoruz.<\/p>\n<p>Okul \u00e7antalar\u0131nda bu sene fiyatlar\u0131m\u0131z 350 liradan ba\u015fl\u0131yor, markas\u0131na nazaran 2 bin 800\u20133 bin 500 liraya kadar \u00e7\u0131k\u0131yor. Ayakkab\u0131larda da durum t\u0131pk\u0131: 350\u2013400 liradan ba\u015flayan spor ayakkab\u0131lar markas\u0131na nazaran 2\u20133 bin, 10 bin liraya kadar \u00e7\u0131kabiliyor. Bu b\u00fcsb\u00fct\u00fcn insanlar\u0131n b\u00fct\u00e7esine ba\u011fl\u0131. Bizim tavsiyemiz Eski\u015fehir halk\u0131n\u0131n lokal esnaftan al\u0131\u015fveri\u015f yapmas\u0131d\u0131r. Zira zahmet ya\u015fand\u0131\u011f\u0131nda esnaf m\u00fc\u015fterisine yard\u0131mc\u0131 olur.&#8221;<\/p>\n<p><b>HER SENE DAHA DA BERBATA G\u0130D\u0130YOR<\/b><\/p>\n<p>Y\u00fcksel, bu y\u0131l Anneler G\u00fcn\u00fc, Babalar G\u00fcn\u00fc, Ramazan ve Kurban Bayramlar\u0131ndaki sat\u0131\u015flardan mutlu kalmad\u0131klar\u0131n\u0131 tabir ederek, \u015funlar\u0131 kaydetti:<\/p>\n<p>&#8220;Yakla\u015fan okul d\u00f6neminde bir hareketlilik bekliyoruz lakin maalesef be\u015ferler fiyatlardan \u015fikayet\u00e7i. Bir haftad\u0131r gezen esnaflar\u0131m\u0131z var. Al\u0131\u015fveri\u015f yapamayan esnaf var. Biz \u00e7ar\u015f\u0131 esnaf\u0131 olarak fiyatlar\u0131 makul tutuyoruz. \u00c7ar\u015f\u0131da inan\u0131n bir\u00e7ok esnaf satt\u0131\u011f\u0131 \u00e7anta ve ayakkab\u0131lar\u0131 ge\u00e7en y\u0131lla t\u0131pk\u0131 fiyata sat\u0131yor. Zira ge\u00e7en sene elimizde kald\u0131. Art\u0131r\u0131m yapmad\u0131k. Her sene eksiye gidiyor. Biz esnaf olarak al\u0131\u015ft\u0131k. Biz \u015fimdiden k\u0131\u015f\u0131 d\u00fc\u015f\u00fcn\u00fcyoruz. Yaz\u0131 verimli ge\u00e7iremedik. Yaz\u0131n kenara para transferimiz olmad\u0131. Harc\u0131m\u0131z\u0131, borcumuzu, senedimizi \u00f6demeye \u00e7al\u0131\u015ft\u0131k. \u00d6deyen esnaf \u00f6dedi. \u00d6deyemeyen esnaf \u00f6deyemedi. \u00d6n\u00fcm\u00fczde k\u00fc\u00e7\u00fck esnaflar i\u00e7in g\u00fc\u00e7l\u00fc bir k\u0131\u015f var.\u201d<\/p>\n","protected":false},"excerpt":{"rendered":"<p>Okullar\u0131n a\u00e7\u0131lmas\u0131na say\u0131l\u0131 g\u00fcnler kala f\u0131rsat\u00e7\u0131lar tekrar harekete ge\u00e7ti. Okul \u00e7antas\u0131 ve ayakkab\u0131 fiyatlar\u0131n\u0131 durmadan y\u00fckseliyor.<\/p>\n","protected":false},"author":1,"featured_media":72942,"comment_status":"open","ping_status":"open","sticky":false,"template":"","format":"standard","meta":{"footnotes":""},"categories":[24],"tags":[1684,2035,1061,6164,3089],"class_list":["post-72941","post","type-post","status-publish","format-standard","has-post-thumbnail","hentry","category-ekonomi","tag-esnaf","tag-fiyatlar","tag-okul","tag-sene","tag-yuksel"],"_links":{"self":[{"href":"https:\/\/ikimisli.tr\/index.php\/wp-json\/wp\/v2\/posts\/72941","targetHints":{"allow":["GET"]}}],"collection":[{"href":"https:\/\/ikimisli.tr\/index.php\/wp-json\/wp\/v2\/posts"}],"about":[{"href":"https:\/\/ikimisli.tr\/index.php\/wp-json\/wp\/v2\/types\/post"}],"author":[{"embeddable":true,"href":"https:\/\/ikimisli.tr\/index.php\/wp-json\/wp\/v2\/users\/1"}],"replies":[{"embeddable":true,"href":"https:\/\/ikimisli.tr\/index.php\/wp-json\/wp\/v2\/comments?post=72941"}],"version-history":[{"count":1,"href":"https:\/\/ikimisli.tr\/index.php\/wp-json\/wp\/v2\/posts\/72941\/revisions"}],"predecessor-version":[{"id":72944,"href":"https:\/\/ikimisli.tr\/index.php\/wp-json\/wp\/v2\/posts\/72941\/revisions\/72944"}],"wp:featuredmedia":[{"embeddable":true,"href":"https:\/\/ikimisli.tr\/index.php\/wp-json\/wp\/v2\/media\/72942"}],"wp:attachment":[{"href":"https:\/\/ikimisli.tr\/index.php\/wp-json\/wp\/v2\/media?parent=72941"}],"wp:term":[{"taxonomy":"category","embeddable":true,"href":"https:\/\/ikimisli.tr\/index.php\/wp-json\/wp\/v2\/categories?post=72941"},{"taxonomy":"post_tag","embeddable":true,"href":"https:\/\/ikimisli.tr\/index.php\/wp-json\/wp\/v2\/tags?post=72941"}],"curies":[{"name":"wp","href":"https:\/\/api.w.org\/{rel}","templated":true}]}}