{"id":72962,"date":"2025-08-25T16:08:32","date_gmt":"2025-08-25T16:08:32","guid":{"rendered":"https:\/\/ikimisli.tr\/?p=72962"},"modified":"2025-08-25T16:08:32","modified_gmt":"2025-08-25T16:08:32","slug":"beklenen-haber-geldi-turkiye-serin-havalara-kavusuyor","status":"publish","type":"post","link":"https:\/\/ikimisli.tr\/index.php\/2025\/08\/25\/beklenen-haber-geldi-turkiye-serin-havalara-kavusuyor\/","title":{"rendered":"Beklenen haber geldi: T\u00fcrkiye serin havalara kavu\u015fuyor!"},"content":{"rendered":"<p>T\u00fcrkiye, bilhassa temmuz ay\u0131nda s\u0131caklar\u0131n tesiri alt\u0131nda kald\u0131; Afrika ve Basra&#8217;dan gelen s\u0131cak hava yurdu kavurdu. Ancak Meteoroloji Genel M\u00fcd\u00fcrl\u00fc\u011f\u00fc (MGM) ve uzmanlardan gelen son ikazlar &#8216;serinletici&#8217; oldu.<\/p>\n<p>Meteoroloji&#8217;den edinilen bilgilere nazaran, T\u00fcrkiye&#8217;nin g\u00fcneyde yer alan kentlerinde s\u0131cakl\u0131klar mevsim normallerinin \u00fczerinde seyrederken \u00fclkenin kuzey k\u0131s\u0131mlar\u0131nda ise art\u0131k gece s\u0131cakl\u0131klar\u0131 20 derece ve alt\u0131na d\u00fc\u015ft\u00fc.<\/p>\n<p>Meteoroloji uzman\u0131 Prof. Dr. Orhan \u015een, yeni haftaya girerken bu durumun de\u011fi\u015fmedi\u011fini ve serin havalar\u0131n g\u00f6r\u00fclece\u011fini belirtti.<\/p>\n<p><b>\u0130STANBUL&#8217;DA YA\u011eMUR YA\u011eAB\u0130L\u0130R<\/b><\/p>\n<p>Habert\u00fcrk&#8217;te yer alan habere nazaran ise Marmara, Kuzey Anadolu ve Karadeniz&#8217;de Balkanlar \u00fczerinden gelen havalarla serinletici bir hava bekleniyor.<\/p>\n<p><img decoding=\"async\" src=\"https:\/\/ikimisli.tr\/wp-content\/uploads\/2025\/08\/beklenen-haber-geldi-turkiye-serin-havalara-kavusuyor-0-8XpjlASf.png\"\/><\/p>\n<p>\u0130stanbul\u2019da vakit zaman lokal ya\u011fmur ge\u00e7i\u015flerine yol a\u00e7an bu kar\u0131\u015f\u0131m, hafta i\u00e7i Marmara\u2019daki t\u00fcm kentleri serinletmeyi s\u00fcrd\u00fcrecek.<\/p>\n<p>Yeni hafta \u0130stanbul, Bursa, Tekirda\u011f, Sakarya, Bilecik, Bal\u0131kesir \u00fczere merkezlerde 30 derecenin alt\u0131nda seyredecek.<\/p>\n<p>\u0130stanbul&#8217;da 25 A\u011fustos Pazartesi g\u00fcn\u00fc sabah-\u00f6\u011fle ortas\u0131 zay\u0131f ya\u011fmur g\u00f6r\u00fclebilece\u011fi belirtilirken bunun daha \u00e7ok kuzey il\u00e7elerinde ya\u011fmas\u0131n\u0131n beklendi\u011fi kaydedildi.<\/p>\n<p>Do\u011fu Karadeniz haftaya kuvvetli ya\u011fmurlarla ba\u015flayacak hava s\u0131cakl\u0131klar\u0131 bu kesimde 25-26 derecelerde seyredecek.<\/p>\n<p><img decoding=\"async\" src=\"https:\/\/ikimisli.tr\/wp-content\/uploads\/2025\/08\/beklenen-haber-geldi-turkiye-serin-havalara-kavusuyor-1-Hzxl4ziX.jpg\"\/><\/p>\n<p><b>G\u00dcNEY KISIMLARINDA SICAKLAR TES\u0130RL\u0130 OLMAYA DEVAM EDECEK<\/b><\/p>\n<p>Ege ve Akdeniz&#8217;de de s\u0131cakl\u0131klar \u0130zmir\u2019de yeni hafta 35-37 derecelerde seyredecek. Antalya, Mersin ve Adana etraf\u0131nda g\u00fcnd\u00fczler 34-35 derecelerde, geceler ise pek serinlemeyerek 26-27 derecelerde ge\u00e7iyor.<\/p>\n<p>G\u00fcneydo\u011fu Anadolu y\u00fcksek s\u0131cakl\u0131k alt\u0131nda kavrulmaya devam ediyor. Haftan\u0131n birinci 4 g\u00fcn\u00fc yeniden termometre g\u00f6lgede 40\u00b0C\u2019lere ula\u015facak, Diyarbak\u0131r ve etraf\u0131nda y\u00fcksek s\u0131cakl\u0131k tesirini s\u00fcrd\u00fcrecek.<\/p>\n<p>Uzun vadeli kestirimlerde 5-6 Eyl\u00fcl\u2019den itibaren bilhassa Marmara\u2019da ve Karadeniz\u2019de havan\u0131n so\u011fuma ihtimali var&#8230;<\/p>\n","protected":false},"excerpt":{"rendered":"<p>Son iki ayd\u0131r kavurucu s\u0131caklar\u0131n tesirli oldu\u011fu yurtta birtak\u0131m b\u00f6lgeler bilhassa ak\u015fam saatlerinde serinlemeye ba\u015flad\u0131. Meteoroloji uzmanlar\u0131 hafta ba\u015f\u0131ndan itibaren hava s\u0131cakl\u0131klar\u0131nda k\u0131ymetli d\u00fc\u015f\u00fc\u015f ya\u015fanaca\u011f\u0131n\u0131 belirtirken \u0130stanbul ve kuzey kesitleri i\u00e7in ihtar yap\u0131ld\u0131.<\/p>\n","protected":false},"author":1,"featured_media":72963,"comment_status":"open","ping_status":"open","sticky":false,"template":"","format":"standard","meta":{"footnotes":""},"categories":[25],"tags":[1713,161,8508,278],"class_list":["post-72962","post","type-post","status-publish","format-standard","has-post-thumbnail","hentry","category-gundem","tag-derece","tag-hava","tag-serin","tag-sicak"],"_links":{"self":[{"href":"https:\/\/ikimisli.tr\/index.php\/wp-json\/wp\/v2\/posts\/72962","targetHints":{"allow":["GET"]}}],"collection":[{"href":"https:\/\/ikimisli.tr\/index.php\/wp-json\/wp\/v2\/posts"}],"about":[{"href":"https:\/\/ikimisli.tr\/index.php\/wp-json\/wp\/v2\/types\/post"}],"author":[{"embeddable":true,"href":"https:\/\/ikimisli.tr\/index.php\/wp-json\/wp\/v2\/users\/1"}],"replies":[{"embeddable":true,"href":"https:\/\/ikimisli.tr\/index.php\/wp-json\/wp\/v2\/comments?post=72962"}],"version-history":[{"count":1,"href":"https:\/\/ikimisli.tr\/index.php\/wp-json\/wp\/v2\/posts\/72962\/revisions"}],"predecessor-version":[{"id":72966,"href":"https:\/\/ikimisli.tr\/index.php\/wp-json\/wp\/v2\/posts\/72962\/revisions\/72966"}],"wp:featuredmedia":[{"embeddable":true,"href":"https:\/\/ikimisli.tr\/index.php\/wp-json\/wp\/v2\/media\/72963"}],"wp:attachment":[{"href":"https:\/\/ikimisli.tr\/index.php\/wp-json\/wp\/v2\/media?parent=72962"}],"wp:term":[{"taxonomy":"category","embeddable":true,"href":"https:\/\/ikimisli.tr\/index.php\/wp-json\/wp\/v2\/categories?post=72962"},{"taxonomy":"post_tag","embeddable":true,"href":"https:\/\/ikimisli.tr\/index.php\/wp-json\/wp\/v2\/tags?post=72962"}],"curies":[{"name":"wp","href":"https:\/\/api.w.org\/{rel}","templated":true}]}}