{"id":72979,"date":"2025-08-25T17:08:31","date_gmt":"2025-08-25T17:08:31","guid":{"rendered":"https:\/\/ikimisli.tr\/?p=72979"},"modified":"2025-08-25T17:08:31","modified_gmt":"2025-08-25T17:08:31","slug":"cem-bolukbasi-spada-podyumda","status":"publish","type":"post","link":"https:\/\/ikimisli.tr\/index.php\/2025\/08\/25\/cem-bolukbasi-spada-podyumda\/","title":{"rendered":"Cem B\u00f6l\u00fckba\u015f\u0131, Spa\u2019da podyumda"},"content":{"rendered":"<p>Milli yar\u0131\u015f pilotu Cem B\u00f6l\u00fckba\u015f\u0131, 2025 European Le Mans Series (ELMS) takvimindeki en ikonik yar\u0131\u015flardan biri olan 4 Hours of Spa-Francorchamps\u2019ta grubuyla birlikte \u00fc\u00e7\u00fcnc\u00fc olarak podyuma \u00e7\u0131kt\u0131.<\/p>\n<p>23-24 A\u011fustos yar\u0131\u015f hafta sonunda, s\u0131ralama cinslerinde kadro olarak pole konum (birincilik) elde eden B\u00f6l\u00fckba\u015f\u0131 ve grubu, yar\u0131\u015fa en \u00f6nde ba\u015flad\u0131. Lakin yar\u0131\u015f s\u0131ras\u0131nda art geriye \u00e7\u0131kan sar\u0131 bayraklar ve g\u00fcvenlik arac\u0131 m\u00fcdahaleleri, s\u0131ralaman\u0131n beklenmedik bi\u00e7imde de\u011fi\u015fmesine yol a\u00e7t\u0131.Yar\u0131\u015f\u0131 d\u00f6rd\u00fcnc\u00fc s\u0131rada tamamlayan tak\u0131m, yar\u0131\u015f\u0131n akabinde \u00fc\u00e7\u00fcnc\u00fc s\u0131radaki rakiplerinin ceza almas\u0131yla birlikte resmi sonu\u00e7larda podyuma y\u00fckseldi. Bu geli\u015fmeyle birlikte Cem B\u00f6l\u00fckba\u015f\u0131, kuvvetli Spa pistinden puanla ayr\u0131lm\u0131\u015f oldu.<\/p>\n","protected":false},"excerpt":{"rendered":"<p>Ulusal yar\u0131\u015f pilotu Cem B\u00f6l\u00fckba\u015f\u0131, European Le Mans Series\u2019in Spa-Francorchamps aya\u011f\u0131nda yar\u0131\u015fa pole durumdan ba\u015flad\u0131, \u015fiddetli gayrette podyuma y\u00fckselerek T\u00fcrkiye\u2019ye gurur ya\u015fatt\u0131.<\/p>\n","protected":false},"author":1,"featured_media":72980,"comment_status":"open","ping_status":"open","sticky":false,"template":"","format":"standard","meta":{"footnotes":""},"categories":[30],"tags":[3360],"class_list":["post-72979","post","type-post","status-publish","format-standard","has-post-thumbnail","hentry","category-spor","tag-yaris"],"_links":{"self":[{"href":"https:\/\/ikimisli.tr\/index.php\/wp-json\/wp\/v2\/posts\/72979","targetHints":{"allow":["GET"]}}],"collection":[{"href":"https:\/\/ikimisli.tr\/index.php\/wp-json\/wp\/v2\/posts"}],"about":[{"href":"https:\/\/ikimisli.tr\/index.php\/wp-json\/wp\/v2\/types\/post"}],"author":[{"embeddable":true,"href":"https:\/\/ikimisli.tr\/index.php\/wp-json\/wp\/v2\/users\/1"}],"replies":[{"embeddable":true,"href":"https:\/\/ikimisli.tr\/index.php\/wp-json\/wp\/v2\/comments?post=72979"}],"version-history":[{"count":1,"href":"https:\/\/ikimisli.tr\/index.php\/wp-json\/wp\/v2\/posts\/72979\/revisions"}],"predecessor-version":[{"id":72981,"href":"https:\/\/ikimisli.tr\/index.php\/wp-json\/wp\/v2\/posts\/72979\/revisions\/72981"}],"wp:featuredmedia":[{"embeddable":true,"href":"https:\/\/ikimisli.tr\/index.php\/wp-json\/wp\/v2\/media\/72980"}],"wp:attachment":[{"href":"https:\/\/ikimisli.tr\/index.php\/wp-json\/wp\/v2\/media?parent=72979"}],"wp:term":[{"taxonomy":"category","embeddable":true,"href":"https:\/\/ikimisli.tr\/index.php\/wp-json\/wp\/v2\/categories?post=72979"},{"taxonomy":"post_tag","embeddable":true,"href":"https:\/\/ikimisli.tr\/index.php\/wp-json\/wp\/v2\/tags?post=72979"}],"curies":[{"name":"wp","href":"https:\/\/api.w.org\/{rel}","templated":true}]}}