{"id":73020,"date":"2025-08-25T19:32:29","date_gmt":"2025-08-25T19:32:29","guid":{"rendered":"https:\/\/ikimisli.tr\/?p=73020"},"modified":"2025-08-25T19:32:29","modified_gmt":"2025-08-25T19:32:29","slug":"bogazici-kitalararasi-yuzme-yarisi-sona-erdi","status":"publish","type":"post","link":"https:\/\/ikimisli.tr\/index.php\/2025\/08\/25\/bogazici-kitalararasi-yuzme-yarisi-sona-erdi\/","title":{"rendered":"Bo\u011fazi\u00e7i K\u0131talararas\u0131 Y\u00fczme Yar\u0131\u015f\u0131 sona erdi"},"content":{"rendered":"<p>37. Bo\u011fazi\u00e7i K\u0131talararas\u0131 Y\u00fczme Yar\u0131\u015f\u0131 yap\u0131ld\u0131. Kanl\u0131ca \u0130skelesi&#8217;nden ba\u015flayan yar\u0131\u015f, Kuru\u00e7e\u015fme&#8217;de sonra erdi. 81 \u00fclkeden 2800&#8217;den fazla atlet, 6,5 kilometrelik parkurda u\u011fra\u015f etti.<\/p>\n<p>Yar\u0131\u015f\u0131n erkekler genel klasman\u0131nda Do\u011fukan Ula\u00e7, 56 dakika 49 saniyelik m\u00fcddetiyle birinci oldu. G\u00f6khan Yi\u011fito\u011flu, 56 dakika 50 saniyeyle ikinci, Mehmet \u00c7a\u011flar da 58 dakika 18 saniyeyle \u00fc\u00e7\u00fcnc\u00fc s\u0131ray\u0131 ald\u0131.<\/p>\n<p>Kad\u0131nlar genel klasmanda ise Su \u0130nal, 58 dakika 54 saniyelik derecesiyle birinci s\u0131raya yerle\u015fti. Eyl\u00fcl Nisa Ay\u00e7etin 1 saat 1 dakika 13 saniye ile ikinci, Hilal Zeyneb Sara\u00e7 da 1 saat 2 dakika 21 saniye ile \u00fc\u00e7\u00fcnc\u00fc s\u0131rada yar\u0131\u015f\u0131 tamamlad\u0131.<\/p>\n<p><b>\u0130lk tertip 1989&#8217;da d\u00fczenlendi<\/b><\/p>\n<p>Organizasyon, TMOK taraf\u0131ndan birinci kere 23 Temmuz 1989&#8217;da Memleketler aras\u0131 Olimpiyat Komitesi takviyesi ve 68 y\u00fcz\u00fcc\u00fcn\u00fcn i\u015ftirakiyle d\u00fczenlenmi\u015fti.<\/p>\n<p>Yar\u0131\u015f\u0131 tamamlayan y\u00fcz\u00fcc\u00fclerin 2010&#8217;dan beri &#8220;K\u0131talararas\u0131 Y\u00fcz\u00fcc\u00fc&#8221; sertifikas\u0131yla \u00f6d\u00fcllendirildi\u011fi Bo\u011fazi\u00e7i K\u0131talararas\u0131 Y\u00fczme Yar\u0131\u015f\u0131, 2016&#8217;da D\u00fcnya A\u00e7\u0131k Su Y\u00fczme Birli\u011fi (WOWSA) taraf\u0131ndan &#8220;Y\u0131l\u0131n En G\u00fczel A\u00e7\u0131k Su Y\u00fczme Organizasyonu&#8221; olarak se\u00e7ilmi\u015f, 2019&#8217;da ise &#8220;D\u00fcnyan\u0131n En Yeterli 100 A\u00e7\u0131k Su Y\u00fczme Yar\u0131\u015f\u0131&#8221; listesinde de birincili\u011fi elde etmi\u015fti.<\/p>\n","protected":false},"excerpt":{"rendered":"<p>37. Bo\u011fazi\u00e7i K\u0131talararas\u0131 Y\u00fczme Yar\u0131\u015f\u0131&#8217;nda erkekler genel klasmanda Do\u011fukan Ula\u00e7, bayanlar genel klasmanda ise Su \u0130nal birinci oldu.<\/p>\n","protected":false},"author":1,"featured_media":73021,"comment_status":"open","ping_status":"open","sticky":false,"template":"","format":"standard","meta":{"footnotes":""},"categories":[30],"tags":[325,1770,7538,726],"class_list":["post-73020","post","type-post","status-publish","format-standard","has-post-thumbnail","hentry","category-spor","tag-dakika","tag-saniye","tag-yarisi","tag-yuzme"],"_links":{"self":[{"href":"https:\/\/ikimisli.tr\/index.php\/wp-json\/wp\/v2\/posts\/73020","targetHints":{"allow":["GET"]}}],"collection":[{"href":"https:\/\/ikimisli.tr\/index.php\/wp-json\/wp\/v2\/posts"}],"about":[{"href":"https:\/\/ikimisli.tr\/index.php\/wp-json\/wp\/v2\/types\/post"}],"author":[{"embeddable":true,"href":"https:\/\/ikimisli.tr\/index.php\/wp-json\/wp\/v2\/users\/1"}],"replies":[{"embeddable":true,"href":"https:\/\/ikimisli.tr\/index.php\/wp-json\/wp\/v2\/comments?post=73020"}],"version-history":[{"count":1,"href":"https:\/\/ikimisli.tr\/index.php\/wp-json\/wp\/v2\/posts\/73020\/revisions"}],"predecessor-version":[{"id":73022,"href":"https:\/\/ikimisli.tr\/index.php\/wp-json\/wp\/v2\/posts\/73020\/revisions\/73022"}],"wp:featuredmedia":[{"embeddable":true,"href":"https:\/\/ikimisli.tr\/index.php\/wp-json\/wp\/v2\/media\/73021"}],"wp:attachment":[{"href":"https:\/\/ikimisli.tr\/index.php\/wp-json\/wp\/v2\/media?parent=73020"}],"wp:term":[{"taxonomy":"category","embeddable":true,"href":"https:\/\/ikimisli.tr\/index.php\/wp-json\/wp\/v2\/categories?post=73020"},{"taxonomy":"post_tag","embeddable":true,"href":"https:\/\/ikimisli.tr\/index.php\/wp-json\/wp\/v2\/tags?post=73020"}],"curies":[{"name":"wp","href":"https:\/\/api.w.org\/{rel}","templated":true}]}}