{"id":73098,"date":"2025-08-25T23:44:31","date_gmt":"2025-08-25T23:44:31","guid":{"rendered":"https:\/\/ikimisli.tr\/?p=73098"},"modified":"2025-08-25T23:44:31","modified_gmt":"2025-08-25T23:44:31","slug":"beton-kanalda-rant-sirasi-seyha-mozanin-arazisine-geldi","status":"publish","type":"post","link":"https:\/\/ikimisli.tr\/index.php\/2025\/08\/25\/beton-kanalda-rant-sirasi-seyha-mozanin-arazisine-geldi\/","title":{"rendered":"Beton Kanal\u2019da rant s\u0131ras\u0131 \u015eeyha Moza\u2019n\u0131n arazisine geldi"},"content":{"rendered":"<p>\u0130BB Ba\u015fkan\u0131 Ekrem \u0130mamo\u011flu\u2019nun tutuklanmas\u0131n\u0131n akabinde h\u0131zlanan Kanal \u0130stanbul projesi tam gaz s\u00fcr\u00fcyor. Kalan son tar\u0131m alanlar\u0131 ve sulak yerler bir bir betona bo\u011fuluyor. \u0130stanbul\u2019un k\u0131ymetli su kaynaklar\u0131ndan Sazl\u0131dere\u2019deki 12 bin konutluk proje, \u0130stanbullular\u0131n g\u00f6z\u00fc \u00f6n\u00fcnde s\u00fcratle y\u00fckselmi\u015fti. Art\u0131k de Kanal \u0130stanbul g\u00fczergah\u0131ndaki Arnavutk\u00f6y\u2019\u00fcn Baklal\u0131 Mahallesi parsel parsel sat\u0131l\u0131yor.<\/p>\n<p><strong>S\u00dcRE\u00c7 BA\u015eLATILDI<\/strong><\/p>\n<p>Halk Tv\u2019den Cengiz Karag\u00f6z\u2019\u00fcn bildirdi\u011fine nazaran TOK\u0130\u2019ye ba\u011fl\u0131 Emlak \u0130dare, Baklal\u0131 Mahallesi\u2019ndeki toplamda 65 bin 649 metrekarelik 4 tar\u0131m yerini, 172 milyon TL bedelle sat\u0131\u015fa \u00e7\u0131kard\u0131. Plans\u0131z Alan olarak belirtilen kelam konusu ta\u015f\u0131nmazlar\u0131n 1\/100.000 \u00c7DP tar\u0131m alan\u0131 oldu\u011fu kaydedildi. 65 bin 649,82 metrekarelik 4 ta\u015f\u0131nmaz i\u00e7in 172 milyon TL\u2019ye bedel belirlendi.<br \/>\u00c7evre, \u015eehircilik ve \u0130klim De\u011fi\u015fikli\u011fi Bakanl\u0131\u011f\u0131\u2019na yap\u0131lan \u00fc\u00e7 farkl\u0131 \u00c7ED m\u00fcracaat\u0131na nazaran b\u00f6lgeye toplamda 12 bin 92 adet daha konut yap\u0131lacak.<\/p>\n<p><img decoding=\"async\" src=\"https:\/\/ikimisli.tr\/wp-content\/uploads\/2025\/08\/beton-kanalda-rant-sirasi-seyha-mozanin-arazisine-geldi-0-I9859Pnd.jpg\"\/><\/p>\n<p><strong>SA\u011eLIK TUR\u0130ZM\u0130 ALANI <\/strong><\/p>\n<p>Baklal\u0131, Katar Emiri\u2019nin annesi \u015eeyha Moza\u2019n\u0131n sat\u0131n ald\u0131\u011f\u0131 44 d\u00f6n\u00fcml\u00fck tarlayla g\u00fcndeme gelmi\u015fti. Etraf ve Kentlik Bakanl\u0131\u011f\u0131\u2019n\u0131n haz\u0131rlad\u0131\u011f\u0131 yeni planlarda arazi yap\u0131la\u015fmaya a\u00e7\u0131lm\u0131\u015ft\u0131. <br \/>\u015eeyha Moza\u2019n\u0131n tarlas\u0131, turizm ve ticaret alan\u0131 oldu. Plana nazaran, i\u015f, al\u0131\u015fveri\u015f ve idare merkezi, otel, motel, ofis, ofis, lokanta, \u00e7ar\u015f\u0131, \u00e7ok katl\u0131 ma\u011fazalar, banka ve finans kurumlar\u0131 in\u015fa edilebilecek.<\/p>\n<p>\u015eeyha Moza\u2019n\u0131n orta\u011f\u0131 oldu\u011fu \u015firketin arazi sat\u0131n ald\u0131\u011f\u0131 b\u00f6lge, yeni kent planlar\u0131nda s\u0131hhat turizmi i\u00e7in ayr\u0131lm\u0131\u015ft\u0131. B\u00f6lgeyle ilgili planlara nazaran \u0130stanbul\u2019a s\u0131hhat problemleri nedeniyle gelen hasta ve hasta yak\u0131nlar\u0131n\u0131n konaklamas\u0131n\u0131 ve gereksinimlerini kar\u015f\u0131layabilecekleri oteller ve al\u0131\u015fveri\u015f alanlar\u0131 yer alacak.<\/p>\n<p><strong>ARAZ\u0130 TOPLADI<\/strong><\/p>\n<p>Katar Buyru\u011fu Pir Temim bin Hamed el-Sani\u2019nin annesi \u015eeyha Moza bint Nas\u0131r el-Missned, 8 Kas\u0131m 2018\u2019de 100 bin lira sermaye ile Triple M Gayrimenkul Turizm Ticaret Anonim \u015eirketi\u2019ni kurmu\u015ftu. \u015eirket kurulduktan 1.5 ay sonra Kanal \u0130stanbul g\u00fczergah\u0131nda yer alan 44 bin 702 metrekare araziyi sat\u0131n ald\u0131. <\/p>\n<p><img decoding=\"async\" src=\"https:\/\/ikimisli.tr\/wp-content\/uploads\/2025\/08\/beton-kanalda-rant-sirasi-seyha-mozanin-arazisine-geldi-1-UGSjblIZ.jpg\"\/><\/p>\n<div>\n<p><em>Kanal \u0130stanbul g\u00fczerg\u00e2h\u0131nda yer alan Baklal\u0131\u2019daki artan yap\u0131la\u015fma bu t\u00fcrl\u00fc belgelendi. S\u00f6zc\u00fc sat\u0131lan yerdeki plan de\u011fi\u015fikli\u011fini tam 5 y\u0131l evvel duyurdu.<\/em><\/p>\n<\/p><\/div>\n<p><strong>ERDO\u011eAN: ALAMAZ MI?<\/strong><\/p>\n<p>Erdo\u011fan tarla al\u0131m\u0131n\u0131n ortaya \u00e7\u0131kmas\u0131 \u00fczerine \u201cKanal \u0130stanbul\u2019la ilgili bir kere \u00e7ok naho\u015f olan \u015fey \u015fu; Katar Buyru\u011funun annesinin gelip buradan yer almas\u0131 vesaire&#8230; Bunu s\u00f6yleyen insanlara sormak laz\u0131m; \u2018Devletten hangi takviyesi alarak bu t\u00fcrl\u00fc bir yeri alm\u0131\u015f?\u2019 Bu dedikodular\u0131 duydum. Katar Buyru\u011funun annesinin \u00fclkemizden gayrimenkul sat\u0131n almas\u0131na mani yasal olarak rastgele bir \u015fey kelam konusu mu?\u201d demi\u015fti.<\/p>\n","protected":false},"excerpt":{"rendered":"<p>Katar Emiri\u2019nin annesine bir piyango daha vurdu. Havaliman\u0131n\u0131n yan\u0131 ba\u015f\u0131ndaki yeri daha da pahaland\u0131. Rant\u0131 katlamak i\u00e7in d\u00fc\u011fmeye bas\u0131ld\u0131.<\/p>\n","protected":false},"author":1,"featured_media":73099,"comment_status":"open","ping_status":"open","sticky":false,"template":"","format":"standard","meta":{"footnotes":""},"categories":[25],"tags":[428,2155,7725,603,8690],"class_list":["post-73098","post","type-post","status-publish","format-standard","has-post-thumbnail","hentry","category-gundem","tag-alan","tag-arazi","tag-kanal-istanbul","tag-plan","tag-seyh"],"_links":{"self":[{"href":"https:\/\/ikimisli.tr\/index.php\/wp-json\/wp\/v2\/posts\/73098","targetHints":{"allow":["GET"]}}],"collection":[{"href":"https:\/\/ikimisli.tr\/index.php\/wp-json\/wp\/v2\/posts"}],"about":[{"href":"https:\/\/ikimisli.tr\/index.php\/wp-json\/wp\/v2\/types\/post"}],"author":[{"embeddable":true,"href":"https:\/\/ikimisli.tr\/index.php\/wp-json\/wp\/v2\/users\/1"}],"replies":[{"embeddable":true,"href":"https:\/\/ikimisli.tr\/index.php\/wp-json\/wp\/v2\/comments?post=73098"}],"version-history":[{"count":1,"href":"https:\/\/ikimisli.tr\/index.php\/wp-json\/wp\/v2\/posts\/73098\/revisions"}],"predecessor-version":[{"id":73102,"href":"https:\/\/ikimisli.tr\/index.php\/wp-json\/wp\/v2\/posts\/73098\/revisions\/73102"}],"wp:featuredmedia":[{"embeddable":true,"href":"https:\/\/ikimisli.tr\/index.php\/wp-json\/wp\/v2\/media\/73099"}],"wp:attachment":[{"href":"https:\/\/ikimisli.tr\/index.php\/wp-json\/wp\/v2\/media?parent=73098"}],"wp:term":[{"taxonomy":"category","embeddable":true,"href":"https:\/\/ikimisli.tr\/index.php\/wp-json\/wp\/v2\/categories?post=73098"},{"taxonomy":"post_tag","embeddable":true,"href":"https:\/\/ikimisli.tr\/index.php\/wp-json\/wp\/v2\/tags?post=73098"}],"curies":[{"name":"wp","href":"https:\/\/api.w.org\/{rel}","templated":true}]}}