{"id":73215,"date":"2025-08-26T06:08:30","date_gmt":"2025-08-26T06:08:30","guid":{"rendered":"https:\/\/ikimisli.tr\/?p=73215"},"modified":"2025-08-26T06:08:30","modified_gmt":"2025-08-26T06:08:30","slug":"unlu-profesor-hirtlar-vadisi-mesajina-aciklik-getirdi","status":"publish","type":"post","link":"https:\/\/ikimisli.tr\/index.php\/2025\/08\/26\/unlu-profesor-hirtlar-vadisi-mesajina-aciklik-getirdi\/","title":{"rendered":"\u00dcnl\u00fc profes\u00f6r &#8216;H\u0131rtlar Vadisi&#8217; mesaj\u0131na a\u00e7\u0131kl\u0131k getirdi"},"content":{"rendered":"<p>\u0130stanbul Valili\u011fi\u2019nin sokak hayvanlar\u0131n\u0131n toplanmas\u0131na y\u00f6nelik ald\u0131\u011f\u0131 karar, kamuoyunda geni\u015f yank\u0131 uyand\u0131rd\u0131. Vali Davut G\u00fcl imzal\u0131 yaz\u0131da, \u201cs\u00fcr\u00fc halinde dola\u015fan k\u00f6peklerin vatanda\u015flar\u0131n can g\u00fcvenli\u011fine tehdit olu\u015fturdu\u011fu\u201d belirtilerek, sokak hayvanlar\u0131n\u0131n \u201civedilikle toplanmas\u0131\u201d talimat\u0131 verilmi\u015fti.<\/p>\n<p>Bu karar, hayvanseverler taraf\u0131ndan #KatliamYasas\u0131naHay\u0131r etiketiyle toplumsal medyada a\u011f\u0131r halde ele\u015ftirildi. Bu tart\u0131\u015fmalar\u0131n ortas\u0131nda, \u00fcnl\u00fc kardiyolog ve akademisyen Prof. Dr. Bengi Ba\u015fer, X platformunda yapt\u0131\u011f\u0131 &#8216;H\u0131rtlar Vadisi&#8217; payla\u015f\u0131m\u0131yla birtak\u0131m b\u00f6l\u00fcmler taraf\u0131ndan ele\u015ftirildi.\u00a0<\/p>\n<p><b>&#8216;\u015eU \u0130NSAN ALT C\u0130NSLER\u0130N\u0130 ISLAH ETSEN\u0130ZE&#8217;<\/b><\/p>\n<p>Ba\u015fer, \u201cSokak hayvanlar\u0131n\u0131 yok etmek i\u00e7in harcad\u0131\u011f\u0131n\u0131z enerjiyi, \u015fu insan alt tiplerini \u0131slah etmek i\u00e7in harcasan\u0131z ya!..\u201d s\u00f6z\u00fcyle birlikte, \u201cH\u0131rtlar Vadisi\u201d ba\u015fl\u0131kl\u0131 karikat\u00fcrize bir g\u00f6rsel payla\u015ft\u0131.<\/p>\n<p>Payla\u015f\u0131m k\u0131sa m\u00fcddette toplumsal medyada viral hale gelirken, Diyarbak\u0131r Barosu\u2019nun yans\u0131s\u0131n\u0131 \u00e7ekti.<\/p>\n<p>Baro, X hesab\u0131ndan yapt\u0131\u011f\u0131 a\u00e7\u0131klamada, payla\u015f\u0131m\u0131n \u201cfiziksel g\u00f6r\u00fcn\u00fc\u015f itibariyle toplumun bir kesitini maksat haline getirdi\u011fi\u201d ve \u201c\u2018insan alt t\u00fcrleri\u2019 \u00fczere nefret telaffuzlar\u0131 i\u00e7erdi\u011fi\u201d gerek\u00e7esiyle Prof. Dr. Bengi Ba\u015fer hakk\u0131nda \u0130stanbul Cumhuriyet Ba\u015fsavc\u0131l\u0131\u011f\u0131\u2019na kabahat duyurusunda bulundu\u011funu duyurdu.<\/p>\n<p>Su\u00e7 duyurusu, T\u00fcrk Ceza Kanunu\u2019nun 122. unsurundaki \u201cNefret ve Ayr\u0131mc\u0131l\u0131k\u201d ve 216. hususundaki \u201cHalk\u0131 Kin ve D\u00fc\u015fmanl\u0131\u011fa Tahrik\u201d c\u00fcr\u00fcmlerine dayand\u0131r\u0131ld\u0131. Ayr\u0131yeten, Ba\u015fer\u2019in mesleksel sorumluluklar\u0131na ters hareket etti\u011fi belirtilerek, S\u0131hhat Bakanl\u0131\u011f\u0131\u2019na disiplin soru\u015fturmas\u0131 ba\u015flat\u0131lmas\u0131 i\u00e7in m\u00fcracaat yap\u0131laca\u011f\u0131 s\u00f6z edildi.<\/p>\n<p><img decoding=\"async\" src=\"https:\/\/ikimisli.tr\/wp-content\/uploads\/2025\/08\/unlu-profesor-hirtlar-vadisi-mesajina-aciklik-getirdi-0-A1Ibw8Nm.jpg\"\/><\/p>\n<p>Diyarbak\u0131r Barosu\u2019nun a\u00e7\u0131klamas\u0131nda \u015fu s\u00f6zler yer ald\u0131:<\/p>\n<p>\u201cX isimli toplumsal medya platformu \u00fczerinden, fizik\u00ee g\u00f6r\u00fcn\u00fc\u015f itibariyle toplumun bir kesitini maksat haline getiren ve \u2018insan alt t\u00fcrleri\u2019 \u00fczere nefret telaffuzlar\u0131 i\u00e7eren payla\u015f\u0131m\u0131 yapan ki\u015fi hakk\u0131nda, \u2018Nefret ve Ayr\u0131mc\u0131l\u0131k\u2019 (TCK m.122) ve \u2018Halk\u0131 Kin ve D\u00fc\u015fmanl\u0131\u011fa Tahrik\u2019 (TCK m.216) c\u00fcr\u00fcmlerinden \u00f6t\u00fcr\u00fc \u0130stanbul Cumhuriyet Ba\u015fsavc\u0131l\u0131\u011f\u0131\u2019na hata duyurusunda bulunulmu\u015ftur. T\u0131pk\u0131 vakitte, ilgili ki\u015finin misyonu ve mesleksel sorumluluklar\u0131 gere\u011fi etik unsurlara al\u0131\u015f\u0131lmam\u0131\u015f payla\u015f\u0131m nedeniyle S\u0131hhat Bakanl\u0131\u011f\u0131\u2019na disiplin soru\u015fturmas\u0131 ba\u015flat\u0131lmas\u0131 talebiyle resmi m\u00fcracaat yap\u0131lacakt\u0131r. Kamuoyuna h\u00fcrmetle duyurulur.\u201d<\/p>\n<p><b>&#8216;HIRT, TOPLUMU RAHATSIZ EDEN \u00dc\u00c7\u00dcNC\u00dc SINIF BE\u015eERLER \u0130\u00c7\u0130ND\u0130R&#8217;<\/b><\/p>\n<p>Payla\u015f\u0131m\u0131na gelen reaksiyonlar ve hata duyurusu \u00fczerine Prof. Dr. Bengi Ba\u015fer, iki farkl\u0131 a\u00e7\u0131klama yapt\u0131. Birinci payla\u015f\u0131m\u0131nda, \u201cH\u0131rt\u201d s\u00f6z\u00fcn\u00fcn T\u00fcrk Lisan Kurumu\u2019na (TDK) nazaran manas\u0131n\u0131 vurgulayarak, payla\u015f\u0131m\u0131n\u0131n makul bir etnik k\u00fcmesi maksat almad\u0131\u011f\u0131n\u0131 savundu.<\/p>\n<p>Ba\u015fer, \u015fu tabirleri kulland\u0131:<\/p>\n<p>\u201cH\u0131rt\u2019\u0131n manas\u0131 TDK\u2019na nazaran; 1. ahmak, budala, sersem, aptal, anlay\u0131\u015fs\u0131z (kimse). 2. incelikten mahrum, kaba (kimse). Siz bu manas\u0131 gidip K\u00fcrt halk\u0131 ile nas\u0131l \u00f6zde\u015fle\u015ftirir ve K\u00fcrt Halk\u0131na hakareti kendinizde hak olarak g\u00f6r\u00fcrs\u00fcn\u00fcz? Siz hata i\u015fleyen ve su\u00e7a e\u011filimli profilde\u2026\u201dAyn\u0131 g\u00fcn, Ba\u015fer \u00f6teki bir payla\u015f\u0131mda ise g\u00f6rselin ve tabirlerinin gayesini a\u00e7\u0131klayarak, payla\u015f\u0131m\u0131n\u0131n \u201ctoplumu rahats\u0131z eden \u00fc\u00e7\u00fcnc\u00fc s\u0131n\u0131f insanlar\u201d i\u00e7in oldu\u011funu belirtti:<\/p>\n<p>\u201cBu payla\u015f\u0131m ge\u00e7ti\u011fimiz g\u00fcn bir bayan\u0131n otomobiline sald\u0131ran, Minguzziyi b\u0131\u00e7aklayan, sokaklarda bayanlar\u0131 taciz edip, ellerinde sopalarla ma\u011fara insan\u0131 adaletini ya\u015fatan ve toplumu rahats\u0131z eden \u00fc\u00e7\u00fcnc\u00fc s\u0131n\u0131f be\u015ferler i\u00e7indir. Bu \u00e7izimi g\u00f6rd\u00fc\u011f\u00fcmde akl\u0131ma insan olmay\u0131 bile\u2026\u201d<\/p>\n","protected":false},"excerpt":{"rendered":"<p>Prof. Dr. Bengi Ba\u015fer, c\u00fcr\u00fcm duyurusunda bulunulan &#8216;H\u0131rtlar Vadisi&#8217; payla\u015f\u0131m\u0131yla ilgili a\u00e7\u0131klama yapt\u0131.<\/p>\n","protected":false},"author":1,"featured_media":73216,"comment_status":"open","ping_status":"open","sticky":false,"template":"","format":"standard","meta":{"footnotes":""},"categories":[25],"tags":[8700,711,2239,97,8701],"class_list":["post-73215","post","type-post","status-publish","format-standard","has-post-thumbnail","hentry","category-gundem","tag-baser","tag-insan","tag-paylasim","tag-suc","tag-toplumu"],"_links":{"self":[{"href":"https:\/\/ikimisli.tr\/index.php\/wp-json\/wp\/v2\/posts\/73215","targetHints":{"allow":["GET"]}}],"collection":[{"href":"https:\/\/ikimisli.tr\/index.php\/wp-json\/wp\/v2\/posts"}],"about":[{"href":"https:\/\/ikimisli.tr\/index.php\/wp-json\/wp\/v2\/types\/post"}],"author":[{"embeddable":true,"href":"https:\/\/ikimisli.tr\/index.php\/wp-json\/wp\/v2\/users\/1"}],"replies":[{"embeddable":true,"href":"https:\/\/ikimisli.tr\/index.php\/wp-json\/wp\/v2\/comments?post=73215"}],"version-history":[{"count":1,"href":"https:\/\/ikimisli.tr\/index.php\/wp-json\/wp\/v2\/posts\/73215\/revisions"}],"predecessor-version":[{"id":73218,"href":"https:\/\/ikimisli.tr\/index.php\/wp-json\/wp\/v2\/posts\/73215\/revisions\/73218"}],"wp:featuredmedia":[{"embeddable":true,"href":"https:\/\/ikimisli.tr\/index.php\/wp-json\/wp\/v2\/media\/73216"}],"wp:attachment":[{"href":"https:\/\/ikimisli.tr\/index.php\/wp-json\/wp\/v2\/media?parent=73215"}],"wp:term":[{"taxonomy":"category","embeddable":true,"href":"https:\/\/ikimisli.tr\/index.php\/wp-json\/wp\/v2\/categories?post=73215"},{"taxonomy":"post_tag","embeddable":true,"href":"https:\/\/ikimisli.tr\/index.php\/wp-json\/wp\/v2\/tags?post=73215"}],"curies":[{"name":"wp","href":"https:\/\/api.w.org\/{rel}","templated":true}]}}