{"id":73233,"date":"2025-08-26T06:56:32","date_gmt":"2025-08-26T06:56:32","guid":{"rendered":"https:\/\/ikimisli.tr\/?p=73233"},"modified":"2025-08-26T06:56:32","modified_gmt":"2025-08-26T06:56:32","slug":"bu-hatayi-yapan-okul-mudurleri-yandi-meb-artik-affetmeyecek","status":"publish","type":"post","link":"https:\/\/ikimisli.tr\/index.php\/2025\/08\/26\/bu-hatayi-yapan-okul-mudurleri-yandi-meb-artik-affetmeyecek\/","title":{"rendered":"Bu hatay\u0131 yapan okul m\u00fcd\u00fcrleri yand\u0131: MEB art\u0131k affetmeyecek"},"content":{"rendered":"<p>\u00a0<\/p>\n<p>2025-2026 e\u011fitim \u00f6\u011fretim y\u0131l\u0131 \u00f6ncesinde Milli E\u011fitim Bakanl\u0131\u011f\u0131, uyar\u0131larda bulundu. Kay\u0131p paras\u0131 talep eden y\u00f6neticilere kar\u015f\u0131 s\u0131f\u0131r tolerans g\u00f6sterilece\u011fini duyuran MEB, velileri de bu bahiste C\u0130MER&#8217;e \u015fikayette bulunmalar\u0131n\u0131 istedi.<\/p>\n<p>MEB&#8217;in yapt\u0131\u011f\u0131 a\u00e7\u0131klamaya nazaran, yasa d\u0131\u015f\u0131 olarak para isteyen y\u00f6neticiler misyondan al\u0131nacak. Ve .e\u015fitli disiplin cezalar\u0131 uygulanacak. Bu t\u0131p uygulamalar\u0131n\u0131n a\u00e7\u0131k\u00e7a yasa d\u0131\u015f\u0131 uygulamalar oldu\u011funu belirten Bakanl\u0131k, ilgili bireyler hakk\u0131nda kapsaml\u0131 soru\u015fturmalar ba\u015flat\u0131laca\u011f\u0131n\u0131 belirtti.<\/p>\n<p><b>C\u0130MER&#8217;E \u015e\u0130KAYET EDEB\u0130L\u0130RS\u0130N\u0130Z<\/b><\/p>\n<p>S\u00fcreli g\u00fcndeme gelen, okul kay\u0131tlar\u0131 s\u0131ras\u0131nda yasa d\u0131\u015f\u0131 para taleplerinde bulunan y\u00f6neticiler i\u00e7in MEB art\u0131k d\u00fc\u011fmeye bast\u0131. Velilerin daima \u015fikayet\u00e7i oldu\u011fu bu durum i\u00e7in MEB,\u00a0 \u015fikayet kap\u0131s\u0131n\u0131 a\u00e7t\u0131. Bu t\u00fcrl\u00fc bir durumla kar\u015f\u0131la\u015fan veliler, direkt il\u00e7e yahut vilayet ulusal e\u011fitim m\u00fcd\u00fcrl\u00fcklerine bildirebilirler. Ayr\u0131yeten Cumhurba\u015fkanl\u0131\u011f\u0131 Ba\u011flant\u0131 Merkezi (C\u0130MER) de \u015fikayetler i\u00e7in haz\u0131r durumda. Bu m\u00fcracaatlar, ilgili soru\u015fturma s\u00fcrecinin temelini olu\u015fturacak.<\/p>\n<p><b>MEB TAV\u0130Z VERMEYECEK<\/b><\/p>\n<p>Bu cins uygulamalar\u0131n t\u00fczel de\u011fil t\u0131pk\u0131 vakitte vicdani olarak da kabul edilemez bir durum oldu\u011funu belirten MEB, e\u011fitimde e\u015fitlik prensibine vurgu yapt\u0131. Taviz vermeyece\u011fini g\u00f6steren MEB, bu bahiste kararl\u0131.<\/p>\n<p>\u00a0<\/p>\n","protected":false},"excerpt":{"rendered":"<p>Okul y\u00f6neticilerinin bu davran\u0131\u015f\u0131 yapmas\u0131 durumunda \u00e7e\u015fitli disiplin cezalar\u0131 alacak ve vazifelerinden uzakla\u015ft\u0131r\u0131lacaklar. C\u0130MER&#8217;e veliler taraf\u0131ndan \u00e7ok say\u0131da \u015fikayet yap\u0131ld\u0131.<\/p>\n","protected":false},"author":1,"featured_media":73234,"comment_status":"open","ping_status":"open","sticky":false,"template":"","format":"standard","meta":{"footnotes":""},"categories":[25],"tags":[8284,1015],"class_list":["post-73233","post","type-post","status-publish","format-standard","has-post-thumbnail","hentry","category-gundem","tag-meb","tag-sikayet"],"_links":{"self":[{"href":"https:\/\/ikimisli.tr\/index.php\/wp-json\/wp\/v2\/posts\/73233","targetHints":{"allow":["GET"]}}],"collection":[{"href":"https:\/\/ikimisli.tr\/index.php\/wp-json\/wp\/v2\/posts"}],"about":[{"href":"https:\/\/ikimisli.tr\/index.php\/wp-json\/wp\/v2\/types\/post"}],"author":[{"embeddable":true,"href":"https:\/\/ikimisli.tr\/index.php\/wp-json\/wp\/v2\/users\/1"}],"replies":[{"embeddable":true,"href":"https:\/\/ikimisli.tr\/index.php\/wp-json\/wp\/v2\/comments?post=73233"}],"version-history":[{"count":1,"href":"https:\/\/ikimisli.tr\/index.php\/wp-json\/wp\/v2\/posts\/73233\/revisions"}],"predecessor-version":[{"id":73235,"href":"https:\/\/ikimisli.tr\/index.php\/wp-json\/wp\/v2\/posts\/73233\/revisions\/73235"}],"wp:featuredmedia":[{"embeddable":true,"href":"https:\/\/ikimisli.tr\/index.php\/wp-json\/wp\/v2\/media\/73234"}],"wp:attachment":[{"href":"https:\/\/ikimisli.tr\/index.php\/wp-json\/wp\/v2\/media?parent=73233"}],"wp:term":[{"taxonomy":"category","embeddable":true,"href":"https:\/\/ikimisli.tr\/index.php\/wp-json\/wp\/v2\/categories?post=73233"},{"taxonomy":"post_tag","embeddable":true,"href":"https:\/\/ikimisli.tr\/index.php\/wp-json\/wp\/v2\/tags?post=73233"}],"curies":[{"name":"wp","href":"https:\/\/api.w.org\/{rel}","templated":true}]}}