{"id":73352,"date":"2025-08-26T13:08:29","date_gmt":"2025-08-26T13:08:29","guid":{"rendered":"https:\/\/ikimisli.tr\/?p=73352"},"modified":"2025-08-26T13:08:29","modified_gmt":"2025-08-26T13:08:29","slug":"istanbul-valiliginden-kayip-rus-yuzucu-hakkinda-aciklama","status":"publish","type":"post","link":"https:\/\/ikimisli.tr\/index.php\/2025\/08\/26\/istanbul-valiliginden-kayip-rus-yuzucu-hakkinda-aciklama\/","title":{"rendered":"\u0130stanbul Valili\u011fi&#8217;nden kay\u0131p Rus y\u00fcz\u00fcc\u00fc hakk\u0131nda a\u00e7\u0131klama"},"content":{"rendered":"<p>\u0130stanbul Valili\u011fi \u0130stanbul&#8217;a gelerek 37. Bo\u011fazi\u00e7i K\u0131talararas\u0131 Y\u00fczme Yar\u0131\u015f\u0131\u2019na kat\u0131lan ve denizde kaybolan Rus y\u00fcz\u00fcc\u00fc Nikolai Svechnikov&#8217;a ait a\u00e7\u0131klama yapt\u0131.<\/p>\n<p>A\u00e7\u0131klamada, &#8220;T\u00fcrkiye Ulusal Olimpiyat Komitesi (TMOK) taraf\u0131ndan bu y\u0131l 37&#8217;ncisi d\u00fczenlenen Bo\u011fazi\u00e7i K\u0131talararas\u0131 Y\u00fczme Yar\u0131\u015f\u0131, \u0130stanbul&#8217;da ger\u00e7ekle\u015ftirilmi\u015ftir. Yar\u0131\u015fa, 81 \u00fclkeden 2800\u2019den fazla atlet kat\u0131lm\u0131\u015ft\u0131r. Kanl\u0131ca &#8211; Kuru\u00e7e\u015fme ortas\u0131ndaki 6.5 km\u2019lik parkurda yap\u0131lan yar\u0131\u015f sonunda yap\u0131lan denetimlerde, yar\u0131\u015fa Rusya Federasyonu\u2019ndan kat\u0131lan 30 ya\u015f\u0131ndaki profesyonel y\u00fczme antren\u00f6r\u00fc Nikolai Andreevich Svechnikov\u2019un biti\u015f noktas\u0131na gelmedi\u011fi tespit edilmi\u015ftir. G\u00fcvenlik kameras\u0131 manzaralar\u0131 ve y\u00fcz\u00fcc\u00fclerin ayaklar\u0131na tak\u0131l\u0131 \u00e7ipler denetim edildi\u011finde \u015fahs\u0131n ba\u015flang\u0131\u00e7 noktas\u0131ndan yar\u0131\u015fa ba\u015flad\u0131\u011f\u0131, fakat biti\u015f noktas\u0131nda denizden \u00e7\u0131k\u0131\u015f yapmad\u0131\u011f\u0131 anla\u015f\u0131lm\u0131\u015ft\u0131r.&#8221; denildi.<\/p>\n<p>A\u00e7\u0131klamada \u015fu s\u00f6zlere yer verildi:<\/p>\n<p>Sahil g\u00fcvenlik \u00f6geleri olay\u0131n akabinde, parkur etraf\u0131nda ve \u0130stanbul Bo\u011faz\u0131 boyunca arama tarama faaliyetlerine ba\u015flam\u0131\u015f, fakat \u015fahsa ili\u015fkin bir \u00f6geye rastlamam\u0131\u015ft\u0131r. Olayla ilgili ba\u015flat\u0131lan soru\u015fturma devam etmektedir&#8221;<\/p>\n","protected":false},"excerpt":{"rendered":"<p>Cumartesi g\u00fcn\u00fc \u0130stanbul&#8217;a gelerek 37. Bo\u011fazi\u00e7i K\u0131talararas\u0131 Y\u00fczme Yar\u0131\u015f\u0131\u2019na kat\u0131lan Rus y\u00fcz\u00fcc\u00fc Nikolai Svechnikov (29), denizde kayboldu. Gen\u00e7 y\u00fcz\u00fcc\u00fcy\u00fc arama \u00e7al\u0131\u015fmalar\u0131 devam ediyor.<\/p>\n","protected":false},"author":1,"featured_media":73353,"comment_status":"open","ping_status":"open","sticky":false,"template":"","format":"standard","meta":{"footnotes":""},"categories":[25],"tags":[3360],"class_list":["post-73352","post","type-post","status-publish","format-standard","has-post-thumbnail","hentry","category-gundem","tag-yaris"],"_links":{"self":[{"href":"https:\/\/ikimisli.tr\/index.php\/wp-json\/wp\/v2\/posts\/73352","targetHints":{"allow":["GET"]}}],"collection":[{"href":"https:\/\/ikimisli.tr\/index.php\/wp-json\/wp\/v2\/posts"}],"about":[{"href":"https:\/\/ikimisli.tr\/index.php\/wp-json\/wp\/v2\/types\/post"}],"author":[{"embeddable":true,"href":"https:\/\/ikimisli.tr\/index.php\/wp-json\/wp\/v2\/users\/1"}],"replies":[{"embeddable":true,"href":"https:\/\/ikimisli.tr\/index.php\/wp-json\/wp\/v2\/comments?post=73352"}],"version-history":[{"count":1,"href":"https:\/\/ikimisli.tr\/index.php\/wp-json\/wp\/v2\/posts\/73352\/revisions"}],"predecessor-version":[{"id":73354,"href":"https:\/\/ikimisli.tr\/index.php\/wp-json\/wp\/v2\/posts\/73352\/revisions\/73354"}],"wp:featuredmedia":[{"embeddable":true,"href":"https:\/\/ikimisli.tr\/index.php\/wp-json\/wp\/v2\/media\/73353"}],"wp:attachment":[{"href":"https:\/\/ikimisli.tr\/index.php\/wp-json\/wp\/v2\/media?parent=73352"}],"wp:term":[{"taxonomy":"category","embeddable":true,"href":"https:\/\/ikimisli.tr\/index.php\/wp-json\/wp\/v2\/categories?post=73352"},{"taxonomy":"post_tag","embeddable":true,"href":"https:\/\/ikimisli.tr\/index.php\/wp-json\/wp\/v2\/tags?post=73352"}],"curies":[{"name":"wp","href":"https:\/\/api.w.org\/{rel}","templated":true}]}}