{"id":73572,"date":"2025-08-27T00:56:27","date_gmt":"2025-08-27T00:56:27","guid":{"rendered":"https:\/\/ikimisli.tr\/?p=73572"},"modified":"2025-08-27T00:56:27","modified_gmt":"2025-08-27T00:56:27","slug":"istanbul-bogazinda-rus-yuzucu-alarmi","status":"publish","type":"post","link":"https:\/\/ikimisli.tr\/index.php\/2025\/08\/27\/istanbul-bogazinda-rus-yuzucu-alarmi\/","title":{"rendered":"\u0130stanbul Bo\u011faz\u0131&#8217;nda Rus y\u00fcz\u00fcc\u00fc alarm\u0131"},"content":{"rendered":"<p>\u0130stanbul Bo\u011faz\u0131\u2019nda d\u00fcn yap\u0131lan 37. Bo\u011fazi\u00e7i K\u0131talararas\u0131 Y\u00fczme Yar\u0131\u015f\u0131\u2019n\u0131n bitmesinin akabinde Rus y\u00fcz\u00fcc\u00fc Nikolai Svechnikov\u2019dan haber al\u0131namad\u0131.<\/p>\n<p>Beykoz Kanl\u0131ca\u2019dan ba\u015flay\u0131p Kuru\u00e7e\u015fme\u2019de sona eren yar\u0131\u015fta 3 bin sportmen yar\u0131\u015f\u0131rken Svechnikov\u2019un karaya \u00e7\u0131kmad\u0131\u011f\u0131 anla\u015f\u0131ld\u0131.<\/p>\n<p>Durumun bildirilmesi \u00fczerine \u0130stanbul Deniz Liman\u0131 \u015eube M\u00fcd\u00fcrl\u00fc\u011f\u00fc gruplar\u0131 bo\u011fazda arama \u00e7al\u0131\u015fmas\u0131 ba\u015flatt\u0131.<\/p>\n<p>Svechnikov\u2019un cumartesi g\u00fcn\u00fc \u0130stanbul\u2019a gelerek Beyo\u011flu\u2019nda bir otele yerle\u015fti\u011fi \u00f6\u011frenildi. Arama kurtarma \u00e7al\u0131\u015fmalar\u0131n\u0131n s\u00fcrd\u00fc\u011f\u00fc bildirildi.<\/p>\n<p>T\u00fcrkiye Ulusal Olimpiyat Komitesi (TMOK), 37. Bo\u011fazi\u00e7i K\u0131talararas\u0131 Y\u00fczme Yar\u0131\u015f\u0131&#8217;na kat\u0131lan Rus sportmen Nikolay Svechnikov&#8217;un denizde kaybolmas\u0131na ait bir a\u00e7\u0131klama yay\u0131mlad\u0131.<\/p>\n<p><b>&#8220;\u015eEFFAF B\u0130\u00c7\u0130MDE PAYLA\u015eMAYA DEVAM EDECE\u011e\u0130Z&#8221;<\/b><\/p>\n<p>Yap\u0131lan a\u00e7\u0131klamada, Nikolay Svechnikov&#8217;un yar\u0131\u015f s\u0131ras\u0131nda kayboldu\u011funun tespitinin akabinde y\u00fcr\u00fct\u00fclen \u00e7al\u0131\u015fmalara de\u011finilerek, &#8220;Devletimizin t\u00fcm g\u00fcvenlik \u00fcnitelerinin uyumu ve T\u00fcrkiye&#8217;nin g\u00fczide kurumlar\u0131n\u0131n katk\u0131s\u0131yla en y\u00fcksek g\u00fcvenlik standartlar\u0131nda icra edilen yar\u0131\u015f s\u0131ras\u0131nda, bir atletimizin kaybolmas\u0131 hepimizi derinden \u00fczm\u00fc\u015ft\u00fcr. Olay\u0131n ayd\u0131nlat\u0131lmas\u0131 i\u00e7in K\u0131y\u0131 G\u00fcvenlik ve Emniyet birimleriyle tam i\u015f birli\u011fi i\u00e7inde hareket edilmektedir. TMOK olarak, geli\u015fmeleri \u015feffaf bi\u00e7imde payla\u015fmaya devam edece\u011fiz.&#8221; denildi.<\/p>\n<p>37. Bo\u011fazi\u00e7i K\u0131talararas\u0131 Y\u00fczme Yar\u0131\u015f\u0131&#8217;n\u0131n ilgili kurumlar\u0131n sa\u011flad\u0131\u011f\u0131 en \u00fcst seviye g\u00fcvenlik \u00f6nlemleri alt\u0131nda ger\u00e7ekle\u015ftirildi\u011fi vurgulan\u0131rken, &#8220;Aralar\u0131nda K\u0131y\u0131 G\u00fcvenlik Komutanl\u0131\u011f\u0131, Emniyet Genel M\u00fcd\u00fcrl\u00fc\u011f\u00fc Deniz \u015eubesi, K\u0131y\u0131 Emniyeti, AFAD, \u0130tfaiye Daire Ba\u015fkanl\u0131\u011f\u0131, Sualt\u0131 Arama-Kurtarma Timleri ve \u00f6zel kurulu\u015flar\u0131n da bulundu\u011fu toplam 100 bot ve deniz arac\u0131 vazife alm\u0131\u015ft\u0131r. Bu ara\u00e7lar\u0131n 60&#8217;\u0131 g\u00fcvenlik botu olarak misyon yapm\u0131\u015ft\u0131r. Bu sayede yar\u0131\u015f g\u00fczergah\u0131nda her y\u00fcz\u00fcc\u00fcn\u00fcn g\u00fcvenli\u011fi sa\u011flanm\u0131\u015f, daima takipleri yap\u0131lm\u0131\u015ft\u0131r.&#8221; s\u00f6zleri kullan\u0131ld\u0131.<\/p>\n<p><img decoding=\"async\" src=\"https:\/\/ikimisli.tr\/wp-content\/uploads\/2025\/08\/istanbul-bogazinda-rus-yuzucu-alarmi-0-TKY3PuRm.jpg\"\/><\/p>\n<p><b>OLAYIN KRONOLOJ\u0130S\u0130<\/b><\/p>\n<p>Olay\u0131n kronolojisi \u015fu halde aktar\u0131ld\u0131:<\/p>\n<p>&#8220;- Yar\u0131\u015f 10:04&#8217;te ba\u015flat\u0131lm\u0131\u015f, son y\u00fcz\u00fcc\u00fc ise 10:54&#8217;te suya girmi\u015ftir.<\/p>\n<p>&#8211; Kurallar gere\u011fi yar\u0131\u015f, son y\u00fcz\u00fcc\u00fcn\u00fcn suya giri\u015finden itibaren 2 saat sonra, 12:54&#8217;te sona erdirilmi\u015ftir.<\/p>\n<p>&#8211; Yar\u0131\u015f bitiminde Komodor talimat\u0131yla t\u00fcm g\u00fczergah taranm\u0131\u015f, alanda rastgele bir y\u00fcz\u00fcc\u00fc kalmad\u0131\u011f\u0131 raporlanm\u0131\u015ft\u0131r.<\/p>\n<p>&#8211; Diskalifiye olan ve sudan \u00e7\u0131kar\u0131lan sportmenlerin listeleri birle\u015ftirilerek yap\u0131lan denetimde birinci anda 3 y\u00fcz\u00fcc\u00fcn\u00fcn eksik oldu\u011fu, daha sonra bunun tek bir atlete indi\u011fi tespit edilmi\u015ftir.<\/p>\n<p>&#8211; Bu bilgi derhal K\u0131y\u0131 G\u00fcvenlik Komutanl\u0131\u011f\u0131, Emniyet Deniz \u015eubesi ve \u0130stanbul Valili\u011fi ile payla\u015f\u0131lm\u0131\u015f, arama\u2013kurtarma faaliyetleri resmi tutanakla talep edilmi\u015f ve derhal harekete ge\u00e7ilmi\u015ftir.<\/p>\n<p>&#8211; \u0130lgili kurumlar yar\u0131\u015f sonras\u0131 olay\u0131n tespit edildi\u011finden bu yana b\u00f6lgede arama faaliyetlerini a\u011f\u0131rla\u015ft\u0131rm\u0131\u015f olup \u00e7al\u0131\u015fmalar aral\u0131ks\u0131z s\u00fcrmektedir.&#8221;<\/p>\n<p><b>SORU\u015eTURMA BA\u015eLATILDI<\/b><\/p>\n<p>Rus y\u00fcz\u00fcc\u00fcn\u00fcn kaybolmas\u0131na ait Beykoz Cumhuriyet Ba\u015fsavc\u0131l\u0131\u011f\u0131nca re\u2019sen soru\u015fturma ba\u015flat\u0131ld\u0131.<\/p>\n<p><b>VAL\u0130L\u0130KTEN DE A\u00c7IKLAMA GELD\u0130\u00a0<\/b><\/p>\n<p>\u0130stanbul Valili\u011fi \u0130stanbul&#8217;a gelerek 37. Bo\u011fazi\u00e7i K\u0131talararas\u0131 Y\u00fczme Yar\u0131\u015f\u0131\u2019na kat\u0131lan ve denizde kaybolan Rus y\u00fcz\u00fcc\u00fc Nikolai Svechnikov&#8217;a ait a\u00e7\u0131klama yapt\u0131.<\/p>\n<p>A\u00e7\u0131klamada, &#8220;T\u00fcrkiye Ulusal Olimpiyat Komitesi (TMOK) taraf\u0131ndan bu y\u0131l 37&#8217;ncisi d\u00fczenlenen Bo\u011fazi\u00e7i K\u0131talararas\u0131 Y\u00fczme Yar\u0131\u015f\u0131, \u0130stanbul&#8217;da ger\u00e7ekle\u015ftirilmi\u015ftir. Yar\u0131\u015fa, 81 \u00fclkeden 2800\u2019den fazla atlet kat\u0131lm\u0131\u015ft\u0131r. Kanl\u0131ca &#8211; Kuru\u00e7e\u015fme ortas\u0131ndaki 6.5 km\u2019lik parkurda yap\u0131lan yar\u0131\u015f sonunda yap\u0131lan denetimlerde, yar\u0131\u015fa Rusya Federasyonu\u2019ndan kat\u0131lan 30 ya\u015f\u0131ndaki profesyonel y\u00fczme antren\u00f6r\u00fc Nikolai Andreevich Svechnikov\u2019un biti\u015f noktas\u0131na gelmedi\u011fi tespit edilmi\u015ftir. G\u00fcvenlik kameras\u0131 imgeleri ve y\u00fcz\u00fcc\u00fclerin ayaklar\u0131na tak\u0131l\u0131 \u00e7ipler denetim edildi\u011finde \u015fahs\u0131n ba\u015flang\u0131\u00e7 noktas\u0131ndan yar\u0131\u015fa ba\u015flad\u0131\u011f\u0131, fakat biti\u015f noktas\u0131nda denizden \u00e7\u0131k\u0131\u015f yapmad\u0131\u011f\u0131 anla\u015f\u0131lm\u0131\u015ft\u0131r.&#8221; denildi.<\/p>\n","protected":false},"excerpt":{"rendered":"<p>Cumartesi g\u00fcn\u00fc \u0130stanbul&#8217;a gelerek 37. Bo\u011fazi\u00e7i K\u0131talararas\u0131 Y\u00fczme Yar\u0131\u015f\u0131\u2019na kat\u0131lan Rus y\u00fcz\u00fcc\u00fc Nikolai Svechnikov (29), yar\u0131\u015f\u0131n bitmesine ra\u011fmen denizden \u00e7\u0131kmad\u0131. Rus y\u00fcz\u00fcc\u00fcy\u00fc arama \u00e7al\u0131\u015fmalar\u0131 devam ederken \u0130stanbul Valili\u011fi, T\u00fcrkiye Ulusal Olimpiyat Komitesi mevzuya ait a\u00e7\u0131klama yapt\u0131.<\/p>\n","protected":false},"author":1,"featured_media":73573,"comment_status":"open","ping_status":"open","sticky":false,"template":"","format":"standard","meta":{"footnotes":""},"categories":[25],"tags":[105,1525,380,3360,8723],"class_list":["post-73572","post","type-post","status-publish","format-standard","has-post-thumbnail","hentry","category-gundem","tag-deniz","tag-guvenlik","tag-istanbul","tag-yaris","tag-yuzucu"],"_links":{"self":[{"href":"https:\/\/ikimisli.tr\/index.php\/wp-json\/wp\/v2\/posts\/73572","targetHints":{"allow":["GET"]}}],"collection":[{"href":"https:\/\/ikimisli.tr\/index.php\/wp-json\/wp\/v2\/posts"}],"about":[{"href":"https:\/\/ikimisli.tr\/index.php\/wp-json\/wp\/v2\/types\/post"}],"author":[{"embeddable":true,"href":"https:\/\/ikimisli.tr\/index.php\/wp-json\/wp\/v2\/users\/1"}],"replies":[{"embeddable":true,"href":"https:\/\/ikimisli.tr\/index.php\/wp-json\/wp\/v2\/comments?post=73572"}],"version-history":[{"count":1,"href":"https:\/\/ikimisli.tr\/index.php\/wp-json\/wp\/v2\/posts\/73572\/revisions"}],"predecessor-version":[{"id":73575,"href":"https:\/\/ikimisli.tr\/index.php\/wp-json\/wp\/v2\/posts\/73572\/revisions\/73575"}],"wp:featuredmedia":[{"embeddable":true,"href":"https:\/\/ikimisli.tr\/index.php\/wp-json\/wp\/v2\/media\/73573"}],"wp:attachment":[{"href":"https:\/\/ikimisli.tr\/index.php\/wp-json\/wp\/v2\/media?parent=73572"}],"wp:term":[{"taxonomy":"category","embeddable":true,"href":"https:\/\/ikimisli.tr\/index.php\/wp-json\/wp\/v2\/categories?post=73572"},{"taxonomy":"post_tag","embeddable":true,"href":"https:\/\/ikimisli.tr\/index.php\/wp-json\/wp\/v2\/tags?post=73572"}],"curies":[{"name":"wp","href":"https:\/\/api.w.org\/{rel}","templated":true}]}}