{"id":73763,"date":"2025-08-27T11:56:26","date_gmt":"2025-08-27T11:56:26","guid":{"rendered":"https:\/\/ikimisli.tr\/?p=73763"},"modified":"2025-08-27T11:56:26","modified_gmt":"2025-08-27T11:56:26","slug":"tutuklu-ibb-gorevlisi-cezaevinde-kalp-krizi-gecirdi","status":"publish","type":"post","link":"https:\/\/ikimisli.tr\/index.php\/2025\/08\/27\/tutuklu-ibb-gorevlisi-cezaevinde-kalp-krizi-gecirdi\/","title":{"rendered":"Tutuklu \u0130BB g\u00f6revlisi cezaevinde kalp krizi ge\u00e7irdi"},"content":{"rendered":"<p>\u0130stanbul B\u00fcy\u00fck\u015fehir Belediyesi&#8217;ne y\u00f6nelik soru\u015fturma kapsam\u0131nda tutuklu olan \u0130BB vazifelisi Kalender \u00d6zdemir 22 A\u011fustos&#8217;ta Silivri Cezaevi&#8217;nde kalp krizi ge\u00e7irdi.<\/p>\n<p>\u00d6zdemir&#8217;in kalp krizi ge\u00e7irdi\u011fini payla\u015fan gazeteci \u015eaban Sevin\u00e7, \u00d6zdemir&#8217;in ailesine \u00fc\u00e7 g\u00fcn sonra haber verildi\u011fini belirtti.<\/p>\n<p>Sevin\u00e7, &#8220;Silivri cezaevinde tutuklu bulunan \u0130BB vazifelisi Kalender \u00d6zdemir 22 A\u011fustos g\u00fcn\u00fc kalp rahats\u0131zl\u0131\u011f\u0131 ge\u00e7iriyor ve K\u00fc\u00e7\u00fck\u00e7ekmece Mehmet Akif Ersoy G\u00f6\u011f\u00fcs ve Kalp Hastal\u0131klar\u0131 Hastanesine kald\u0131r\u0131l\u0131yor. Ailesine tam 3 g\u00fcn sonra d\u00fcn haber veriliyor. Ailesi d\u00fcn apar topar hastaneye gidiyor lakin g\u00f6r\u00fc\u015ft\u00fcrm\u00fcyorlar. Aile bir tan\u0131d\u0131k avukat\u0131 g\u00f6nderiyor. Lakin vekaleti yok diye onunla da g\u00f6r\u00fc\u015ft\u00fcrmeyip, bilgi verilmiyor. Bu sabah bilgi alabilmi\u015fler. &#8221; bilgisini payla\u015ft\u0131.<\/p>\n<p>Sevin\u00e7 \u015fu s\u00f6zleri kulland\u0131:<\/p>\n<p>Kalender \u00d6zdemir\u2019in daha evvelce de kalp krizi ge\u00e7mi\u015fi bulunuyor ve a\u011f\u0131r bak\u0131mda durumu \u00e2l\u00e2 de\u011fil. Art\u0131k anjiyo yap\u0131l\u0131p tekrar stent tak\u0131lm\u0131\u015f. Bu adam \u015fimdi yaln\u0131zca san\u0131k. Ve tahminen mahkeme sonunda beraat edecek. Bu yap\u0131lan reva m\u0131?<\/p>\n","protected":false},"excerpt":{"rendered":"<p>Silivri Cezaevi&#8217;nde tutuklu bulunan \u0130BB vazifelisi Kalender \u00d6zdemir kalp krizi ge\u00e7irdi.<\/p>\n","protected":false},"author":1,"featured_media":73764,"comment_status":"open","ping_status":"open","sticky":false,"template":"","format":"standard","meta":{"footnotes":""},"categories":[25],"tags":[700,204],"class_list":["post-73763","post","type-post","status-publish","format-standard","has-post-thumbnail","hentry","category-gundem","tag-kalp","tag-ozdemir"],"_links":{"self":[{"href":"https:\/\/ikimisli.tr\/index.php\/wp-json\/wp\/v2\/posts\/73763","targetHints":{"allow":["GET"]}}],"collection":[{"href":"https:\/\/ikimisli.tr\/index.php\/wp-json\/wp\/v2\/posts"}],"about":[{"href":"https:\/\/ikimisli.tr\/index.php\/wp-json\/wp\/v2\/types\/post"}],"author":[{"embeddable":true,"href":"https:\/\/ikimisli.tr\/index.php\/wp-json\/wp\/v2\/users\/1"}],"replies":[{"embeddable":true,"href":"https:\/\/ikimisli.tr\/index.php\/wp-json\/wp\/v2\/comments?post=73763"}],"version-history":[{"count":1,"href":"https:\/\/ikimisli.tr\/index.php\/wp-json\/wp\/v2\/posts\/73763\/revisions"}],"predecessor-version":[{"id":73765,"href":"https:\/\/ikimisli.tr\/index.php\/wp-json\/wp\/v2\/posts\/73763\/revisions\/73765"}],"wp:featuredmedia":[{"embeddable":true,"href":"https:\/\/ikimisli.tr\/index.php\/wp-json\/wp\/v2\/media\/73764"}],"wp:attachment":[{"href":"https:\/\/ikimisli.tr\/index.php\/wp-json\/wp\/v2\/media?parent=73763"}],"wp:term":[{"taxonomy":"category","embeddable":true,"href":"https:\/\/ikimisli.tr\/index.php\/wp-json\/wp\/v2\/categories?post=73763"},{"taxonomy":"post_tag","embeddable":true,"href":"https:\/\/ikimisli.tr\/index.php\/wp-json\/wp\/v2\/tags?post=73763"}],"curies":[{"name":"wp","href":"https:\/\/api.w.org\/{rel}","templated":true}]}}