{"id":73775,"date":"2025-08-27T12:44:28","date_gmt":"2025-08-27T12:44:28","guid":{"rendered":"https:\/\/ikimisli.tr\/?p=73775"},"modified":"2025-08-27T12:44:28","modified_gmt":"2025-08-27T12:44:28","slug":"rus-yuzucu-bogaz-sularinda-kayboldu-3-ihtimal-aciga-cikti-karisi-sosyal-medyadan-acikladi","status":"publish","type":"post","link":"https:\/\/ikimisli.tr\/index.php\/2025\/08\/27\/rus-yuzucu-bogaz-sularinda-kayboldu-3-ihtimal-aciga-cikti-karisi-sosyal-medyadan-acikladi\/","title":{"rendered":"Rus y\u00fcz\u00fcc\u00fc Bo\u011faz sular\u0131nda kayboldu! 3 ihtimal a\u00e7\u0131\u011fa \u00e7\u0131kt\u0131, kar\u0131s\u0131 sosyal medyadan a\u00e7\u0131klad\u0131"},"content":{"rendered":"<p>\u0130stanbul Bo\u011faz\u0131&#8217;nda 24 A\u011fustos&#8217;ta 81 \u00fclkeden 2 bin 820 atletin i\u015ftirakiyle ger\u00e7ekle\u015ftirilen yar\u0131\u015fa kat\u0131lan Rus y\u00fcz\u00fcc\u00fc Nikolai Andreevich Svechnikov&#8217;un karaya \u00e7\u0131kamad\u0131\u011f\u0131n\u0131n anla\u015f\u0131lmas\u0131 \u00fczerine tak\u0131mlarca ba\u015flat\u0131lan arama \u00e7al\u0131\u015fmalar\u0131 3&#8217;\u00fcnc\u00fc g\u00fcn\u00fcnde de s\u00fcr\u00fcyor. Arama \u00e7al\u0131\u015fmalar\u0131 devam ederken y\u00fcz\u00fcc\u00fcye dair bir ize rastlanmad\u0131.<\/p>\n<p><b>BA\u015eARI DOLU SPOR GE\u00c7M\u0130\u015e\u0130<\/b><\/p>\n<p>Svechnikov&#8217;un, Rusya\u2019da \u201cUsta Sporcu\u201d unvan\u0131na sahip oldu\u011fu \u00f6\u011frenildi. \u00c7ocukluk periyodunda Kursk b\u00f6lgesinde \u00f6zg\u00fcr ve s\u0131rt tarzlar\u0131nda rekorlar k\u0131rd\u0131, Orta Federal B\u00f6lge \u015fampiyonluklar\u0131 elde etti. 2019\u2019da a\u00e7\u0131k suda d\u00fczenlenen \u201cKupa \u015eampiyonlar\u0131\u201d yar\u0131\u015f\u0131n\u0131 kazand\u0131. Rus y\u00fcz\u00fcc\u00fc, \u00fclkesinde y\u00fczme okulu sahibi oldu\u011fu \u00f6\u011frenildi.<\/p>\n<p><img decoding=\"async\" src=\"https:\/\/ikimisli.tr\/wp-content\/uploads\/2025\/08\/rus-yuzucu-bogaz-sularinda-kayboldu-3-ihtimal-aciga-cikti-karisi-sosyal-medyadan-acikladi-0-ABVrH6uN.jpg\"\/><\/p>\n<p><b>YEN\u0130 EVLENM\u0130\u015e, YEN\u0130 BABA OLMU\u015e<\/b><\/p>\n<p>Y\u00fcz\u00fcc\u00fcn\u00fcn ise geride b\u0131rakt\u0131\u011f\u0131 hayat\u0131yla ilgili yeni ayr\u0131nt\u0131lar da ortaya \u00e7\u0131kmaya ba\u015flad\u0131. Rus y\u00fcz\u00fcc\u00fc Svechnikov&#8217;un ge\u00e7ti\u011fimiz y\u0131l evlendi\u011fi ve Baba oldu\u011fu \u00f6\u011frenildi. Svechnikov&#8217;un arama \u00e7al\u0131\u015fmalar\u0131n\u0131 yak\u0131ndan takip eden e\u015fi Antonina, kocas\u0131n\u0131 Bo\u011faz k\u0131y\u0131lar\u0131nda karadan da aramay\u0131 planl\u0131yor fakat Izvestiya&#8217;n\u0131n haberine nazaran gere\u011fince insan bulunmad\u0131\u011f\u0131 i\u00e7in toplumsal medya \u00fczerinden istekli toplamaya \u00e7al\u0131\u015f\u0131yor.<\/p>\n<p><img decoding=\"async\" src=\"https:\/\/ikimisli.tr\/wp-content\/uploads\/2025\/08\/rus-yuzucu-bogaz-sularinda-kayboldu-3-ihtimal-aciga-cikti-karisi-sosyal-medyadan-acikladi-1-taGqKXqq.png\"\/><\/p>\n<p><img decoding=\"async\" src=\"https:\/\/ikimisli.tr\/wp-content\/uploads\/2025\/08\/rus-yuzucu-bogaz-sularinda-kayboldu-3-ihtimal-aciga-cikti-karisi-sosyal-medyadan-acikladi-2-OhkBHtIX.png\"\/><\/p>\n<p><b>S\u0130YAH KOLSUZ MAYO VE YE\u015e\u0130L BONEYLE KAYBOLDU\u00a0<\/b><\/p>\n<p>E\u015finin kaybolmadan evvel ne giydi\u011fini payla\u015fan gen\u00e7 bayan \u015f\u00f6yle konu\u015ftu:<\/p>\n<p>&#8220;Siyah, kolsuz bir mayo giymi\u015fti ve \u00fczerinde 2554 numaras\u0131 bulunan ye\u015fil bir bone tak\u0131yordu.&#8221;<\/p>\n<p><img decoding=\"async\" src=\"https:\/\/ikimisli.tr\/wp-content\/uploads\/2025\/08\/rus-yuzucu-bogaz-sularinda-kayboldu-3-ihtimal-aciga-cikti-karisi-sosyal-medyadan-acikladi-3-k6J5WX5f.jpg\"\/><\/p>\n<p><b>YARDIM \u0130STED\u0130<\/b><\/p>\n<p>Gen\u00e7 bayan, e\u015finin arama \u00e7al\u0131\u015fmalar\u0131n\u0131n h\u0131zlanmas\u0131n\u0131 talep ederek \u015funlar\u0131 ekledi:<\/p>\n<p>&#8220;Yard\u0131m\u0131n\u0131z\u0131 rica ediyorum! \u015eayet Bo\u011faz k\u0131y\u0131s\u0131na yak\u0131n olanlar varsa, bo\u011faz\u0131n iki yakas\u0131nda da l\u00fctfen kocam\u0131 arama \u00e7al\u0131\u015fmalar\u0131na kat\u0131l\u0131n. Yard\u0131m\u0131n\u0131z i\u00e7in \u00e7ok minnettar olaca\u011f\u0131m.&#8221;<\/p>\n<p><b>KAYBOLMASINION ARDINDAK\u0130 \u00dc\u00c7 \u0130HT\u0130MAL<\/b><\/p>\n<p>Y\u00fczme yar\u0131\u015f\u0131ndan sonra bir daha karaya \u00e7\u0131kmayan\u00a0Svechnikov&#8217;un baca\u011f\u0131na kramp girmi\u015f ve ak\u0131nt\u0131ya kap\u0131lm\u0131\u015f olabilece\u011fi de arg\u00fcman edildi.<\/p>\n<p>Eski Rus a\u00e7\u0131k su y\u00fczme antren\u00f6r\u00fc Alexei Akatievise\u00a0 kalabal\u0131k start s\u0131ras\u0131nda ya\u015fanabilecek bir \u00e7arp\u0131\u015fma s\u0131k\u0131nt\u0131s\u0131n\u0131n da ya\u015fanabilece\u011fi ihtimalini \u00f6ne s\u00fcrd\u00fc.\u00a0<\/p>\n<p>Sporcunun y\u00fczd\u00fc\u011f\u00fc s\u0131rada kalp krizi yahut ani bir s\u0131hhat meselesiyle s\u0131rada k\u00f6t\u00fcle\u015ferek batt\u0131\u011f\u0131 ihtimali \u00fczerinde duruluyor.<\/p>\n<p>\u00a0<\/p>\n","protected":false},"excerpt":{"rendered":"<p>Rus y\u00fcz\u00fcc\u00fc Nikolai Svechnikov \u0130stanbul Bo\u011faz\u0131\u2019ndaki y\u00fczme yar\u0131\u015f\u0131na kat\u0131ld\u0131 ancak bir daha ondan bir ize rastlanmad\u0131. Y\u00fcz\u00fcc\u00fcn\u00fcn e\u015fi ise haberi al\u0131r almaz 9 ayl\u0131k bebe\u011fini Moskova\u2019da b\u0131rak\u0131p \u0130stanbul\u2019a geldi. Kay\u0131p Rus y\u00fcz\u00fcc\u00fcye ili\u015fkin yeni bilgiler ortaya \u00e7\u0131karken kaybolmas\u0131n\u0131n arkas\u0131ndaki \u00fc\u00e7 ihtimal de g\u00fcndeme geldi.<\/p>\n","protected":false},"author":1,"featured_media":73776,"comment_status":"open","ping_status":"open","sticky":false,"template":"","format":"standard","meta":{"footnotes":""},"categories":[25],"tags":[8741,282,8723],"class_list":["post-73775","post","type-post","status-publish","format-standard","has-post-thumbnail","hentry","category-gundem","tag-arama-calismalari","tag-rus","tag-yuzucu"],"_links":{"self":[{"href":"https:\/\/ikimisli.tr\/index.php\/wp-json\/wp\/v2\/posts\/73775","targetHints":{"allow":["GET"]}}],"collection":[{"href":"https:\/\/ikimisli.tr\/index.php\/wp-json\/wp\/v2\/posts"}],"about":[{"href":"https:\/\/ikimisli.tr\/index.php\/wp-json\/wp\/v2\/types\/post"}],"author":[{"embeddable":true,"href":"https:\/\/ikimisli.tr\/index.php\/wp-json\/wp\/v2\/users\/1"}],"replies":[{"embeddable":true,"href":"https:\/\/ikimisli.tr\/index.php\/wp-json\/wp\/v2\/comments?post=73775"}],"version-history":[{"count":1,"href":"https:\/\/ikimisli.tr\/index.php\/wp-json\/wp\/v2\/posts\/73775\/revisions"}],"predecessor-version":[{"id":73781,"href":"https:\/\/ikimisli.tr\/index.php\/wp-json\/wp\/v2\/posts\/73775\/revisions\/73781"}],"wp:featuredmedia":[{"embeddable":true,"href":"https:\/\/ikimisli.tr\/index.php\/wp-json\/wp\/v2\/media\/73776"}],"wp:attachment":[{"href":"https:\/\/ikimisli.tr\/index.php\/wp-json\/wp\/v2\/media?parent=73775"}],"wp:term":[{"taxonomy":"category","embeddable":true,"href":"https:\/\/ikimisli.tr\/index.php\/wp-json\/wp\/v2\/categories?post=73775"},{"taxonomy":"post_tag","embeddable":true,"href":"https:\/\/ikimisli.tr\/index.php\/wp-json\/wp\/v2\/tags?post=73775"}],"curies":[{"name":"wp","href":"https:\/\/api.w.org\/{rel}","templated":true}]}}