{"id":73843,"date":"2025-08-27T16:20:27","date_gmt":"2025-08-27T16:20:27","guid":{"rendered":"https:\/\/ikimisli.tr\/?p=73843"},"modified":"2025-08-27T16:20:27","modified_gmt":"2025-08-27T16:20:27","slug":"araba-klimasini-acarken-dikkat-bu-5-yanlis-hem-araciniza-hem-cebinize-zarar-veriyor","status":"publish","type":"post","link":"https:\/\/ikimisli.tr\/index.php\/2025\/08\/27\/araba-klimasini-acarken-dikkat-bu-5-yanlis-hem-araciniza-hem-cebinize-zarar-veriyor\/","title":{"rendered":"Araba klimas\u0131n\u0131 a\u00e7arken dikkat! Bu 5 yanl\u0131\u015f hem arac\u0131n\u0131za hem cebinize zarar veriyor"},"content":{"rendered":"<p><b>1. Klimay\u0131 En Y\u00fcksek D\u00fczeyde A\u00e7mak<\/b><\/p>\n<p>Arac\u0131n\u0131z\u0131 \u00e7al\u0131\u015ft\u0131rd\u0131ktan \u00e7abucak sonra klimay\u0131 en y\u00fcksek d\u00fczeye almak b\u00fcy\u00fck bir yan\u0131lg\u0131. Kap\u0131lar a\u00e7\u0131kken motorun bir m\u00fcddet \u00e7al\u0131\u015ft\u0131r\u0131lmas\u0131 ve klimay\u0131 sonradan a\u00e7mak, bilhassa k\u00fc\u00e7\u00fck motorlu ya da eski ara\u00e7larda kompres\u00f6re fazladan y\u00fck bindiriyor. Bu da daha fazla yak\u0131t t\u00fcketimi ve gereksiz y\u0131pranma manas\u0131na geliyor.<\/p>\n<p><b>2. Camlar\u0131 A\u00e7\u0131k Tutmak<\/b><\/p>\n<p>Klimay\u0131 \u00e7al\u0131\u015ft\u0131r\u0131rken camlar\u0131n a\u00e7\u0131k b\u0131rak\u0131lmas\u0131, serin havan\u0131n d\u0131\u015far\u0131 \u00e7\u0131kmas\u0131na ve s\u0131cak havan\u0131n i\u00e7eri girmesine neden oluyor. Bu durum, sistemin daha fazla g\u00fc\u00e7 harcamas\u0131na ve kompres\u00f6r\u00fcn zorlanmas\u0131na yol a\u00e7\u0131yor.<\/p>\n<p><b>3. Sistemli Bak\u0131m\u0131 \u0130hmal Etmek<\/b><\/p>\n<p>Polen filtresinin t\u0131kanmas\u0131 yahut klima gaz\u0131n\u0131n d\u00fc\u015fmesi, performans\u0131 \u00f6nemli halde azalt\u0131yor. Bunun sonucu olarak mak\u00fbs koku olu\u015fuyor ve sistem \u00e7ok zorlan\u0131yor. Sistemli bak\u0131m yapt\u0131rmak, hem kliman\u0131n \u00f6mr\u00fcn\u00fc uzat\u0131yor hem de s\u00fcr\u00fc\u015f konforunu art\u0131r\u0131yor.<\/p>\n<p><img decoding=\"async\" src=\"https:\/\/ikimisli.tr\/wp-content\/uploads\/2025\/08\/araba-klimasini-acarken-dikkat-bu-5-yanlis-hem-araciniza-hem-cebinize-zarar-veriyor-0-kU5Xd1A8.jpg\"\/><\/p>\n<p><b>4. Daima \u0130\u00e7 Hava Dolan\u0131m\u0131nda Kullanmak<\/b><\/p>\n<p>\u0130\u00e7 hava deveran\u0131 modu kabini s\u00fcratli so\u011futmak i\u00e7in yararl\u0131 olsa da, daima kullan\u0131ld\u0131\u011f\u0131nda havan\u0131n bayatlamas\u0131na ve nem birikmesine neden oluyor. Bu durum berbat kokular\u0131 da beraberinde getiriyor. Uzmanlar, bu modu vakit zaman taze hava ile de\u011fi\u015ftirmeyi \u00f6neriyor.<\/p>\n<p><b>5. S\u0131cakl\u0131\u011f\u0131 Gereksiz Yere En D\u00fc\u015f\u00fck D\u00fczeye Getirmek<\/b><\/p>\n<p>Klima s\u0131cakl\u0131\u011f\u0131n\u0131 en d\u00fc\u015f\u00fck d\u00fczeye ayarlamak hem yak\u0131t t\u00fcketimini art\u0131r\u0131yor hem de a\u011f\u0131rla\u015fma nedeniyle k\u00fcf ve bakteri olu\u015fumuna yol a\u00e7abiliyor. Uzmanlara nazaran, istikrarl\u0131 ve konforlu bir s\u0131cakl\u0131k tercih etmek hem s\u0131hhat hem de sistemin verimlili\u011fi a\u00e7\u0131s\u0131ndan \u00e7ok daha yanl\u0131\u015fs\u0131z.<\/p>\n<p><img decoding=\"async\" src=\"https:\/\/ikimisli.tr\/wp-content\/uploads\/2025\/08\/araba-klimasini-acarken-dikkat-bu-5-yanlis-hem-araciniza-hem-cebinize-zarar-veriyor-1-sDYmwEhm.jpg\"\/><\/p>\n","protected":false},"excerpt":{"rendered":"<p>Arabalar art\u0131k geli\u015fen teknolojiyle donat\u0131lm\u0131\u015f olsa da, klima kullan\u0131m\u0131 h\u00e2l\u00e2 \u015fof\u00f6rlerin en kritik mevzular\u0131ndan biri. Yaz aylar\u0131nda b\u00fcy\u00fck bir konfor sa\u011flayan ara\u00e7 klimalar\u0131, yanl\u0131\u015f kullan\u0131ld\u0131\u011f\u0131nda hem yak\u0131t t\u00fcketimini art\u0131r\u0131yor hem de sistemin \u00f6mr\u00fcn\u00fc k\u0131salt\u0131yor. Uzmanlar, klimay\u0131 \u00e7al\u0131\u015ft\u0131r\u0131rken yap\u0131lan yan\u0131lg\u0131lara kar\u015f\u0131 \u015fof\u00f6rleri uyar\u0131yor. \u0130\u015fte yak\u0131ttan tasarruf etmenizi sa\u011flayacak 5 kritik yan\u0131lg\u0131:<\/p>\n","protected":false},"author":1,"featured_media":73844,"comment_status":"open","ping_status":"open","sticky":false,"template":"","format":"standard","meta":{"footnotes":""},"categories":[24],"tags":[161,7801],"class_list":["post-73843","post","type-post","status-publish","format-standard","has-post-thumbnail","hentry","category-ekonomi","tag-hava","tag-klima"],"_links":{"self":[{"href":"https:\/\/ikimisli.tr\/index.php\/wp-json\/wp\/v2\/posts\/73843","targetHints":{"allow":["GET"]}}],"collection":[{"href":"https:\/\/ikimisli.tr\/index.php\/wp-json\/wp\/v2\/posts"}],"about":[{"href":"https:\/\/ikimisli.tr\/index.php\/wp-json\/wp\/v2\/types\/post"}],"author":[{"embeddable":true,"href":"https:\/\/ikimisli.tr\/index.php\/wp-json\/wp\/v2\/users\/1"}],"replies":[{"embeddable":true,"href":"https:\/\/ikimisli.tr\/index.php\/wp-json\/wp\/v2\/comments?post=73843"}],"version-history":[{"count":1,"href":"https:\/\/ikimisli.tr\/index.php\/wp-json\/wp\/v2\/posts\/73843\/revisions"}],"predecessor-version":[{"id":73847,"href":"https:\/\/ikimisli.tr\/index.php\/wp-json\/wp\/v2\/posts\/73843\/revisions\/73847"}],"wp:featuredmedia":[{"embeddable":true,"href":"https:\/\/ikimisli.tr\/index.php\/wp-json\/wp\/v2\/media\/73844"}],"wp:attachment":[{"href":"https:\/\/ikimisli.tr\/index.php\/wp-json\/wp\/v2\/media?parent=73843"}],"wp:term":[{"taxonomy":"category","embeddable":true,"href":"https:\/\/ikimisli.tr\/index.php\/wp-json\/wp\/v2\/categories?post=73843"},{"taxonomy":"post_tag","embeddable":true,"href":"https:\/\/ikimisli.tr\/index.php\/wp-json\/wp\/v2\/tags?post=73843"}],"curies":[{"name":"wp","href":"https:\/\/api.w.org\/{rel}","templated":true}]}}