{"id":73852,"date":"2025-08-27T16:44:27","date_gmt":"2025-08-27T16:44:27","guid":{"rendered":"https:\/\/ikimisli.tr\/?p=73852"},"modified":"2025-08-27T16:44:27","modified_gmt":"2025-08-27T16:44:27","slug":"devlet-hastanesinde-skandal-doktor-giyim-tarzini-begenmedigi-genc-kizi-muayene-etmedi","status":"publish","type":"post","link":"https:\/\/ikimisli.tr\/index.php\/2025\/08\/27\/devlet-hastanesinde-skandal-doktor-giyim-tarzini-begenmedigi-genc-kizi-muayene-etmedi\/","title":{"rendered":"Devlet hastanesinde skandal: Doktor, giyim tarz\u0131n\u0131 be\u011fenmedi\u011fi gen\u00e7 k\u0131z\u0131 muayene etmedi"},"content":{"rendered":"<p>Sosyal medyada payla\u015f\u0131lan bir g\u00f6r\u00fcnt\u00fcde Konya&#8217;n\u0131n Meram il\u00e7esinde bulunan Meram Devlet Hastanesi&#8217;nde ya\u015fand\u0131\u011f\u0131 sav edilen olay b\u00fcy\u00fck reaksiyon toplad\u0131.<\/p>\n<p>Videodaki imgelere nazaran; gen\u00e7 bayan g\u00f6z hastal\u0131klar\u0131 poliklini\u011finde muayene olmak \u00fczere hastaneye ba\u015fvurdu. Lakin doktor, gen\u00e7 k\u0131za y\u00f6nelik &#8220;Te\u015fhircileri muayene etmiyorum&#8221; formunda tabirde bulundu.<\/p>\n<p>Gen\u00e7 bayan, &#8220;Bana te\u015fhirci diyemezsiniz&#8221; diyerek reaksiyon g\u00f6sterirken hekimin ise &#8220;Sizi muayene etmiyorum. \u00c7\u0131kar m\u0131s\u0131n\u0131z l\u00fctfen?&#8221; halinde cevap verdi\u011fi g\u00f6r\u00fcld\u00fc.<\/p>\n<p>Olay s\u0131ras\u0131nda g\u00f6zya\u015flar\u0131na bo\u011fulan gen\u00e7 bayan\u0131n ya\u015fad\u0131klar\u0131, toplumsal medyada b\u00fcy\u00fck reaksiyon toplad\u0131.<\/p>\n<p><img decoding=\"async\" src=\"https:\/\/ikimisli.tr\/wp-content\/uploads\/2025\/08\/devlet-hastanesinde-skandal-doktor-giyim-tarzini-begenmedigi-genc-kizi-muayene-etmedi-0-85U1WwkJ.jpg\"\/><\/p>\n<p><b><span>TEK SKANDALI BU DE\u011e\u0130LM\u0130\u015e<\/span><\/b><\/p>\n<p>Gen\u00e7 k\u0131z\u0131n muayene talebini reddeden tabibin, G\u00f6z Hastal\u0131klar\u0131 Uzman\u0131 ve birebir vakitte \u0130HH Konya \u015eube Lideri Dr. Hasan H\u00fcseyin Uysal oldu\u011fu \u00f6\u011frenildi.<\/p>\n<p><img decoding=\"async\" src=\"https:\/\/ikimisli.tr\/wp-content\/uploads\/2025\/08\/devlet-hastanesinde-skandal-doktor-giyim-tarzini-begenmedigi-genc-kizi-muayene-etmedi-1-6WqAVQ1Q.jpg\"\/><\/p>\n<p>Daha evvel 13 ya\u015f\u0131ndaki \u00e7ocuklar\u0131n evlili\u011fini savunan a\u00e7\u0131klamalar\u0131yla b\u00fcy\u00fck reaksiyon toplayan Uysal, hakk\u0131nda idari soru\u015fturma ba\u015flat\u0131lm\u0131\u015ft\u0131.<\/p>\n<p>Bunun sonucunda Numune Hastanesi\u2019ndeki Ba\u015fhekim Yard\u0131mc\u0131l\u0131\u011f\u0131 vazifesinden al\u0131nan Uysal daha sonra Meram Devlet Hastanesi&#8217;nde misyonuna devam etmi\u015fti.<\/p>\n<p><img decoding=\"async\" src=\"https:\/\/ikimisli.tr\/wp-content\/uploads\/2025\/08\/devlet-hastanesinde-skandal-doktor-giyim-tarzini-begenmedigi-genc-kizi-muayene-etmedi-2-az2Npm39.jpg\"\/><\/p>\n<p>Bu skandal\u0131n akabinde AKP Milletvekili Ahmet Sorgun&#8217;un da hekimi ziyaret etti\u011fi ortaya \u00e7\u0131km\u0131\u015ft\u0131.<\/p>\n<p><b>SORU\u015eTURMA BA\u015eLATILACAK<\/b><\/p>\n<p>S\u00d6ZC\u00dc&#8217;n\u00fcn ula\u015ft\u0131\u011f\u0131 Konya \u0130l Sa\u011fl\u0131k M\u00fcd\u00fcrl\u00fc\u011f\u00fc, ilgili hastan\u0131n di\u011fer bir doktor taraf\u0131ndan muayene edildi\u011fini ve olayla ilgili inceleme ba\u015flat\u0131ld\u0131\u011f\u0131n\u0131 bildirdi.<\/p>\n","protected":false},"excerpt":{"rendered":"<p>Konya Meram Devlet Hastanesi&#8217;nde ya\u015fand\u0131\u011f\u0131 tez edilen olayda; vazifeli doktor Hasan H\u00fcseyin Uysal, k\u0131yafetinin &#8220;a\u00e7\u0131k&#8221; oldu\u011funu \u00f6ne s\u00fcrd\u00fc\u011f\u00fc gen\u00e7 bir bayan\u0131 muayene etmeyi reddetti. T\u0131pk\u0131 vakitte \u0130HH Konya \u015eube Ba\u015fkan\u0131 oldu\u011fu \u00f6\u011frenilen Uysal&#8217;\u0131n \u00e7ocuk evliliklerini savundu\u011fu ortaya \u00e7\u0131kt\u0131.<\/p>\n","protected":false},"author":1,"featured_media":73853,"comment_status":"open","ping_status":"open","sticky":false,"template":"","format":"standard","meta":{"footnotes":""},"categories":[25],"tags":[1915,1424,2456],"class_list":["post-73852","post","type-post","status-publish","format-standard","has-post-thumbnail","hentry","category-gundem","tag-doktor","tag-genc","tag-muayene"],"_links":{"self":[{"href":"https:\/\/ikimisli.tr\/index.php\/wp-json\/wp\/v2\/posts\/73852","targetHints":{"allow":["GET"]}}],"collection":[{"href":"https:\/\/ikimisli.tr\/index.php\/wp-json\/wp\/v2\/posts"}],"about":[{"href":"https:\/\/ikimisli.tr\/index.php\/wp-json\/wp\/v2\/types\/post"}],"author":[{"embeddable":true,"href":"https:\/\/ikimisli.tr\/index.php\/wp-json\/wp\/v2\/users\/1"}],"replies":[{"embeddable":true,"href":"https:\/\/ikimisli.tr\/index.php\/wp-json\/wp\/v2\/comments?post=73852"}],"version-history":[{"count":1,"href":"https:\/\/ikimisli.tr\/index.php\/wp-json\/wp\/v2\/posts\/73852\/revisions"}],"predecessor-version":[{"id":73857,"href":"https:\/\/ikimisli.tr\/index.php\/wp-json\/wp\/v2\/posts\/73852\/revisions\/73857"}],"wp:featuredmedia":[{"embeddable":true,"href":"https:\/\/ikimisli.tr\/index.php\/wp-json\/wp\/v2\/media\/73853"}],"wp:attachment":[{"href":"https:\/\/ikimisli.tr\/index.php\/wp-json\/wp\/v2\/media?parent=73852"}],"wp:term":[{"taxonomy":"category","embeddable":true,"href":"https:\/\/ikimisli.tr\/index.php\/wp-json\/wp\/v2\/categories?post=73852"},{"taxonomy":"post_tag","embeddable":true,"href":"https:\/\/ikimisli.tr\/index.php\/wp-json\/wp\/v2\/tags?post=73852"}],"curies":[{"name":"wp","href":"https:\/\/api.w.org\/{rel}","templated":true}]}}