{"id":73902,"date":"2025-08-27T19:32:26","date_gmt":"2025-08-27T19:32:26","guid":{"rendered":"https:\/\/ikimisli.tr\/?p=73902"},"modified":"2025-08-27T19:32:26","modified_gmt":"2025-08-27T19:32:26","slug":"mucahit-birincinin-ifadesi-ortaya-cikti-murat-kapkiden-2-milyon-dolar-istedi-mi","status":"publish","type":"post","link":"https:\/\/ikimisli.tr\/index.php\/2025\/08\/27\/mucahit-birincinin-ifadesi-ortaya-cikti-murat-kapkiden-2-milyon-dolar-istedi-mi\/","title":{"rendered":"M\u00fccahit Birinci&#8217;nin ifadesi ortaya \u00e7\u0131kt\u0131: Murat Kapki&#8217;den 2 milyon dolar istedi mi?"},"content":{"rendered":"<p>Cumhuriyet Halk Partisi (CHP) Genel Lideri \u00d6zg\u00fcr \u00d6zel&#8217;in, \u0130stanbul B\u00fcy\u00fck\u015fehir Belediyesi (\u0130BB) soru\u015fturmas\u0131 kapsam\u0131nda tutuklu bulunan i\u015f insan\u0131 Murat Kapki&#8217;den, h\u00fcr b\u0131rak\u0131lma kar\u015f\u0131l\u0131\u011f\u0131 2 milyon dolar istedi\u011fini a\u00e7\u0131klad\u0131\u011f\u0131 avukat M\u00fccahit Birinci, \u0130stanbul&#8217;da \u00f6zel soru\u015fturma ofisi savc\u0131l\u0131\u011f\u0131na tabir verdi.<\/p>\n<p>Eski AKP MKYK \u00fcyesi Birinci, \u2018yurt d\u0131\u015f\u0131na \u00e7\u0131k\u0131\u015f yasa\u011f\u0131\u2019 ve \u2018imza\u2019 bi\u00e7iminde isimli denetim \u00f6nlemiyle h\u00fcr b\u0131rak\u0131ld\u0131.<\/p>\n<p>M\u00fccahit Birinci&#8217;nin \u0130stanbul Cumhuriyet Ba\u015fsavc\u0131l\u0131\u011f\u0131&#8217;nda verdi\u011fi tabiri ortaya \u00e7\u0131kt\u0131.<\/p>\n<p>\u0130fadesinde Murat Kapki&#8217;den 2 milyon dolar istedi\u011fi tezlerini reddeden Birinci; avukat\u0131n m\u00fcvekkilinden vekalet fiyat\u0131 istemesinin ola\u011fan oldu\u011funu ve o etaba gelmeden g\u00f6r\u00fc\u015fmeyi sonland\u0131rd\u0131\u011f\u0131n\u0131 savundu.<\/p>\n<p>Birinci&#8217;nin s\u00f6z\u00fc \u015f\u00f6yle:<\/p>\n<p>&#8220;<em>Ben yakla\u015f\u0131k 25 y\u0131ll\u0131k avukat\u0131m. G\u00f6r\u00fc\u015fme tarihinden yakla\u015f\u0131k bir hafta evvel Melih G\u00fcler isimli avukat arkada\u015f\u0131m Tekirda\u011f 1 Nolu Kapal\u0131 Ceza \u0130nfaz Kurumunda tutuklu olarak bulunan Murat Kapki&#8217;nin benle g\u00f6r\u00fc\u015fmek istedi\u011fini s\u00f6yledi.<\/em><\/p>\n<p><em>Ben de kendisine g\u00f6r\u00fc\u015fmek i\u00e7in bana vekaletname vermesi gerekti\u011fini, vekaletname olmadan ceza meskenine g\u00f6r\u00fc\u015fmeye gitmeyece\u011fimi s\u00f6yledim.<\/em><\/p>\n<p><em>Bunun \u00fczerine Murat Kapki 29 Temmuz 2025 tarihinde Muratl\u0131 Noterli\u011finden vekaletname \u00e7\u0131kartt\u0131.<\/em><\/p>\n<p><em>31 Temmuz 2025 tarihinde \u00f6zel arac\u0131mla Tekirda\u011f 1 Nolu Kapal\u0131 Cezaevi\u2019ne gittim. Murat Kapki ile 20-25 dakikal\u0131k bir g\u00f6r\u00fc\u015fme yapt\u0131m.<\/em><\/p>\n<p><em>Kendisi bana \u00fczerine at\u0131l\u0131 c\u00fcr\u00fcmleri anlatt\u0131, aktif pi\u015fmanl\u0131kta bulundu\u011funu lakin k\u0131ymetlendirme s\u00fcrecinde oldu\u011funu d\u00fc\u015f\u00fcnd\u00fc\u011f\u00fcn\u00fc s\u00f6yledi. Ben kendisine kan\u0131tlar\u0131n\u0131 sordum, bana yarg\u0131land\u0131\u011f\u0131 evrakla ilgili olarak soyut beyanlar verdi.<\/em><\/p>\n<p><em>S\u00fcrekli problemin etraf\u0131nda doland\u0131\u011f\u0131 ve s\u0131k\u0131nt\u0131y\u0131 somutla\u015ft\u0131ramad\u0131\u011f\u0131 i\u00e7in kendisine avukatl\u0131\u011f\u0131n\u0131 yapamayaca\u011f\u0131m\u0131 s\u00f6yledim. Ayr\u0131yeten bahisten daima saparak farkl\u0131 \u015feyler anlatmaya ba\u015flad\u0131. G\u00f6r\u00fc\u015fmeden sonra oradan ayr\u0131l\u0131rken bana avukatl\u0131\u011f\u0131m\u0131 yap\u0131p yapmayaca\u011f\u0131m\u0131 sordu. Ben de kendisine bu ko\u015fullarda olamayaca\u011f\u0131n\u0131 s\u00f6yledim.<\/em><\/p>\n<p><em>Kendisine birlikte \u00e7al\u0131\u015fmam\u0131z durumunda Yarg\u0131tay s\u00fcreci dahil belgeyi sonuna kadar takip edip savunmas\u0131n\u0131n da \u00fcstlenece\u011fimi beyan ettim. Bu halde oradan ayr\u0131ld\u0131m.<\/em><\/p>\n<p><em>05 A\u011fustos 2025 tarihinde Murat Kapki beni azletti. Bu durumu esasen ceza konutu g\u00f6r\u00fc\u015f\u00fcnden ayr\u0131l\u0131rken Murat Kapki&#8217;ye &#8216;Sen gere\u011fini yapars\u0131n&#8217; halinde iletmi\u015ftim. Bu duruma da asl\u0131nda zimnen mutaab\u0131k kalm\u0131\u015ft\u0131m. Murat Kapki&#8217;nin tez etti\u011fi \u00fczere bir bu\u00e7uk sayfal\u0131k bir metin imzalamas\u0131n\u0131 isteyip, kendisinden 2 milyon USD para mutlaka talep etmedim. Kendisini tahliye ettirebilece\u011fimi bi\u00e7iminde de bir kelam de vermedim.<\/em><\/p>\n<p><em>G\u00f6r\u00fc\u015fme tarihinden sonra verdi\u011fim bir r\u00f6portaj da bana sorulan &#8216;Murat Kapki&#8217;nin avukat\u0131 m\u0131s\u0131n\u0131z?&#8217; formundaki soruya &#8216;Murat Kapki bana vekaletname verdi, bulundu\u011fu Tekirda\u011f&#8217;daki ceza meskeni ziyaretine gittim&#8217; dedim.<\/em><\/p>\n<p><em>Ancak s\u0131r saklama y\u00fck\u00fcml\u00fcl\u00fc\u011f\u00fcm bulundu\u011fu i\u00e7in daha fazlas\u0131n\u0131 anlatmad\u0131m. Ben s\u00f6z\u00fcm\u00fcn ba\u015f\u0131nda da belirtti\u011fim \u00fczere 25 y\u0131ld\u0131r avukatl\u0131k yapmaktay\u0131m. Mesle\u011fimi en \u00e2l\u00e2 bi\u00e7imde yapmaya \u00e7al\u0131\u015f\u0131yorum. Kelam konusu g\u00f6r\u00fc\u015fmede de mesle\u011fi prensiplere ba\u011fl\u0131 kalarak ve hududu a\u015fmayarak vazifemi yerine getirmeye \u00e7al\u0131\u015ft\u0131m.<\/em><\/p>\n<p><em>\u015eikayet\u00e7inin s\u00f6z\u00fcnde belirtti\u011fi \u00fczere kendisinden 2 milyon dolar para istemedim, avukat\u0131n m\u00fcvekkilinden vekalet fiyat\u0131 istemesi son derece ola\u011fand\u0131r. Lakin biz \u015fimdi o etaba gelmeden g\u00f6r\u00fc\u015fmeyi sonland\u0131rd\u0131k. Bunun yan\u0131nda \u015fikayet\u00e7inin tabirinde; kelam konusu paray\u0131 rastgele bir hakim yahut savc\u0131ya verece\u011fime dair bir vaatte bulunmad\u0131\u011f\u0131m\u0131 a\u00e7\u0131k\u00e7a belirtmi\u015ftir.<\/em><\/p>\n<p><em>Bu \u015fikayetin, s\u0131radan bir avukatl\u0131k faaliyeti iken, siyasi bir komplo \u00e7al\u0131\u015fmas\u0131 haline getirildi\u011fini d\u00fc\u015f\u00fcn\u00fcyorum. Bir hususu daha eklemek istiyorum. G\u00f6r\u00fc\u015fme s\u0131ras\u0131nda yan\u0131mda getirdi\u011fim Murat Kapki hakk\u0131nda Emrah Ba\u011fdatl\u0131 isimli \u015fahs\u0131n att\u0131\u011f\u0131 X&#8217;lerin \u00e7\u0131kt\u0131lar\u0131n\u0131 ve bas\u0131na yans\u0131yan tabir haberlerini yan\u0131mda getirmi\u015ftim. Bu ka\u011f\u0131tlar\u0131 Murat Kapki&#8217;ye verdim, Murat Kapki de bu yaz\u0131lar\u0131 okudu. \u00dczerime at\u0131l\u0131 su\u00e7lamalar\u0131 katiyetle kabul etmiyorum.<\/em>&#8220;<\/p>\n","protected":false},"excerpt":{"rendered":"<p>CHP lideri \u00d6zel&#8217;im &#8216;\u0130BB Borsas\u0131&#8217; tezinin akabinde kesin ihra\u00e7la disipline sevk edilen ve bug\u00fcnk\u00fc s\u00f6z\u00fcn\u00fcn akabinde isimli denetimle \u00f6zg\u00fcr b\u0131rak\u0131lan M\u00fccahit Birinci&#8217;nin s\u00f6z\u00fc ortaya \u00e7\u0131kt\u0131. Birinci, tabirinde Murat Kapki&#8217;den 2 milyon dolar istedi\u011fi savlar\u0131na da kar\u015f\u0131l\u0131k verdi.<\/p>\n","protected":false},"author":1,"featured_media":73903,"comment_status":"open","ping_status":"open","sticky":false,"template":"","format":"standard","meta":{"footnotes":""},"categories":[25],"tags":[793,628,697,1807,8745],"class_list":["post-73902","post","type-post","status-publish","format-standard","has-post-thumbnail","hentry","category-gundem","tag-avukat","tag-bana","tag-gorusme","tag-ifade","tag-murat-kapki"],"_links":{"self":[{"href":"https:\/\/ikimisli.tr\/index.php\/wp-json\/wp\/v2\/posts\/73902","targetHints":{"allow":["GET"]}}],"collection":[{"href":"https:\/\/ikimisli.tr\/index.php\/wp-json\/wp\/v2\/posts"}],"about":[{"href":"https:\/\/ikimisli.tr\/index.php\/wp-json\/wp\/v2\/types\/post"}],"author":[{"embeddable":true,"href":"https:\/\/ikimisli.tr\/index.php\/wp-json\/wp\/v2\/users\/1"}],"replies":[{"embeddable":true,"href":"https:\/\/ikimisli.tr\/index.php\/wp-json\/wp\/v2\/comments?post=73902"}],"version-history":[{"count":1,"href":"https:\/\/ikimisli.tr\/index.php\/wp-json\/wp\/v2\/posts\/73902\/revisions"}],"predecessor-version":[{"id":73904,"href":"https:\/\/ikimisli.tr\/index.php\/wp-json\/wp\/v2\/posts\/73902\/revisions\/73904"}],"wp:featuredmedia":[{"embeddable":true,"href":"https:\/\/ikimisli.tr\/index.php\/wp-json\/wp\/v2\/media\/73903"}],"wp:attachment":[{"href":"https:\/\/ikimisli.tr\/index.php\/wp-json\/wp\/v2\/media?parent=73902"}],"wp:term":[{"taxonomy":"category","embeddable":true,"href":"https:\/\/ikimisli.tr\/index.php\/wp-json\/wp\/v2\/categories?post=73902"},{"taxonomy":"post_tag","embeddable":true,"href":"https:\/\/ikimisli.tr\/index.php\/wp-json\/wp\/v2\/tags?post=73902"}],"curies":[{"name":"wp","href":"https:\/\/api.w.org\/{rel}","templated":true}]}}