{"id":73970,"date":"2025-08-27T23:08:29","date_gmt":"2025-08-27T23:08:29","guid":{"rendered":"https:\/\/ikimisli.tr\/?p=73970"},"modified":"2025-08-27T23:08:29","modified_gmt":"2025-08-27T23:08:29","slug":"kilicdaroglunun-kurultay-cikisi-chpde-taslari-yerinden-oynatir","status":"publish","type":"post","link":"https:\/\/ikimisli.tr\/index.php\/2025\/08\/27\/kilicdaroglunun-kurultay-cikisi-chpde-taslari-yerinden-oynatir\/","title":{"rendered":"K\u0131l\u0131\u00e7daro\u011flu\u2019nun &#8216;Kurultay \u00e7\u0131k\u0131\u015f\u0131&#8217; CHP\u2019de ta\u015flar\u0131 yerinden oynat\u0131r"},"content":{"rendered":"<p>Eski CHP Genel Ba\u015fkan\u0131 Kemal K\u0131l\u0131\u00e7daro\u011flu\u2019na yak\u0131n kaynaklardan tv100\u2019e ve &#8216;Hande Aydemir ile Art\u0131k Konu\u015fal\u0131m&#8217; program\u0131na \u00f6zel a\u00e7\u0131klama geldi.<\/p>\n<p>K\u0131l\u0131\u00e7daro\u011flu\u2019na yak\u0131n kaynaklar\u0131n, K\u0131l\u0131\u00e7daro\u011flu\u2019nun \u00c7er\u00e7io\u011flu\u2019nun istifas\u0131yla ba\u015flayan s\u00fcre\u00e7 ve sonras\u0131nda gelen istifa manzaralar\u0131n\u0131 uygun de\u011ferlendirmedi\u011fini s\u00f6yledi\u011fi \u00f6ne s\u00fcr\u00fcld\u00fc.<\/p>\n<p>tv100\u2019deki programda K\u0131l\u0131\u00e7daro\u011flu ile ilgili \u015fu s\u00f6zlere yer verildi:<\/p>\n<p>-\u00c7er\u00e7io\u011flu\u2019nun istifas\u0131 ile ba\u015flayan CHP\u2019li belediye liderlerinin istifa etti\u011fi imaj uygun bir imaj de\u011fil, manzaray\u0131 kim \u00e7\u0131kar\u0131yor ona bakmak laz\u0131m.<\/p>\n<p>-Yerel idarelerden sorumlu \u015fah\u0131slar\u0131n belediye liderleriyle s\u0131k\u0131 ba\u011f kurmas\u0131 gerekiyor.<\/p>\n<p>-G\u00f6le Belediye Ba\u015fkan\u0131 il\u00e7esine hizmet g\u00f6t\u00fcrmek istiyordu, partisinden takviye istemesi kadar do\u011fal bir \u015fey yok. Birtak\u0131m b\u00fcy\u00fck\u015fehir belediyelerinde sorun oldu\u011fu duyumlar\u0131 al\u0131n\u0131yor.<\/p>\n<p><b>KURULTAY DAVASI YORUMU<\/b><\/p>\n<p>Kaynaklar\u0131n transferine nazaran K\u0131l\u0131\u00e7daro\u011flu kurultay davas\u0131n\u0131 bas\u0131ndan takip ediyor, belge ile \u00f6zel olarak ilgilenmiyor.<\/p>\n<p>Kaynaklara nazaran K\u0131l\u0131\u00e7daro\u011flu kurultay davas\u0131 iptal edilirse \u201cParti y\u00f6netilmek zorunda, ka\u00e7mak olmaz\u201d g\u00f6r\u00fc\u015f\u00fcnde.<\/p>\n<p>Ayr\u0131ca Genel Merkez\u2019den K\u0131l\u0131\u00e7daro\u011flu\u2019na gelen bir g\u00f6r\u00fc\u015fme talebi yok. K\u0131l\u0131\u00e7daro\u011flu talep gelirse &#8220;\u00d6zel ile g\u00f6r\u00fc\u015f\u00fcr\u00fcm&#8221; diyor.<\/p>\n<p>Kaynaklar\u0131n anlat\u0131m\u0131na nazaran K\u0131l\u0131\u00e7daro\u011flu\u2019nu en \u00e7ok \u00fczen \u015fey partinin adliye koridorlar\u0131na d\u00fc\u015fm\u00fc\u015f olmas\u0131.<\/p>\n","protected":false},"excerpt":{"rendered":"<p>Eski CHP Genel Ba\u015fkan\u0131 Kemal K\u0131l\u0131\u00e7daro\u011flu\u2019nun, CHP\u2019nin kurultay davas\u0131nda muhtemel bir iptal durumunda \u201cParti kesinlikle y\u00f6netilmek zorunda, bu s\u00fcre\u00e7ten ka\u00e7mak olmaz\u201d g\u00f6r\u00fc\u015f\u00fcn\u00fc lisana getirdi\u011fi \u00f6ne s\u00fcr\u00fcld\u00fc.<\/p>\n","protected":false},"author":1,"featured_media":73971,"comment_status":"open","ping_status":"open","sticky":false,"template":"","format":"standard","meta":{"footnotes":""},"categories":[25],"tags":[5191],"class_list":["post-73970","post","type-post","status-publish","format-standard","has-post-thumbnail","hentry","category-gundem","tag-kilicdaroglu"],"_links":{"self":[{"href":"https:\/\/ikimisli.tr\/index.php\/wp-json\/wp\/v2\/posts\/73970","targetHints":{"allow":["GET"]}}],"collection":[{"href":"https:\/\/ikimisli.tr\/index.php\/wp-json\/wp\/v2\/posts"}],"about":[{"href":"https:\/\/ikimisli.tr\/index.php\/wp-json\/wp\/v2\/types\/post"}],"author":[{"embeddable":true,"href":"https:\/\/ikimisli.tr\/index.php\/wp-json\/wp\/v2\/users\/1"}],"replies":[{"embeddable":true,"href":"https:\/\/ikimisli.tr\/index.php\/wp-json\/wp\/v2\/comments?post=73970"}],"version-history":[{"count":1,"href":"https:\/\/ikimisli.tr\/index.php\/wp-json\/wp\/v2\/posts\/73970\/revisions"}],"predecessor-version":[{"id":73972,"href":"https:\/\/ikimisli.tr\/index.php\/wp-json\/wp\/v2\/posts\/73970\/revisions\/73972"}],"wp:featuredmedia":[{"embeddable":true,"href":"https:\/\/ikimisli.tr\/index.php\/wp-json\/wp\/v2\/media\/73971"}],"wp:attachment":[{"href":"https:\/\/ikimisli.tr\/index.php\/wp-json\/wp\/v2\/media?parent=73970"}],"wp:term":[{"taxonomy":"category","embeddable":true,"href":"https:\/\/ikimisli.tr\/index.php\/wp-json\/wp\/v2\/categories?post=73970"},{"taxonomy":"post_tag","embeddable":true,"href":"https:\/\/ikimisli.tr\/index.php\/wp-json\/wp\/v2\/tags?post=73970"}],"curies":[{"name":"wp","href":"https:\/\/api.w.org\/{rel}","templated":true}]}}