{"id":73981,"date":"2025-08-27T23:32:25","date_gmt":"2025-08-27T23:32:25","guid":{"rendered":"https:\/\/ikimisli.tr\/?p=73981"},"modified":"2025-08-27T23:32:25","modified_gmt":"2025-08-27T23:32:25","slug":"koc-holding-beko-ile-ajaxa-sponsor-oldu","status":"publish","type":"post","link":"https:\/\/ikimisli.tr\/index.php\/2025\/08\/27\/koc-holding-beko-ile-ajaxa-sponsor-oldu\/","title":{"rendered":"Ko\u00e7 Holding, Beko ile Ajax&#8217;a sponsor oldu"},"content":{"rendered":"<p>Avrupa&#8217;n\u0131n en b\u00fcy\u00fck beyaz e\u015fya \u00fcreticilerinden Beko, Hollanda&#8217;n\u0131n en b\u00fcy\u00fck spor kul\u00fcb\u00fc Ajax&#8217;a sponsor oldu. <\/p>\n<p>Y\u00f6netim Kurulu Ba\u015fkanvekilli\u011fi koltu\u011funda Fenerbah\u00e7e Spor Kul\u00fcb\u00fc Lideri Ali Ko\u00e7&#8217;un oturdu\u011fu Beko ile Ajax ortas\u0131ndaki imza merasimi, Ajax&#8217;\u0131n stadyumu Johan Cruyff Arena&#8217;da d\u00fczenlendi. <\/p>\n<p><strong>AJAX&#8217;A T\u00dcRK &#8216;G\u00dcVEN ORTA\u011eI&#8217;<\/strong><\/p>\n<p>Beyaz e\u015fya ve elektronik devi ile Hollanda futbol kul\u00fcb\u00fcn\u00fcn muahedesini Beko&#8217;nun CEO&#8217;su Hakan Bulgurlu toplumsal medya hesab\u0131ndan duyurdu. \u0130ki dev ortas\u0131ndaki imza merasimi, futbol kul\u00fcb\u00fcn\u00fcn unutulmaz y\u0131ld\u0131z\u0131 Johan Cruyff&#8217;un ismini ta\u015f\u0131yan Johan Cruyff Arena&#8217;da d\u00fczenlendi. <\/p>\n<p><img decoding=\"async\" src=\"https:\/\/ikimisli.tr\/wp-content\/uploads\/2025\/08\/koc-holding-beko-ile-ajaxa-sponsor-oldu-0-suYDTQe2.webp\"\/><\/p>\n<p><strong>Bulgurlu, yapt\u0131\u011f\u0131 payla\u015f\u0131mda \u015fu s\u00f6zleri kulland\u0131:<\/strong><\/p>\n<p>&#8220;Bug\u00fcn Johan Cruyff Arena&#8217;da Ajax ile ortakl\u0131\u011f\u0131m\u0131z\u0131 imzalad\u0131k.<\/p>\n<p>Ajax bir futbol kul\u00fcb\u00fcnden daha fazlas\u0131. Johan Cruyff&#8217;tan bug\u00fcnk\u00fc gen\u00e7lik akademisine uzanan bir miras &#8211; yetenek, karakter ve topluluk \u00fczerine heyeti.<\/p>\n<p>Ajax\u2019\u0131n \u201cResmi \u0130timat Orta\u011f\u0131\u201d olarak, gelecek ku\u015faklara daha ak\u0131ll\u0131 ve s\u00fcrd\u00fcr\u00fclebilir bir halde ya\u015famalar\u0131 i\u00e7in ilham verecek ve hem alanda hem de konutta yank\u0131 uyand\u0131racak k\u0131ssalar yarataca\u011f\u0131z.&#8221;<\/p>\n","protected":false},"excerpt":{"rendered":"<p>Ko\u00e7 Holding&#8217;in en b\u00fcy\u00fck i\u015ftiraklerinden beyaz e\u015fya \u00fcreticisi Beko, Hollanda&#8217;n\u0131n k\u00f6kl\u00fc kul\u00fcb\u00fc Ajax&#8217;a sponsor oldu. Y\u00f6netim Kurulu Ba\u015fkanvekilli\u011fi koltu\u011funda Fenerbah\u00e7e Spor Kul\u00fcb\u00fc Lideri Ali Ko\u00e7&#8217;un oturdu\u011fu Beko, Johan Cruyff Arena&#8217;da imzalanan kontrat ile Ajax&#8217;\u0131n &#8216;Resmi itimat orta\u011f\u0131&#8217; oldu.<\/p>\n","protected":false},"author":1,"featured_media":73982,"comment_status":"open","ping_status":"open","sticky":false,"template":"","format":"standard","meta":{"footnotes":""},"categories":[25],"tags":[4188,8753],"class_list":["post-73981","post","type-post","status-publish","format-standard","has-post-thumbnail","hentry","category-gundem","tag-ajax","tag-johan-cruyff"],"_links":{"self":[{"href":"https:\/\/ikimisli.tr\/index.php\/wp-json\/wp\/v2\/posts\/73981","targetHints":{"allow":["GET"]}}],"collection":[{"href":"https:\/\/ikimisli.tr\/index.php\/wp-json\/wp\/v2\/posts"}],"about":[{"href":"https:\/\/ikimisli.tr\/index.php\/wp-json\/wp\/v2\/types\/post"}],"author":[{"embeddable":true,"href":"https:\/\/ikimisli.tr\/index.php\/wp-json\/wp\/v2\/users\/1"}],"replies":[{"embeddable":true,"href":"https:\/\/ikimisli.tr\/index.php\/wp-json\/wp\/v2\/comments?post=73981"}],"version-history":[{"count":1,"href":"https:\/\/ikimisli.tr\/index.php\/wp-json\/wp\/v2\/posts\/73981\/revisions"}],"predecessor-version":[{"id":73984,"href":"https:\/\/ikimisli.tr\/index.php\/wp-json\/wp\/v2\/posts\/73981\/revisions\/73984"}],"wp:featuredmedia":[{"embeddable":true,"href":"https:\/\/ikimisli.tr\/index.php\/wp-json\/wp\/v2\/media\/73982"}],"wp:attachment":[{"href":"https:\/\/ikimisli.tr\/index.php\/wp-json\/wp\/v2\/media?parent=73981"}],"wp:term":[{"taxonomy":"category","embeddable":true,"href":"https:\/\/ikimisli.tr\/index.php\/wp-json\/wp\/v2\/categories?post=73981"},{"taxonomy":"post_tag","embeddable":true,"href":"https:\/\/ikimisli.tr\/index.php\/wp-json\/wp\/v2\/tags?post=73981"}],"curies":[{"name":"wp","href":"https:\/\/api.w.org\/{rel}","templated":true}]}}