{"id":74036,"date":"2025-08-28T02:44:25","date_gmt":"2025-08-28T02:44:25","guid":{"rendered":"https:\/\/ikimisli.tr\/?p=74036"},"modified":"2025-08-28T02:44:25","modified_gmt":"2025-08-28T02:44:25","slug":"istanbul-bogazinda-kaybolan-rus-yuzucunun-son-goruntusu-ortaya-cikti","status":"publish","type":"post","link":"https:\/\/ikimisli.tr\/index.php\/2025\/08\/28\/istanbul-bogazinda-kaybolan-rus-yuzucunun-son-goruntusu-ortaya-cikti\/","title":{"rendered":"\u0130stanbul Bo\u011faz\u0131&#8217;nda kaybolan Rus y\u00fcz\u00fcc\u00fcn\u00fcn son g\u00f6r\u00fcnt\u00fcs\u00fc ortaya \u00e7\u0131kt\u0131"},"content":{"rendered":"<p>\u0130stanbul Bo\u011faz\u0131&#8217;nda d\u00fczenlenen 37. Bo\u011fazi\u00e7i K\u0131talararas\u0131 Y\u00fczme Yar\u0131\u015f\u0131&#8217;nda Rus y\u00fcz\u00fcc\u00fc Nikolai Svechnikov (29), biti\u015f noktas\u0131na ula\u015famay\u0131nca kay\u0131p oldu\u011fu anla\u015f\u0131ld\u0131.<\/p>\n<p>3 binden fazla ki\u015finin kat\u0131ld\u0131\u011f\u0131 yar\u0131\u015fta tek kay\u0131p oldu\u011fu belirtilen Svechnikov&#8217;u arama \u00e7al\u0131\u015fmalar\u0131 aral\u0131ks\u0131z devam ediyor.<\/p>\n<p><b>SON \u0130MAJLARI ORTAYA \u00c7IKTI<\/b><\/p>\n<p>\u0130stanbul Valili\u011fi&#8217;nden yap\u0131lan yaz\u0131l\u0131 a\u00e7\u0131klamaya nazaran, T\u00fcrkiye Ulusal Olimpiyat Komitesi&#8217;nin (TMOK) bu y\u0131l 37&#8217;ncisini d\u00fczenledi\u011fi Bo\u011fazi\u00e7i K\u0131talararas\u0131 Y\u00fczme Yar\u0131\u015f\u0131, \u0130stanbul&#8217;da ger\u00e7ekle\u015ftirildi. Yar\u0131\u015fa, 81 \u00fclkeden 2 bin 800&#8217;den fazla sportmen kat\u0131ld\u0131. Kanl\u0131ca-Kuru\u00e7e\u015fme ortas\u0131ndaki 6.5 kilometrelik parkurda yap\u0131lan yar\u0131\u015f sonunda yap\u0131lan denetimlerde, Rusya Federasyonu&#8217;ndan yar\u0131\u015fa kat\u0131lan 30 ya\u015f\u0131ndaki profesyonel y\u00fczme antren\u00f6r\u00fc Nikolai Andreevich Svechnikov&#8217;un biti\u015f noktas\u0131na gelmedi\u011fi anla\u015f\u0131ld\u0131.<\/p>\n<p>\u00d6te yandan, Svechnikov&#8217;un, y\u00fcz\u00fcc\u00fclerin oldu\u011fu vapurdaki imajlar\u0131 ortaya \u00e7\u0131kt\u0131.<\/p>\n<p><strong>\u0130\u015fte o anlar:<\/strong><\/p>\n<p><img decoding=\"async\" src=\"https:\/\/ikimisli.tr\/wp-content\/uploads\/2025\/08\/istanbul-bogazinda-kaybolan-rus-yuzucunun-son-goruntusu-ortaya-cikti-0-kmdD3Ivf.jpg\"\/><\/p>\n<p><img decoding=\"async\" src=\"https:\/\/ikimisli.tr\/wp-content\/uploads\/2025\/08\/istanbul-bogazinda-kaybolan-rus-yuzucunun-son-goruntusu-ortaya-cikti-1-rPj7vwzH.jpg\"\/><\/p>\n","protected":false},"excerpt":{"rendered":"<p>37. Bo\u011fazi\u00e7i K\u0131talararas\u0131 Y\u00fczme Yar\u0131\u015f\u0131&#8217;nda kaybolan Rus y\u00fcz\u00fcc\u00fcn\u00fcn vapurdaki ve suya birinci girdi\u011fi s\u0131radaki anlar\u0131 ortay \u00e7\u0131kt\u0131.<\/p>\n","protected":false},"author":1,"featured_media":74037,"comment_status":"open","ping_status":"open","sticky":false,"template":"","format":"standard","meta":{"footnotes":""},"categories":[25],"tags":[3360],"class_list":["post-74036","post","type-post","status-publish","format-standard","has-post-thumbnail","hentry","category-gundem","tag-yaris"],"_links":{"self":[{"href":"https:\/\/ikimisli.tr\/index.php\/wp-json\/wp\/v2\/posts\/74036","targetHints":{"allow":["GET"]}}],"collection":[{"href":"https:\/\/ikimisli.tr\/index.php\/wp-json\/wp\/v2\/posts"}],"about":[{"href":"https:\/\/ikimisli.tr\/index.php\/wp-json\/wp\/v2\/types\/post"}],"author":[{"embeddable":true,"href":"https:\/\/ikimisli.tr\/index.php\/wp-json\/wp\/v2\/users\/1"}],"replies":[{"embeddable":true,"href":"https:\/\/ikimisli.tr\/index.php\/wp-json\/wp\/v2\/comments?post=74036"}],"version-history":[{"count":1,"href":"https:\/\/ikimisli.tr\/index.php\/wp-json\/wp\/v2\/posts\/74036\/revisions"}],"predecessor-version":[{"id":74040,"href":"https:\/\/ikimisli.tr\/index.php\/wp-json\/wp\/v2\/posts\/74036\/revisions\/74040"}],"wp:featuredmedia":[{"embeddable":true,"href":"https:\/\/ikimisli.tr\/index.php\/wp-json\/wp\/v2\/media\/74037"}],"wp:attachment":[{"href":"https:\/\/ikimisli.tr\/index.php\/wp-json\/wp\/v2\/media?parent=74036"}],"wp:term":[{"taxonomy":"category","embeddable":true,"href":"https:\/\/ikimisli.tr\/index.php\/wp-json\/wp\/v2\/categories?post=74036"},{"taxonomy":"post_tag","embeddable":true,"href":"https:\/\/ikimisli.tr\/index.php\/wp-json\/wp\/v2\/tags?post=74036"}],"curies":[{"name":"wp","href":"https:\/\/api.w.org\/{rel}","templated":true}]}}