{"id":74147,"date":"2025-08-28T08:44:25","date_gmt":"2025-08-28T08:44:25","guid":{"rendered":"https:\/\/ikimisli.tr\/?p=74147"},"modified":"2025-08-28T08:44:25","modified_gmt":"2025-08-28T08:44:25","slug":"av-yasagi-bitiyor-hamsi-yuz-guldurecek-palamut-hayal-kirikligi","status":"publish","type":"post","link":"https:\/\/ikimisli.tr\/index.php\/2025\/08\/28\/av-yasagi-bitiyor-hamsi-yuz-guldurecek-palamut-hayal-kirikligi\/","title":{"rendered":"Av yasa\u011f\u0131 bitiyor: Hamsi y\u00fcz g\u00fcld\u00fcrecek, palamut hayal k\u0131r\u0131kl\u0131\u011f\u0131"},"content":{"rendered":"<p>\u0130zmir&#8217;de av d\u00f6neminin 15 Nisan&#8217;da tamamlanmas\u0131yla G\u00fczelbah\u00e7e Bal\u0131k\u00e7\u0131 Liman\u0131&#8217;nda demirleyen teknelerde son g\u00fcnlerde yeni d\u00f6nem hareketlili\u011fi ya\u015fan\u0131yor.<\/p>\n<p>Yakla\u015f\u0131k 4 ayl\u0131k devirde bak\u0131m, tamirat ve boya s\u00fcre\u00e7leri tamamlanan teknelerde a\u011flar\u0131n tamiri s\u00fcr\u00fcyor. G\u00fcnde y\u00fczlerce metre a\u011f onaran bal\u0131k\u00e7\u0131lar, i\u015flerini 1 Eyl\u00fcl \u00f6ncesi bitirmeye \u00e7al\u0131\u015f\u0131yor.<\/p>\n<p>Deniz Eserleri Avc\u0131lar\u0131 \u00dcreticileri Merkez Birli\u011fi \u0130dare \u015euras\u0131 Lider Yard\u0131mc\u0131s\u0131 Mehmet Aksoy, d\u00f6neme az bir m\u00fchlet kald\u0131\u011f\u0131n\u0131 ve heyecan ya\u015fad\u0131klar\u0131n\u0131 s\u00f6yledi.<\/p>\n<p>Pazar g\u00fcn\u00fc &#8220;vira bismillah&#8221; diyerek denizlere a\u00e7\u0131lacaklar\u0131n\u0131 s\u00f6z eden Aksoy, &#8220;Rastgele bir i\u015f yap\u0131yoruz ve i\u015flerimiz rastgele. Her denize \u00e7\u0131karken &#8216;Allah rast getirsin&#8217; diyoruz. \u0130n\u015fallah bu sene de Allah rast getirecek. Ege&#8217;nin ge\u00e7erli olan bal\u0131\u011f\u0131 sardalya. \u015eu ana kadar Ege&#8217;de sardalya g\u00f6z\u00fckm\u00fcyor. Hamsi biraz g\u00f6z\u00fck\u00fcyor fakat Ege&#8217;nin ge\u00e7erli bal\u0131\u011f\u0131 sardalya olmasa bal\u0131k\u00e7\u0131lar\u0131m\u0131z Ege&#8217;de para kazanamaz.&#8221; dedi.<\/p>\n<p><strong>Aksoy, bal\u0131k\u00e7\u0131lar\u0131n son haz\u0131rl\u0131klar\u0131n\u0131 yapt\u0131klar\u0131n\u0131 s\u00f6z ederek, \u015f\u00f6yle konu\u015ftu:<\/strong><\/p>\n<p><strong>&#8220;Ge\u00e7en sene palamut \u00e7ok oldu\u011fundan hamsi az oldu. Bu sene palamut \u00e7ok g\u00f6z\u00fckm\u00fcyor fakat hamsi bol g\u00f6z\u00fck\u00fcyor. Hamsi bol olursa bizim i\u00e7in daha uygun olur. Halk\u0131n yarar g\u00f6rece\u011fi, ucuz yiyece\u011fi bal\u0131k hamsi. Hamsi biraz b\u00fcy\u00fck de g\u00f6z\u00fck\u00fcyor&#8221;<\/strong> dedi.\u00a0<\/p>\n<p>Yakla\u015f\u0131k 40 y\u0131ld\u0131r bal\u0131k\u00e7\u0131l\u0131k yapan Bahattin Y\u00fczer ise av yasa\u011f\u0131n\u0131n bitmesine say\u0131l\u0131 g\u00fcnler kalmas\u0131ndan \u00f6t\u00fcr\u00fc heyecan ya\u015fad\u0131klar\u0131n\u0131 belirterek, <strong>&#8220;Bu sene palamut biraz zay\u0131f lakin hamsi d\u00fczg\u00fcn g\u00f6z\u00fck\u00fcyor. Biz de mecbur kal\u0131rsak Karadeniz&#8217;e hamsiye gidece\u011fiz. Ege kurallar\u0131 yeterli olursa ve ekme\u011fimizi \u00e7\u0131kar\u0131rsak gitme gere\u011fi duymay\u0131z&#8221; <\/strong>\u015feklinde konu\u015ftu.<\/p>\n<p>Bal\u0131k\u00e7\u0131lardan Burhan Da\u011f da Ege Denizi&#8217;ndeki bal\u0131k av\u0131n\u0131n hava ve suya nazaran de\u011fi\u015fti\u011fini lisana getirdi.<\/p>\n<p>Haz\u0131rl\u0131klar\u0131n\u0131 tamamlad\u0131klar\u0131n\u0131 tabir eden Da\u011f, &#8220;Sardalyan\u0131n pe\u015fine gidece\u011fiz \u00fczere g\u00f6r\u00fcn\u00fcyor lakin hamsiye tart\u0131 verece\u011fiz. Zira bu sene sardalya yok \u00fczere, hamsi tutaca\u011f\u0131z. Umutlar y\u00fcksek lakin nasip&#8221; diye konu\u015ftu.<\/p>\n","protected":false},"excerpt":{"rendered":"<p>T\u00fcrkiye&#8217;nin su eserleri avc\u0131l\u0131\u011f\u0131nda \u00f6nde gelen b\u00f6lgelerden Ege&#8217;de bal\u0131k\u00e7\u0131lar, 1 Eyl\u00fcl&#8217;de ba\u015flayacak av d\u00f6nemi \u00f6ncesi son haz\u0131rl\u0131klar\u0131n\u0131 yap\u0131yor.<\/p>\n","protected":false},"author":1,"featured_media":74148,"comment_status":"open","ping_status":"open","sticky":false,"template":"","format":"standard","meta":{"footnotes":""},"categories":[25],"tags":[4424,4607,1320,8763,6164],"class_list":["post-74147","post","type-post","status-publish","format-standard","has-post-thumbnail","hentry","category-gundem","tag-balikci","tag-ege","tag-hamsi","tag-sardalya","tag-sene"],"_links":{"self":[{"href":"https:\/\/ikimisli.tr\/index.php\/wp-json\/wp\/v2\/posts\/74147","targetHints":{"allow":["GET"]}}],"collection":[{"href":"https:\/\/ikimisli.tr\/index.php\/wp-json\/wp\/v2\/posts"}],"about":[{"href":"https:\/\/ikimisli.tr\/index.php\/wp-json\/wp\/v2\/types\/post"}],"author":[{"embeddable":true,"href":"https:\/\/ikimisli.tr\/index.php\/wp-json\/wp\/v2\/users\/1"}],"replies":[{"embeddable":true,"href":"https:\/\/ikimisli.tr\/index.php\/wp-json\/wp\/v2\/comments?post=74147"}],"version-history":[{"count":1,"href":"https:\/\/ikimisli.tr\/index.php\/wp-json\/wp\/v2\/posts\/74147\/revisions"}],"predecessor-version":[{"id":74149,"href":"https:\/\/ikimisli.tr\/index.php\/wp-json\/wp\/v2\/posts\/74147\/revisions\/74149"}],"wp:featuredmedia":[{"embeddable":true,"href":"https:\/\/ikimisli.tr\/index.php\/wp-json\/wp\/v2\/media\/74148"}],"wp:attachment":[{"href":"https:\/\/ikimisli.tr\/index.php\/wp-json\/wp\/v2\/media?parent=74147"}],"wp:term":[{"taxonomy":"category","embeddable":true,"href":"https:\/\/ikimisli.tr\/index.php\/wp-json\/wp\/v2\/categories?post=74147"},{"taxonomy":"post_tag","embeddable":true,"href":"https:\/\/ikimisli.tr\/index.php\/wp-json\/wp\/v2\/tags?post=74147"}],"curies":[{"name":"wp","href":"https:\/\/api.w.org\/{rel}","templated":true}]}}