{"id":74185,"date":"2025-08-28T10:56:26","date_gmt":"2025-08-28T10:56:26","guid":{"rendered":"https:\/\/ikimisli.tr\/?p=74185"},"modified":"2025-08-28T10:56:26","modified_gmt":"2025-08-28T10:56:26","slug":"bogazda-kaybolan-yuzucu-yanlis-yone-yuzmus","status":"publish","type":"post","link":"https:\/\/ikimisli.tr\/index.php\/2025\/08\/28\/bogazda-kaybolan-yuzucu-yanlis-yone-yuzmus\/","title":{"rendered":"Bo\u011faz&#8217;da kaybolan y\u00fcz\u00fcc\u00fc yanl\u0131\u015f y\u00f6ne y\u00fczm\u00fc\u015f"},"content":{"rendered":"<p>Rus y\u00fcz\u00fcc\u00fc Nikolai Andreevich Svechnikov&#8217;un 24 A\u011fustos&#8217;ta \u0130stanbul Bo\u011faz\u0131&#8217;nda kat\u0131ld\u0131\u011f\u0131 Bo\u011fazi\u00e7i K\u0131talararas\u0131 Y\u00fczme Yar\u0131\u015f\u0131&#8217;nda kaybolmas\u0131n\u0131n akabinde arama \u00e7al\u0131\u015fmalar\u0131 4. g\u00fcnde devam ediyor.<\/p>\n<p>Yar\u0131\u015fa kat\u0131lanlardan in\u015faat m\u00fchendisi amat\u00f6r y\u00fcz\u00fcc\u00fc Hayati \u015eamilo\u011flu, Svechnikov&#8217;un kaybolmas\u0131na ait haberlerin medyada yer bulmas\u0131n\u0131n akabinde d\u00fcn 112 Acil Davet Merkezi&#8217;ni arayarak, bu ki\u015fiyi yar\u0131\u015f esnas\u0131nda g\u00f6rd\u00fc\u011f\u00fcn\u00fc ve yanl\u0131\u015f istikamete yanl\u0131\u015fs\u0131z gitti\u011fi i\u00e7in uyard\u0131\u011f\u0131n\u0131 bildirdi.<\/p>\n<p>Bu ihbar \u00fczerine \u015eamilo\u011flu, Kuzguncuk \u0130skelesi&#8217;nden k\u0131y\u0131 g\u00fcvenlik teknesi ile al\u0131narak, Svechnikov&#8217;u son g\u00f6rd\u00fc\u011f\u00fc yere g\u00f6t\u00fcr\u00fcld\u00fc. Bilgisine ba\u015fvurulan \u015eamilo\u011flu&#8217;nun, g\u00f6sterdi\u011fi koordinatlar kay\u0131tlara ge\u00e7ti.<\/p>\n<p>\u015eamilo\u011flu, yar\u0131\u015fa binlerce ki\u015finin \u00fc\u00e7 farkl\u0131 renkte boneyle kat\u0131ld\u0131\u011f\u0131n\u0131 s\u00f6yledi.<\/p>\n<p>\u015eamilo\u011flu, yar\u0131\u015fa kat\u0131lan birinci k\u00fcmenin k\u0131rm\u0131z\u0131 boneli oldu\u011funu, Svechnikov&#8217;un ise ye\u015fil boneli olan ikinci k\u00fcmede yer ald\u0131\u011f\u0131n\u0131 d\u00fc\u015f\u00fcnd\u00fc\u011f\u00fcn\u00fc belirterek, &#8220;Bu y\u00fcz\u00fcc\u00fcyle denizin ortas\u0131nda kar\u015f\u0131la\u015ft\u0131k. Her y\u00fcz\u00fcc\u00fcn\u00fcn y\u00fczd\u00fc\u011f\u00fc istikamete de\u011fil farkl\u0131 tarafa, g\u00fcneydo\u011fuya ger\u00e7ek y\u00fczd\u00fc\u011f\u00fcn\u00fc g\u00f6r\u00fcnce kendisine 10-15 kez &#8216;bro bro&#8217; diye seslendim, sonunda duydu. O m\u00fchlet i\u00e7erisinde de yakla\u015f\u0131yordu ve \u00e7ok s\u00fcratli y\u00fcz\u00fcc\u00fcyd\u00fc, benden s\u00fcratliydi. Duydu, bana ger\u00e7ek bak\u0131nca ona &#8216;Wrong way&#8217; yani yanl\u0131\u015f tarafa gidiyorsun diyerek sa\u011f taraf\u0131 i\u015faret ettim.&#8221; diye konu\u015ftu.<\/p>\n<p><img decoding=\"async\" src=\"https:\/\/ikimisli.tr\/wp-content\/uploads\/2025\/08\/bogazda-kaybolan-yuzucu-yanlis-yone-yuzmus-0-VgsGLv4y.webp\"\/><\/p>\n<p><b>&#8211; &#8220;Bo\u011faz&#8217;da fazla ak\u0131nt\u0131 yoktu&#8221;<\/b><\/p>\n<p>Kendisinin y\u00fczd\u00fc\u011f\u00fc istikamet ile Svechnikov&#8217;un y\u00fczd\u00fc\u011f\u00fc yanl\u0131\u015f taraf\u0131 el i\u015faretiyle g\u00f6steren \u015eamilo\u011flu, \u015f\u00f6yle devam etti:<\/p>\n<p>&#8220;Kendisi beni duydu, anlam\u0131\u015f \u00fczere oldu fakat &#8216;Ben ne yapt\u0131\u011f\u0131m\u0131 biliyorum, bana kar\u0131\u015fma&#8217; der \u00fczere bir hareket yapt\u0131 ve birebir istikamete y\u00fczmeye devam etti. \u00c7ok kuvvetli bir y\u00fcz\u00fcc\u00fcyd\u00fc. Bir Rus olimpiyat y\u00fcz\u00fcc\u00fcs\u00fc bir rekortmen, &#8216;Ak\u0131nt\u0131ya kap\u0131lm\u0131\u015ft\u0131r.&#8217; diye bir tabirde bulunulmu\u015f. O g\u00fcn Bo\u011faz&#8217;da fazla ak\u0131nt\u0131 yoktu. R\u00fczgar, sert de\u011fildi, ak\u0131nt\u0131 da fazla yoktu. Zati Bo\u011faz&#8217;daki ak\u0131nt\u0131 da fazla olsa en makus ihtimalle g\u00fcneye yanl\u0131\u015fs\u0131z s\u00fcr\u00fcklenirsiniz. O denli alabora olmak, ak\u0131nt\u0131n\u0131n suyun alt\u0131na \u00e7ekmesi falan Karadeniz&#8217;de oldu\u011fu \u00fczere burada kelam konusu de\u011fil. \u0130stikametini \u015fa\u015f\u0131rm\u0131\u015f bir y\u00fcz\u00fcc\u00fc oldu\u011funu d\u00fc\u015f\u00fcnd\u00fcm zira her y\u0131l o denli taraf\u0131n\u0131 \u015fa\u015f\u0131ran \u00e7ok y\u00fcz\u00fcc\u00fc oluyor lakin \u00e7oklukla misyonlu tekneler onlar\u0131 uyar\u0131yorlar. Bu y\u00fcz\u00fcc\u00fcn\u00fcn o misyonlu teknelerin manzaras\u0131ndan \u00e7\u0131km\u0131\u015f olmas\u0131 bir tuhaf. Ben y\u00fcz\u00fcc\u00fcn\u00fcn karaya \u00e7\u0131kt\u0131\u011f\u0131n\u0131, denizde bo\u011fulmad\u0131\u011f\u0131n\u0131 d\u00fc\u015f\u00fcn\u00fcyorum. Gayesini bilen, kas\u0131tl\u0131 bir y\u00fcz\u00fc\u015f yap\u0131yordu. O denli taraf\u0131n\u0131 \u015fa\u015f\u0131rm\u0131\u015f bir hali yoktu.&#8221;<\/p>\n<p><img decoding=\"async\" src=\"https:\/\/ikimisli.tr\/wp-content\/uploads\/2025\/08\/bogazda-kaybolan-yuzucu-yanlis-yone-yuzmus-1-5Sbl4Rqd.webp\"\/><\/p>\n<p><b>&#8211; &#8220;Uyarmama kar\u015f\u0131n rotas\u0131n\u0131 de\u011fi\u015ftirmedi&#8221;<\/b><\/p>\n<p>\u015eamilo\u011flu, atletlere tak\u0131lan \u00e7iplerin yetersiz oldu\u011funu, bunlar\u0131n sadece y\u00fcz\u00fcc\u00fclerin suya giri\u015f an\u0131 ile karaya \u00e7\u0131kt\u0131\u011f\u0131 an\u0131 hesaplad\u0131\u011f\u0131n\u0131 belirterek, daha geli\u015fmi\u015f \u00e7ipler kullan\u0131lmas\u0131 gerekti\u011fini s\u00f6yledi.<\/p>\n<p>\u00d6nceki y\u0131llardaki yar\u0131\u015flarda da taraf\u0131n\u0131 \u015fa\u015f\u0131ran y\u00fcz\u00fcc\u00fcler g\u00f6rd\u00fc\u011f\u00fcn\u00fc ve uyard\u0131\u011f\u0131n\u0131 kaydeden \u015eamilo\u011flu, kendisini duymayan bir ki\u015fiyi dokunarak dahi uyard\u0131\u011f\u0131n\u0131 aktararak, &#8220;Ama bu ki\u015fi uyarmama kar\u015f\u0131n rotas\u0131n\u0131 de\u011fi\u015ftirmedi.&#8221; dedi.<\/p>\n<p>\u015eamilo\u011flu, kuvvetli bir y\u00fcz\u00fcc\u00fc \u00fczere g\u00f6r\u00fcnen Svechnikov&#8217;un kaybolaca\u011f\u0131n\u0131 hi\u00e7 kestirim etmedi\u011fini anlatarak, &#8220;D\u00fcn bas\u0131nda foto\u011fraf\u0131n\u0131 g\u00f6r\u00fcnce &#8216;A bu denizde ba\u015f\u0131n\u0131 kald\u0131r\u0131p bana yanl\u0131\u015fs\u0131z bakan ki\u015fi&#8217; diye \u00e7ehresinden tan\u0131d\u0131m. Tan\u0131y\u0131nca da 112&#8217;yi arad\u0131m. 112 de K\u0131y\u0131 G\u00fcvenli\u011fe y\u00f6nlendirmi\u015f. K\u0131y\u0131 G\u00fcvenlik gelip beni Kuzguncuk \u0130skelesi&#8217;nden ald\u0131, olay mahalline gittik. Yer ve koordinat tespiti yapt\u0131k. Gerekli bilgileri onlara resmi raporla verdim.&#8221; halinde konu\u015ftu.<\/p>\n<p>\u00a0<\/p>\n","protected":false},"excerpt":{"rendered":"<p>\u0130stanbul Bo\u011faz\u0131&#8217;nda 24 A\u011fustos&#8217;ta 81 \u00fclkeden 2 bin 820 atletin i\u015ftirakiyle ger\u00e7ekle\u015ftirilen yar\u0131\u015fta kaybolan Rus y\u00fcz\u00fcc\u00fc Nikolai Andreevich Svechnikov&#8217;u yanl\u0131\u015f istikamete ger\u00e7ek gitti\u011fi i\u00e7in uyard\u0131\u011f\u0131n\u0131 belirten amat\u00f6r y\u00fcz\u00fcc\u00fc Hayati \u015eamilo\u011flu, &#8220;Ben y\u00fcz\u00fcc\u00fcn\u00fcn karaya \u00e7\u0131kt\u0131\u011f\u0131n\u0131, denizde bo\u011fulmad\u0131\u011f\u0131n\u0131 d\u00fc\u015f\u00fcn\u00fcyorum.&#8221; dedi.<\/p>\n","protected":false},"author":1,"featured_media":74186,"comment_status":"open","ping_status":"open","sticky":false,"template":"","format":"standard","meta":{"footnotes":""},"categories":[25],"tags":[8771,823,3360,4841,8723],"class_list":["post-74185","post","type-post","status-publish","format-standard","has-post-thumbnail","hentry","category-gundem","tag-akinti","tag-dogru","tag-yaris","tag-yon","tag-yuzucu"],"_links":{"self":[{"href":"https:\/\/ikimisli.tr\/index.php\/wp-json\/wp\/v2\/posts\/74185","targetHints":{"allow":["GET"]}}],"collection":[{"href":"https:\/\/ikimisli.tr\/index.php\/wp-json\/wp\/v2\/posts"}],"about":[{"href":"https:\/\/ikimisli.tr\/index.php\/wp-json\/wp\/v2\/types\/post"}],"author":[{"embeddable":true,"href":"https:\/\/ikimisli.tr\/index.php\/wp-json\/wp\/v2\/users\/1"}],"replies":[{"embeddable":true,"href":"https:\/\/ikimisli.tr\/index.php\/wp-json\/wp\/v2\/comments?post=74185"}],"version-history":[{"count":1,"href":"https:\/\/ikimisli.tr\/index.php\/wp-json\/wp\/v2\/posts\/74185\/revisions"}],"predecessor-version":[{"id":74189,"href":"https:\/\/ikimisli.tr\/index.php\/wp-json\/wp\/v2\/posts\/74185\/revisions\/74189"}],"wp:featuredmedia":[{"embeddable":true,"href":"https:\/\/ikimisli.tr\/index.php\/wp-json\/wp\/v2\/media\/74186"}],"wp:attachment":[{"href":"https:\/\/ikimisli.tr\/index.php\/wp-json\/wp\/v2\/media?parent=74185"}],"wp:term":[{"taxonomy":"category","embeddable":true,"href":"https:\/\/ikimisli.tr\/index.php\/wp-json\/wp\/v2\/categories?post=74185"},{"taxonomy":"post_tag","embeddable":true,"href":"https:\/\/ikimisli.tr\/index.php\/wp-json\/wp\/v2\/tags?post=74185"}],"curies":[{"name":"wp","href":"https:\/\/api.w.org\/{rel}","templated":true}]}}