{"id":74257,"date":"2025-08-28T15:08:24","date_gmt":"2025-08-28T15:08:24","guid":{"rendered":"https:\/\/ikimisli.tr\/?p=74257"},"modified":"2025-08-28T15:08:24","modified_gmt":"2025-08-28T15:08:24","slug":"erdogandan-gok-kubbe-aciklamasi","status":"publish","type":"post","link":"https:\/\/ikimisli.tr\/index.php\/2025\/08\/28\/erdogandan-gok-kubbe-aciklamasi\/","title":{"rendered":"Erdo\u011fan&#8217;dan &#8216;G\u00f6k Kubbe&#8217; a\u00e7\u0131klamas\u0131"},"content":{"rendered":"<p>Cumhurba\u015fkan\u0131 Recep Tayyip Erdo\u011fan&#8217;dan ASELSAN&#8217;da a\u00e7\u0131klamalar&#8230;<\/p>\n<p>Erdo\u011fan&#8217;\u0131n konu\u015fmas\u0131ndan \u00f6ne \u00e7\u0131kan ba\u015fl\u0131klar:<\/p>\n<p>&#8220;A\u011fustos ay\u0131 milletimiz i\u00e7in \u00f6zel bir ay. Malazgirt, \u00c7ald\u0131ran, Mo\u011fa\u00e7 ve B\u00fcy\u00fck Taarruz \u00fczere mukadderat\u0131m\u0131z\u0131 tayin eden ka\u00e7 de\u011ferli zaferi bu ayda kazand\u0131k. D\u00fcn Sultan Alparslan ve kahraman yi\u011fitlerini y\u00e2d etmek \u00fczere Malazgirt&#8217;teydik. Bug\u00fcn zafer haftas\u0131nda bir \u00f6b\u00fcr gururu ya\u015f\u0131yoruz. Silahl\u0131 kuvvetlerimize g\u00fc\u00e7 katacak ve savunma sanayimizi apayr\u0131 d\u00fczeye ta\u015f\u0131yacak \u00fc\u00e7 bedelli hamleyi birlikte yap\u0131yoruz. Bunlar\u0131n birincisi \u00e7elik kubbe. \u0130kincisi ASELSAN&#8217;\u0131n 14 tesisinin a\u00e7\u0131l\u0131\u015f\u0131d\u0131r. \u00dc\u00e7\u00fcnc\u00fcs\u00fc O\u011fuzbey Teknoloji \u00dcss\u00fc&#8217;n\u00fcn a\u00e7\u0131klamas\u0131d\u0131r. \u015eehitlerimizin ruhlar\u0131n\u0131 \u015f\u00e2d edece\u011fimize inand\u0131\u011f\u0131m bu ad\u0131mlar\u0131n ASELSAN, savunma end\u00fcstrimiz ve T\u00fcrk Silahl\u0131 Kuvvetlerimize iyi ve u\u011furlu olmas\u0131n\u0131 diliyorum. Bug\u00fcn 460 milyon dolar pahas\u0131nda toplam 47 ara\u00e7tan olu\u015fan G\u00f6k kubbe sistemlerini kahraman ordumuza kazand\u0131r\u0131yoruz. \u0130\u015fi bahta b\u0131rakma \u00fczere l\u00fcks\u00fcm\u00fcz\u00fcn olmad\u0131\u011f\u0131n\u0131n pek \u015fuurunday\u0131z. Kendi radar, hava sistemi, elektronik harp yeteneklerini geli\u015ftiremeyen hi\u00e7bir \u00fclke mevcut g\u00fcvenlik s\u0131namalar\u0131 kar\u015f\u0131s\u0131nda gelece\u011fine inan\u00e7la bakamaz. Masada olmakla men\u00fcde olmak ortas\u0131ndaki ince \u00e7izgiyi belirleyen \u00f6ge hava savunma ve taarruz kabiliyetlerinizdir.<\/p>\n<p>Bu in\u015fa ve ihya sistemi hamdolsun \u00f6nemli yol al\u0131yor. \u00c7ok k\u0131sa m\u00fcddette t\u00fcm manilere kar\u015f\u0131n \u00e7ok \u00f6nemli yol ald\u0131k. Bug\u00fcn ger\u00e7ekle\u015fen teslimatlar verdi\u011fimiz u\u011fra\u015f\u0131n bo\u015fa gitmedi\u011finin en somut kan\u0131t\u0131d\u0131r. Sistemlerimizi yerinde g\u00f6rme ve inceleme f\u0131rsat\u0131m oldu. Adeta bir g\u00f6vde g\u00f6sterisine \u015fahit oldum. Eserlerimiz kar\u015f\u0131s\u0131nda bu milletin bir ferdi olarak k\u0131van\u00e7 duydum. Teslim edilecek bir adet siper uzun menzilli hava savunma sistemi ve ona ba\u011fl\u0131 10 ara\u00e7 \u00fclkemizin hava savunmas\u0131nda d\u00f6n\u00fcm noktas\u0131d\u0131r. Hisar, orta menzilli hava savunma sistemi cayd\u0131r\u0131c\u0131l\u0131\u011f\u0131m\u0131z\u0131 daha da g\u00fc\u00e7lendirecek. Elektronik harp sistemi bu alanda \u00fclkemizi bir \u00fcst lige ta\u015f\u0131yacak. Elbette burada durmayacak daha fazla say\u0131da sistemi, yeni yeteneklerle birlikte geli\u015ftirecek ve envantere kazand\u0131rmay\u0131 s\u00fcrd\u00fcrece\u011fiz. Sistemler sistemi \u00e7elik kubbe ile hava savunmas\u0131nda art\u0131k farkl\u0131 bir klasmana \u00e7\u0131kaca\u011f\u0131z.<\/p>\n<p>ASELSAN&#8217;\u0131n \u00e7elik kubbede sistem geli\u015ftirmenin yan\u0131s\u0131ra kritik bir rol\u00fc daha var. B\u00fct\u00fcn sistemlerin haberle\u015fmesini sa\u011flayacak yapay zeka dayanakl\u0131 komuta denetim yaz\u0131l\u0131m\u0131n\u0131 da ASELSAN geli\u015ftiriyor. Bu yaz\u0131l\u0131m sayesinde alanda y\u00fczlerce hava savunma sistemi tek bir sistem \u00fczere hareket edecektir. Geli\u015ftirdi\u011fimiz y\u00fcksek teknolojideki eserleri s\u00fcratli, verimli ve y\u00fcksek adetlerde \u00fcretmemiz kaide. ASELSAN ve \u00f6b\u00fcr savunma \u015firketlerimizin son devirde bu hususa verdi\u011fi de\u011feri memnuniyetle takip ediyorum. Hizmete ald\u0131\u011f\u0131m\u0131z tesisler ortas\u0131nda hava savunma sistemleri tasar\u0131m ofisi, radar \u00fcretim ve entegrasyon ek tesisi, ileri m\u00fchendislik gere\u00e7ler ara\u015ft\u0131rma ve geli\u015ftirme sistemleri, g\u00fcd\u00fcml\u00fc m\u00fchimmat sistemler tesisi, TEKNOPARK ve daha bir\u00e7ok altyap\u0131 bulunuyor. Bu tesisler yakla\u015f\u0131k 4 bin \u015fahsa nitelikli istihdam ve gen\u00e7 m\u00fchendislerimize yeni \u00e7al\u0131\u015fma alanlar\u0131 a\u00e7acakt\u0131r.<\/p>\n<p>Bug\u00fcn ayr\u0131yeten dev bir yat\u0131r\u0131m\u0131n da temelini at\u0131yoruz. ASELSAN&#8217;\u0131n ikinci 50. y\u0131l\u0131na yak\u0131\u015facak dev bir yerle\u015fkede birinci betonu bug\u00fcn dokuyoruz. Son y\u0131llar\u0131n en b\u00fcy\u00fck sanayi yat\u0131r\u0131mlar\u0131ndan biri olacakt\u0131r. Bu yat\u0131r\u0131m cumhuriyet tarihimizin tek seferde yap\u0131lan en b\u00fcy\u00fck savunma sanayi yat\u0131r\u0131m\u0131d\u0131r. Buras\u0131 Avrupa&#8217;n\u0131n en b\u00fcy\u00fck entegre hava savunma tesisidir.<\/p>\n<p>Ayr\u0131nt\u0131lar geliyor&#8230;<\/p>\n","protected":false},"excerpt":{"rendered":"<p>ASELSAN&#8217;da a\u00e7\u0131klamalarda bulunan Cumhurba\u015fkan\u0131 Erdo\u011fan, &#8220;Bug\u00fcn, 460 milyon dolar bedelinde, dosta inan\u00e7, d\u00fc\u015fmana deh\u015fet verecek toplam 47 ara\u00e7tan olu\u015fan G\u00f6k Kubbe sistemlerini kahraman ordumuza kazand\u0131r\u0131yoruz&#8221; s\u00f6z\u00fcn\u00fc kulland\u0131.<\/p>\n","protected":false},"author":1,"featured_media":74258,"comment_status":"open","ping_status":"open","sticky":false,"template":"","format":"standard","meta":{"footnotes":""},"categories":[25],"tags":[8778,915,1866,4887,1706],"class_list":["post-74257","post","type-post","status-publish","format-standard","has-post-thumbnail","hentry","category-gundem","tag-aselsan","tag-hava-savunma","tag-sistemi","tag-sistemler","tag-tek"],"_links":{"self":[{"href":"https:\/\/ikimisli.tr\/index.php\/wp-json\/wp\/v2\/posts\/74257","targetHints":{"allow":["GET"]}}],"collection":[{"href":"https:\/\/ikimisli.tr\/index.php\/wp-json\/wp\/v2\/posts"}],"about":[{"href":"https:\/\/ikimisli.tr\/index.php\/wp-json\/wp\/v2\/types\/post"}],"author":[{"embeddable":true,"href":"https:\/\/ikimisli.tr\/index.php\/wp-json\/wp\/v2\/users\/1"}],"replies":[{"embeddable":true,"href":"https:\/\/ikimisli.tr\/index.php\/wp-json\/wp\/v2\/comments?post=74257"}],"version-history":[{"count":1,"href":"https:\/\/ikimisli.tr\/index.php\/wp-json\/wp\/v2\/posts\/74257\/revisions"}],"predecessor-version":[{"id":74259,"href":"https:\/\/ikimisli.tr\/index.php\/wp-json\/wp\/v2\/posts\/74257\/revisions\/74259"}],"wp:featuredmedia":[{"embeddable":true,"href":"https:\/\/ikimisli.tr\/index.php\/wp-json\/wp\/v2\/media\/74258"}],"wp:attachment":[{"href":"https:\/\/ikimisli.tr\/index.php\/wp-json\/wp\/v2\/media?parent=74257"}],"wp:term":[{"taxonomy":"category","embeddable":true,"href":"https:\/\/ikimisli.tr\/index.php\/wp-json\/wp\/v2\/categories?post=74257"},{"taxonomy":"post_tag","embeddable":true,"href":"https:\/\/ikimisli.tr\/index.php\/wp-json\/wp\/v2\/tags?post=74257"}],"curies":[{"name":"wp","href":"https:\/\/api.w.org\/{rel}","templated":true}]}}