{"id":7433,"date":"2025-01-27T22:47:41","date_gmt":"2025-01-27T22:47:41","guid":{"rendered":"https:\/\/ikimisli.tr\/?p=7433"},"modified":"2025-01-27T22:47:41","modified_gmt":"2025-01-27T22:47:41","slug":"akpde-olayli-kongre-baskan-adayi-partililere-ates-puskurdu","status":"publish","type":"post","link":"https:\/\/ikimisli.tr\/index.php\/2025\/01\/27\/akpde-olayli-kongre-baskan-adayi-partililere-ates-puskurdu\/","title":{"rendered":"AKP\u2019de olayl\u0131 kongre! Ba\u015fkan aday\u0131 partililere ate\u015f p\u00fcsk\u00fcrd\u00fc"},"content":{"rendered":"<p>\u00a0<\/p>\n<p>AKP Sivas 8. Ola\u011fan Vilayet Kongresi 4 Eyl\u00fcl Kapal\u0131 Spor Salonu\u2019nda ger\u00e7ekle\u015ftirildi. Kongreye G\u00fc\u00e7 ve Tabii Kaynaklar Bakan\u0131 Alparslan Bayraktar, AKP TBMM K\u00fcme Lideri Abdullah G\u00fcler, TBMM eski Ba\u015fkan\u0131 \u0130smet Y\u0131lmaz\u00a0ve \u00e7ok say\u0131da davetli kat\u0131ld\u0131.<\/p>\n<p><b>D\u0130VAN SE\u00c7\u0130MS\u0130Z OLU\u015eTURULDU<\/b><\/p>\n<p>Saat 12.00 olarak duyurulan kongre, yakla\u015f\u0131k iki saatlik bir gecikmeyle saat 14.00\u2019te ba\u015flad\u0131. G\u00fcndem unsurlar\u0131 s\u0131ras\u0131yla uygulanmazken, divan heyeti se\u00e7imsiz bir formda olu\u015fturuldu.<\/p>\n<p><b>BA\u015eKAN ADAYI DO\u011eRUYOL\u2019UN L\u0130STES\u0130 KABUL ED\u0130LMED\u0130<\/b><\/p>\n<p>Divan lider aday\u0131 olan ve noter onayl\u0131 delegelerden imza toplayan Fatih Duman, divan\u0131n se\u00e7imsiz halde te\u015fkil edilmesine itiraz etti. Fakat itirazlar dikkate al\u0131nmad\u0131 ve divan heyeti mevcut haliyle vazifesine devam etti. Kongre s\u0131ras\u0131nda iki ba\u015fka liste divana sunuldu. Bu listelerden biri mevcut lider Yusuf Tanr\u0131verdi, ba\u015fkas\u0131 ise\u00a0Mustafa Taki Do\u011fruyol\u00a0taraf\u0131ndan haz\u0131rland\u0131.<\/p>\n<p><b>GERG\u0130NL\u0130K YA\u015eANDI<\/b><\/p>\n<p>Ancak divan heyeti sadece Yusuf Tanr\u0131verdi\u2019nin listesini se\u00e7im g\u00fcndemine alarak ba\u015fka listeyi reddetti. Bu durum, kongrede gerginli\u011fe yol a\u00e7t\u0131 ve de\u011fi\u015fim isteyen delegelerin yans\u0131s\u0131na neden oldu.<\/p>\n<p><b>\u201cYAZIKLAR OLSUN HEP\u0130N\u0130ZE\u201d<\/b><\/p>\n<p>Listesinin kabul edilmesine reaksiyon g\u00f6steren Mustafa Taki Do\u011fruyol, \u201ci\u00e7erde 17 il\u00e7eden 12 adedini kaybetmi\u015f, utanmadan hala kutlama yapabilen bir k\u00fcme var. Bu vilayette de bu t\u00fcrl\u00fc, il\u00e7elerde de b\u00f6yle\u2026Kutlama yapan k\u00fcme kendisini ba\u015far\u0131l\u0131 san\u0131yor. Biz burada muvaffakiyet g\u00f6rm\u00fcyoruz. Buna \u2018dur\u2019 dedik, durmad\u0131lar. Allah\u2019a havale ediyorum. \u015eam\u2019da, Halep\u2019te her vakit Recep Tayyip Erdo\u011fan var. Onun davas\u0131na omuz verelim istedik. Bunlarda dediler ki; \u2018hay\u0131r, biz makamlarda oturaca\u011f\u0131z. Sizin bu davalar\u0131n\u0131z de\u011ferli de\u011fil. Biz gerekirse Sivas\u2019\u0131 kaybedece\u011fiz lakin o makamlarda oturaca\u011f\u0131z\u2019 dediler. Bu \u00f6b\u00fcr bir \u015fey de\u011fildir. Biz Recep<\/p>\n<p>Tayyip Erdo\u011fan\u2019\u0131n, \u0130slam\u2019\u0131n umudunun davas\u0131n\u0131 s\u0131rtland\u0131k. Makam talep etmedik. Buradaki hi\u00e7bir arkada\u015f\u0131m da makam talep etmedi. Bunlar makam talep eden talepkarlard\u0131r. Yaz\u0131klar olsun hepinize\u201d siteminde bulundu.<\/p>\n<p><b>\u201cBUNLAR DAHA \u00c2L\u00c2 G\u00dcNLER\u0130N\u0130Z\u201d<\/b><\/p>\n<p>CHP Sivas Milletvekili Ula\u015f Karasu da olayl\u0131 ge\u00e7en AKP kongresine ait toplumsal medya hesab\u0131ndan bir payla\u015f\u0131m yapt\u0131. Karasu, \u201cAKP i\u00e7indeki b\u00f6l\u00fcnm\u00fc\u015fl\u00fck, Sivas vilayet kongresinde bir sefer daha su y\u00fcz\u00fcne \u00e7\u0131kt\u0131. Demokrasi havarisi kesilenler, se\u00e7im ba\u015far\u0131s\u0131zl\u0131\u011f\u0131n\u0131n faturas\u0131n\u0131 birbirine kesiyor. Moraller bozuk, hengame ve huzursuzluk \u00e7ok. Bunlar daha \u00e2l\u00e2 g\u00fcnleriniz. Sonunda hak kazanacak, halk kazanacak\u201d s\u00f6zlerine yer verdi.<\/p>\n","protected":false},"excerpt":{"rendered":"<p>AKP Sivas 8. Ola\u011fan Vilayet Kongresi olay ge\u00e7ti. Mustafa Taki Do\u011fruyol\u2019un listesinin kabul edilmemesi ve mevcut lider Yusuf Tanr\u0131verdi ile yola devam edilmesi karar\u0131n\u0131n verilmesi \u00fczerine kongrede gerginlik ya\u015fand\u0131. Duruma reaksiyon g\u00f6steren Do\u011fruyol, \u201cMakam talep etmedik. Buradaki hi\u00e7bir arkada\u015f\u0131m da makam talep etmedi. Bunlar makam talep eden talepkarlard\u0131r. Yaz\u0131klar olsun hepinize\u201d siteminde bulundu.<\/p>\n","protected":false},"author":1,"featured_media":7434,"comment_status":"open","ping_status":"open","sticky":false,"template":"","format":"standard","meta":{"footnotes":""},"categories":[25],"tags":[32,1710,466,1855,1856],"class_list":["post-7433","post","type-post","status-publish","format-standard","has-post-thumbnail","hentry","category-gundem","tag-baskan","tag-divan","tag-kongre","tag-liste","tag-makam"],"_links":{"self":[{"href":"https:\/\/ikimisli.tr\/index.php\/wp-json\/wp\/v2\/posts\/7433","targetHints":{"allow":["GET"]}}],"collection":[{"href":"https:\/\/ikimisli.tr\/index.php\/wp-json\/wp\/v2\/posts"}],"about":[{"href":"https:\/\/ikimisli.tr\/index.php\/wp-json\/wp\/v2\/types\/post"}],"author":[{"embeddable":true,"href":"https:\/\/ikimisli.tr\/index.php\/wp-json\/wp\/v2\/users\/1"}],"replies":[{"embeddable":true,"href":"https:\/\/ikimisli.tr\/index.php\/wp-json\/wp\/v2\/comments?post=7433"}],"version-history":[{"count":1,"href":"https:\/\/ikimisli.tr\/index.php\/wp-json\/wp\/v2\/posts\/7433\/revisions"}],"predecessor-version":[{"id":7435,"href":"https:\/\/ikimisli.tr\/index.php\/wp-json\/wp\/v2\/posts\/7433\/revisions\/7435"}],"wp:featuredmedia":[{"embeddable":true,"href":"https:\/\/ikimisli.tr\/index.php\/wp-json\/wp\/v2\/media\/7434"}],"wp:attachment":[{"href":"https:\/\/ikimisli.tr\/index.php\/wp-json\/wp\/v2\/media?parent=7433"}],"wp:term":[{"taxonomy":"category","embeddable":true,"href":"https:\/\/ikimisli.tr\/index.php\/wp-json\/wp\/v2\/categories?post=7433"},{"taxonomy":"post_tag","embeddable":true,"href":"https:\/\/ikimisli.tr\/index.php\/wp-json\/wp\/v2\/tags?post=7433"}],"curies":[{"name":"wp","href":"https:\/\/api.w.org\/{rel}","templated":true}]}}