{"id":74399,"date":"2025-08-28T23:32:23","date_gmt":"2025-08-28T23:32:23","guid":{"rendered":"https:\/\/ikimisli.tr\/?p=74399"},"modified":"2025-08-28T23:32:23","modified_gmt":"2025-08-28T23:32:23","slug":"grev-cengize-yaradi-gubreye-zam-yagdirdi","status":"publish","type":"post","link":"https:\/\/ikimisli.tr\/index.php\/2025\/08\/28\/grev-cengize-yaradi-gubreye-zam-yagdirdi\/","title":{"rendered":"Grev Cengiz\u2019e yarad\u0131, g\u00fcbreye zam ya\u011fd\u0131rd\u0131"},"content":{"rendered":"<p><em><strong>Ali Can POLAT<\/strong><\/em><\/p>\n<p>G\u00fcbreta\u015f\u2019ta emek\u00e7ilerin grevi 57\u2019inci g\u00fcn\u00fcne girerken bir \u00f6teki b\u00fcy\u00fck \u00fcretici Toroslar\u2019da da grev olmas\u0131, g\u00fcbre piyasas\u0131n\u0131 Mehmet Cengiz\u2019in \u015firketi Eti G\u00fcbre\u2019ye b\u0131rakt\u0131. Eti G\u00fcbre, piyasa fiyatlar\u0131na birbiri arkas\u0131na art\u0131r\u0131mlar yapt\u0131. G\u00fcbre \u00e7e\u015fitlerine nazaran de\u011fi\u015fmekle birlikte, 50 kilograml\u0131k \u00e7uval\u0131 grevden evvel 1.000 TL\u2019ye sat\u0131lan \u00fcre g\u00fcbre, a\u011fustos sonuna kadar \u00fcst \u00fcste gelen art\u0131r\u0131mlarla toplamda y\u00fczde 39\u2019luk art\u0131\u015fla 1.390 TL\u2019ye \u00e7\u0131kt\u0131. Bu eserin k\u0131\u015f aylar\u0131nda 800-900 TL ortas\u0131nda fiyatlarla sat\u0131ld\u0131\u011f\u0131n\u0131 s\u00f6yleyen g\u00fcbre sat\u0131- c\u0131lar\u0131, yaz aylar\u0131nda gelen toplam art\u0131r\u0131m\u0131n y\u00fczde 73\u2019e kadar \u00e7\u0131kt\u0131\u011f\u0131n\u0131 belirtti.<\/p>\n<p><strong>37 B\u0130N TL\u2019Y\u0130 GE\u00c7T\u0130<\/strong><\/p>\n<p>S\u00f6zc\u00fc\u2019ye konu\u015fan g\u00fcbre sat\u0131c\u0131lar\u0131, \u201cSat\u0131\u015flar\u0131m\u0131z esasen d\u00fc\u015fm\u00fc\u015ft\u00fc, uygunca durma noktas\u0131na geldi. \u00c7ift\u00e7i alam\u0131yor, zati hepsi bor\u00e7lu\u201d dedi. G\u00fcbreta\u015f\u2019ta grevi s\u00fcrd\u00fcren Petrol-\u0130\u015f Sendikas\u0131 da grev m\u00fchletince Eti G\u00fcbre\u2019nin eserlerine gelen art\u0131r\u0131mlar\u0131 hesaplad\u0131. Sendika, \u201cEti, temmuz ay\u0131 sonunda DAP g\u00fcbre ton fiyat\u0131n\u0131 31.700 TL\u2019den 33.900 TL\u2019ye y\u00fckseltmi\u015f. Amonyakl\u0131 (NP+Zn) g\u00fcbresini ise 20.200 TL\u2019den 21.400 TL\u2019ye \u00e7\u0131karm\u0131\u015f. A\u011fustos sonunda ise \u00fclkemizde genel olarak DAP g\u00fcbre fiyatlar\u0131na y\u00fczde 10\u2019un \u00fczerinde bir art\u0131r\u0131m da yap\u0131ld\u0131. Eti\u2019nin fiyatlar\u0131 37 bin TL\u2019yi ge\u00e7ti\u201d dedi.<\/p>\n<p><img decoding=\"async\" src=\"https:\/\/ikimisli.tr\/wp-content\/uploads\/2025\/08\/grev-cengize-yaradi-gubreye-zam-yagdirdi-0-Hlu2NV5i.jpg\"\/><\/p>\n<div>\n<p><em>\u0130\u015fveren g\u00f6r\u00fc\u015fmelerin ba\u015flad\u0131\u011f\u0131n\u0131 s\u00f6ylese de  Petrol-\u0130\u015f Sendikas\u0131 Kocaeli \u015eube Ba\u015fkan\u0131 Nesimi Yurto\u011flu, &#8220;Masa kurulmadan olmaz, m\u00fcd\u00fcrler hal hat\u0131r sorup gidiyor. <\/em><br \/><em>Biz bir an evvel \u00fcretime ba\u015flamak istiyoruz&#8221; dedi. <\/em><\/p>\n<\/p><\/div>\n<p>Bu art\u0131r\u0131ma \u0130srail-\u0130ran \u00e7at\u0131\u015fmalar\u0131n\u0131n tesiriyle eklenen art\u0131r\u0131mlar da oldu\u011funu belirten sendika, \u201cDolay\u0131s\u0131yla yaz aylar\u0131n\u0131n b\u00fct\u00fcn\u00fcne bak\u0131ld\u0131\u011f\u0131nda g\u00fcbre fiyatlar\u0131nda bu t\u00fcrl\u00fc bir hareketlenme ya\u015fan\u0131rken, g\u00fcbre fabrikalar\u0131ndaki grevlerin bir an evvel personelin makul talepleri g\u00f6zetilerek sonu\u00e7land\u0131r\u0131lmas\u0131 hem \u00fclkemiz hem tar\u0131m dal\u0131m\u0131z i\u00e7in son derece kritiktir\u201d s\u00f6zlerini kulland\u0131.<\/p>\n<p><b><span>\u2018\u00c7ift\u00e7inin en \u00e7ok muhta\u00e7l\u0131\u011f\u0131 oldu\u011fu d\u00f6nemdeyiz\u2019<\/span><\/b><\/p>\n<p>Ekim ay\u0131n\u0131n gelmesiyle \u00e7ift\u00e7inin g\u00fcbreye en \u00e7ok muhta\u00e7l\u0131\u011f\u0131 oldu\u011fu periyodun ba\u015flad\u0131\u011f\u0131n\u0131 belirten T\u00fcrkiye Ziraat\u00e7iler Derne\u011fi Ba\u015fkan\u0131 H\u00fcseyin Demirta\u015f, artan fiyatlar\u0131n topraklar\u0131 g\u00fcbresiz b\u0131rakt\u0131\u011f\u0131n\u0131 belirtti. Demirta\u015f \u201c\u00c7ift\u00e7iye ucuz g\u00fcbre bulamazsak, \u00e7ar\u015f\u0131 pazarda fiyatlar\u0131n ate\u015fi s\u00f6nmez\u201d dedi.<\/p>\n<p><b><span>G\u00fcbreta\u015f: G\u00f6r\u00fc\u015fmeler s\u00fcr\u00fcyor<\/span><\/b><\/p>\n<p>S\u00d6ZC\u00dc\u2019n\u00fcn G\u00fcbreta\u015f\u2019taki grevi kamuoyu g\u00fcndemine ta\u015f\u0131mas\u0131yla birlikte, \u015firket idaresi \u00e7al\u0131\u015fanlarla g\u00f6r\u00fc\u015fmelerin ba\u015flad\u0131\u011f\u0131n\u0131 s\u00f6yledi.<\/p>\n<p>G\u00fcbreta\u015f Genel M\u00fcd\u00fcr\u00fc Ayta\u00e7 Onkun, S\u00d6ZC\u00dc\u2019ye konu\u015ftu. Pe\u015fke\u015f i\u00e7in \u00fcretimin bilerek durdurulmas\u0131 tezlerini reddeden Onkun, \u201cAksine biz eser \u00e7e\u015fitlili\u011fimizi art\u0131rmak i\u00e7in \u00e7al\u0131\u015f\u0131yoruz, oraya yeni depo yapt\u0131k\u201d dedi. Evvelki g\u00fcn insan kay\u00adnaklar\u0131 m\u00fcd\u00fcr\u00fcn\u00fcn m\u00fczakere i\u00e7in emek\u00e7ilerin yan\u0131na gitti\u011fini, masa kurulmasa da diyaloglar\u0131n ba\u015flad\u0131\u011f\u0131n\u0131 aktaran Onkun, \u201cZam i\u00e7in y\u00fczde 95\u2019e \u00e7\u0131kam\u0131youz. Biz k\u00fcme \u015firketiyiz, \u00e7al\u0131\u015fma bar\u0131\u015f\u0131n\u0131 bozar. Beyaz yakal\u0131 y\u00f6neticilerin maa\u015f\u0131n\u0131 ge\u00e7er. Fakat bir noktada bulu\u015faca\u011f\u0131z sendikam\u0131zla\u201d diye konu\u015ftu. Orkun Tar\u0131m Kredi\u2019nin G\u00fcbreta\u015f \u00fcretimi durdu\u011fu i\u00e7in Cengiz\u2019in \u015firketinden al\u0131m yap\u0131lmas\u0131na ise, \u201cBiz o g\u00fcbreyi asl\u0131nda \u00fcretmiyorduk. Ba\u011ffa\u015f\u2019tan da g\u00fcbre al\u0131yoruz zira bizim \u00fcretmedi\u011fimiz \u00e7e\u015fitler var. Biz fabrikam\u0131z\u0131 daha da \u00e7e\u015fitlendirece\u011fiz, \u00fcretime kald\u0131\u011f\u0131m\u0131z yerden devam edece\u011fiz\u201d dedi.<\/p>\n<p><img decoding=\"async\" src=\"https:\/\/ikimisli.tr\/wp-content\/uploads\/2025\/08\/grev-cengize-yaradi-gubreye-zam-yagdirdi-1-8Cn2SB5V.jpg\"\/><\/p>\n<p><strong>&#8216;DE\u011eER\u0130N\u0130N \u00dcST\u00dcNE SATTIK&#8217;<\/strong><\/p>\n<p>Onkun, bina sat\u0131\u015f\u0131 i\u00e7in ise \u015fu c\u00fcmleleri kurdu: \u201cBinan\u0131n tamam\u0131 i\u00e7in 500 milyon TL bedel bi\u00e7iliyor lakin bizim sahipli\u011fimiz y\u00fczde 33\u2019t\u00fc. Biz bu k\u0131s\u0131mlar\u0131, SPK de\u011ferlemesinin \u00fcst\u00fcnde bir fiyata satt\u0131k. Oradaki parayla fabrikam\u0131za makine ald\u0131k.\u201d  <\/p>\n","protected":false},"excerpt":{"rendered":"<p>Ortado\u011fu\u2019daki tansiyonun tesiriyle yaz aylar\u0131nda y\u00fckselmeye ba\u015flayan g\u00fcbre fiyatlar\u0131na bir de<br \/>\n\u00fclkenin en b\u00fcy\u00fck fabrikas\u0131nda \u00fcretimin durmas\u0131 eklenince fiyatlar u\u00e7tu. Eti G\u00fcbre ile piyasada<br \/>\nneredeyse monopolle\u015fen Cengiz, fiyatlar\u0131n\u0131 y\u00fczde 40\u2019a kadar art\u0131rd\u0131.<\/p>\n","protected":false},"author":1,"featured_media":74400,"comment_status":"open","ping_status":"open","sticky":false,"template":"","format":"standard","meta":{"footnotes":""},"categories":[24],"tags":[388,2293,1342,1344,93],"class_list":["post-74399","post","type-post","status-publish","format-standard","has-post-thumbnail","hentry","category-ekonomi","tag-fiyatlari","tag-grev","tag-gubre","tag-ure","tag-zam"],"_links":{"self":[{"href":"https:\/\/ikimisli.tr\/index.php\/wp-json\/wp\/v2\/posts\/74399","targetHints":{"allow":["GET"]}}],"collection":[{"href":"https:\/\/ikimisli.tr\/index.php\/wp-json\/wp\/v2\/posts"}],"about":[{"href":"https:\/\/ikimisli.tr\/index.php\/wp-json\/wp\/v2\/types\/post"}],"author":[{"embeddable":true,"href":"https:\/\/ikimisli.tr\/index.php\/wp-json\/wp\/v2\/users\/1"}],"replies":[{"embeddable":true,"href":"https:\/\/ikimisli.tr\/index.php\/wp-json\/wp\/v2\/comments?post=74399"}],"version-history":[{"count":1,"href":"https:\/\/ikimisli.tr\/index.php\/wp-json\/wp\/v2\/posts\/74399\/revisions"}],"predecessor-version":[{"id":74403,"href":"https:\/\/ikimisli.tr\/index.php\/wp-json\/wp\/v2\/posts\/74399\/revisions\/74403"}],"wp:featuredmedia":[{"embeddable":true,"href":"https:\/\/ikimisli.tr\/index.php\/wp-json\/wp\/v2\/media\/74400"}],"wp:attachment":[{"href":"https:\/\/ikimisli.tr\/index.php\/wp-json\/wp\/v2\/media?parent=74399"}],"wp:term":[{"taxonomy":"category","embeddable":true,"href":"https:\/\/ikimisli.tr\/index.php\/wp-json\/wp\/v2\/categories?post=74399"},{"taxonomy":"post_tag","embeddable":true,"href":"https:\/\/ikimisli.tr\/index.php\/wp-json\/wp\/v2\/tags?post=74399"}],"curies":[{"name":"wp","href":"https:\/\/api.w.org\/{rel}","templated":true}]}}