{"id":74561,"date":"2025-08-29T08:44:21","date_gmt":"2025-08-29T08:44:21","guid":{"rendered":"https:\/\/ikimisli.tr\/?p=74561"},"modified":"2025-08-29T08:44:21","modified_gmt":"2025-08-29T08:44:21","slug":"ali-babacanin-cebinden-cift-cuzdan-cikti","status":"publish","type":"post","link":"https:\/\/ikimisli.tr\/index.php\/2025\/08\/29\/ali-babacanin-cebinden-cift-cuzdan-cikti\/","title":{"rendered":"Ali Babacan&#8217;\u0131n cebinden \u00e7ift c\u00fczdan \u00e7\u0131kt\u0131"},"content":{"rendered":"<p>DEVA Partisi Genel Lideri S\u00d6ZC\u00dc TV&#8217;deki Para Siyaset program\u0131nda \u00e7ift c\u00fczdan \u00e7\u0131kard\u0131. Babacan, &#8220;Bu bizde aile gelene\u011fi . Devleti y\u00f6netirken de \u00e7ift c\u00fczdan mant\u0131\u011f\u0131yla gittik.&#8221; dedi.<\/p>\n<p>Babacan, &#8220;Bu \u00fclke bir daha kriz g\u00f6rmesin, vatanda\u015flar\u0131m\u0131z bir daha fakirle\u015fmesin diye onun i\u00e7in her \u015fey d\u00fczg\u00fcne gitti. \u015eu anda devletin ne \u00e7ift c\u00fczdan ne ihtiyat hi\u00e7bir \u015fey yok&#8221; diye konu\u015ftu.<\/p>\n<p><b>&#8220;ASGAR\u0130 F\u0130YATLA \u0130LG\u0130L\u0130 TIK YOK&#8221;<\/b><\/p>\n<p>Ekonomiye dair de\u011ferlendirmelerde bulunan Babacan \u015fu tabirleri kulland\u0131:<\/p>\n<p>Emekliden t\u0131rt\u0131klan\u0131yor enflasyonla katmerli h\u0131rs\u0131zl\u0131k yap\u0131l\u0131yor.\u00a0 Taban fiyatla ilgili t\u0131k yok. Emekliden taban \u00fccretliden t\u0131rt\u0131klan\u0131yor. Ay\u0131p ya! Enflasyon \u00fcretmek en b\u00fcy\u00fck h\u0131rs\u0131zl\u0131k, enflasyonun sebep oldu\u011fu ma\u011fduriyeti yoksullu\u011fu telafi etmemek katmerli h\u0131rs\u0131zl\u0131kt\u0131r.<\/p>\n<p>Daha d\u00fcn do\u011falgaza y\u00fczde 24.6 art\u0131r\u0131m yapt\u0131lar. Bekliyorlar, bekliyorlar dikkat edin art\u0131r\u0131mlar\u0131 daima 1 Temmuz, 1 Ocak tarihinde yap\u0131yorlar. Ni\u00e7in? Evvelki devrin enflasyonuna girmesin diye yap\u0131yorlar. Aral\u0131k ay\u0131n\u0131n enflasyonu \u00e7\u0131k\u0131yor y\u00fczde 1 Ocak enflasyonu \u00e7\u0131k\u0131yor y\u00fczde 5. Ni\u00e7in? \u0130\u015fte o y\u00fczde 4\u2019\u00fc biz t\u0131rt\u0131klar\u0131z. Emekliden, minimum \u00fccretliden t\u0131rt\u0131klar\u0131z. Ay\u0131p ya! Ay\u0131p ya! Esasen enflasyonu \u00fcretmek en b\u00fcy\u00fck h\u0131rs\u0131zl\u0131kt\u0131r. Enflasyonun sebep oldu\u011fu ma\u011fduriyeti yoksullu\u011fu telafi etmemek katmerli h\u0131rs\u0131zl\u0131kt\u0131r.&#8221;<\/p>\n","protected":false},"excerpt":{"rendered":"<p>DEVA Partisi Genel Lideri Ali Babacan, canl\u0131 yay\u0131nda cebinden \u00e7ift c\u00fczdan \u00e7\u0131kard\u0131.<\/p>\n","protected":false},"author":1,"featured_media":74562,"comment_status":"open","ping_status":"open","sticky":false,"template":"","format":"standard","meta":{"footnotes":""},"categories":[25],"tags":[49,1862],"class_list":["post-74561","post","type-post","status-publish","format-standard","has-post-thumbnail","hentry","category-gundem","tag-enflasyon","tag-hirsizlik"],"_links":{"self":[{"href":"https:\/\/ikimisli.tr\/index.php\/wp-json\/wp\/v2\/posts\/74561","targetHints":{"allow":["GET"]}}],"collection":[{"href":"https:\/\/ikimisli.tr\/index.php\/wp-json\/wp\/v2\/posts"}],"about":[{"href":"https:\/\/ikimisli.tr\/index.php\/wp-json\/wp\/v2\/types\/post"}],"author":[{"embeddable":true,"href":"https:\/\/ikimisli.tr\/index.php\/wp-json\/wp\/v2\/users\/1"}],"replies":[{"embeddable":true,"href":"https:\/\/ikimisli.tr\/index.php\/wp-json\/wp\/v2\/comments?post=74561"}],"version-history":[{"count":1,"href":"https:\/\/ikimisli.tr\/index.php\/wp-json\/wp\/v2\/posts\/74561\/revisions"}],"predecessor-version":[{"id":74563,"href":"https:\/\/ikimisli.tr\/index.php\/wp-json\/wp\/v2\/posts\/74561\/revisions\/74563"}],"wp:featuredmedia":[{"embeddable":true,"href":"https:\/\/ikimisli.tr\/index.php\/wp-json\/wp\/v2\/media\/74562"}],"wp:attachment":[{"href":"https:\/\/ikimisli.tr\/index.php\/wp-json\/wp\/v2\/media?parent=74561"}],"wp:term":[{"taxonomy":"category","embeddable":true,"href":"https:\/\/ikimisli.tr\/index.php\/wp-json\/wp\/v2\/categories?post=74561"},{"taxonomy":"post_tag","embeddable":true,"href":"https:\/\/ikimisli.tr\/index.php\/wp-json\/wp\/v2\/tags?post=74561"}],"curies":[{"name":"wp","href":"https:\/\/api.w.org\/{rel}","templated":true}]}}