{"id":74719,"date":"2025-08-29T17:20:19","date_gmt":"2025-08-29T17:20:19","guid":{"rendered":"https:\/\/ikimisli.tr\/?p=74719"},"modified":"2025-08-29T17:20:19","modified_gmt":"2025-08-29T17:20:19","slug":"osman-zeki-korkmaz-canimizin-sikilacagi-kisa-bir-donem-olacak","status":"publish","type":"post","link":"https:\/\/ikimisli.tr\/index.php\/2025\/08\/29\/osman-zeki-korkmaz-canimizin-sikilacagi-kisa-bir-donem-olacak\/","title":{"rendered":"Osman Zeki Korkmaz: Can\u0131m\u0131z\u0131n s\u0131k\u0131laca\u011f\u0131 k\u0131sa bir d\u00f6nem olacak"},"content":{"rendered":"<p>1&#8217;inci Lig&#8217;in 4&#8217;\u00fcnc\u00fc haftas\u0131nda deplasmanda Pendikspor ile kar\u015f\u0131la\u015facak olan Sivasspor, \u00e7aban\u0131n haz\u0131rl\u0131klar\u0131n\u0131 s\u00fcrd\u00fcrd\u00fc. Kul\u00fcp tesislerinde teknik y\u00f6netici Osman Zeki Korkmaz idaresindeki idmana yeni transfer sol kanat oyuncusu Valon Ethemi de kat\u0131ld\u0131. \u0130dman \u00f6ncesi teknik y\u00f6netici Korkmaz bas\u0131n mensuplar\u0131na a\u00e7\u0131klamalarda bulundu.<\/p>\n<p>Ligde geride kalan haftada deplasmanda kaybedilen Amed Sportif Faaliyetler ma\u00e7\u0131nda grubun skoru verdikten sonra disiplinden koptu\u011funu belirten Korkmaz, &#8220;Zor bir d\u00f6nem ba\u015f\u0131 olacak demi\u015ftik ve onu ya\u015f\u0131yoruz. Amed ma\u00e7\u0131n\u0131n birinci yar\u0131s\u0131n\u0131 istikrarl\u0131 oynad\u0131k. Skoru verdikten sonra ikinci yar\u0131 oyun disiplininden kopan ve vazge\u00e7mi\u015f bir manzara vard\u0131. Bu bizlerin can\u0131n\u0131 \u00e7ok s\u0131kt\u0131. Bu vazge\u00e7ilmi\u015f imgeyi kabul etmiyoruz ve buradaki sorumluluk bendedir teknik adam olarak. Bir daha asla Sivasspor vazge\u00e7mi\u015f bir manzara veremez. Bunun analinizi yapaca\u011f\u0131z. Arkada\u015flara c\u00fcr\u00fcm bulmuyorum, buradaki sorumluluk bende. Ulusal ortada 1-2 oyuncunun daha ortam\u0131za kat\u0131lmas\u0131n\u0131 bekliyoruz. Can\u0131m\u0131z\u0131n s\u0131k\u0131laca\u011f\u0131 k\u0131sa bir periyot olacak ve ikinci ulusal ortadan sonra farkl\u0131 bir pozisyonda olaca\u011f\u0131z\u201d dedi.<\/p>\n<p><b>&#8220;FAYDALI OYUNCU BULMAYA \u00c7ALI\u015eIYORUM&#8221;<\/b><\/p>\n<p>Baz\u0131 futbolcular\u0131n fizik\u00ee olarak hala haz\u0131r olmad\u0131\u011f\u0131n\u0131 vurgulayan Korkmaz, \u201cFiziksel olarak haz\u0131r olmayan oyuncular haz\u0131r olunca bu tak\u0131m ile devam edebiliriz lakin k\u0131s\u0131tl\u0131 bir tak\u0131m olur. Bu k\u0131s\u0131tl\u0131 kadroyu geni\u015fletmek i\u00e7in \u00e7al\u0131\u015fmalar\u0131m\u0131z var. Buras\u0131n\u0131n Sivasspor oldu\u011funu ben de biliyorum. \u00d6rne\u011fin bir bildiri kampanyas\u0131 yap\u0131ld\u0131 i\u015ftirak beklenenin y\u00fczde ka\u00e7\u0131 oldu? Bunlar\u0131 masaya yat\u0131rd\u0131k m\u0131? Ayr\u0131lan oyunculara ne kadar para verildi\u011fi incelendi mi? Ben de savruk davran\u0131rsam gelecekte bir Sivasspor kalmayabilir. En \u00e7ok ele\u015ftiriyi ben alaca\u011f\u0131m sorun yok ancak ne yapt\u0131\u011f\u0131m\u0131 biliyorum. \u015eu an Sivasspor\u2019u kurumsal olarak kurtarman\u0131n pe\u015findeyiz i\u015f bu kadar kritik bir noktada. Bu kimseye latife gelmesin. Ben k\u00fc\u00e7\u00fck b\u00fct\u00e7eyle gece-g\u00fcnd\u00fcz \u00e7al\u0131\u015farak olabildi\u011fince yararl\u0131 oyuncu bulmaya \u00e7al\u0131\u015f\u0131yorum. Elinizdeki b\u00fct\u00e7eyi k\u0131st\u0131k\u00e7a y\u00f6neldi\u011finiz havuz karma\u015f\u0131kla\u015f\u0131yor. Burada t\u0131pk\u0131 yap\u0131lan yan\u0131lg\u0131y\u0131 ben mi devam ettireyim? \u00c7ok tel\u00e2\u015fl\u0131 davranmayal\u0131m. Biz b\u00fct\u00fcn bu handikaplar\u0131 g\u00f6rerek geldik. Bir gol yiyince \u00e7abucak k\u0131r\u0131lganla\u015f\u0131yoruz. Buna art\u0131k m\u00fcsaade vermeyece\u011fiz. Bunu en k\u0131sa m\u00fcddette alana yans\u0131taca\u011f\u0131z&#8221; diye konu\u015ftu.<\/p>\n<p><b>&#8220;\u015e\u0130MD\u0130 CEFASINI CEKECE\u011e\u0130Z&#8221;<\/b><\/p>\n<p>Amed ma\u00e7\u0131n\u0131n akabinde kendisine y\u00f6nelik tenkitlerin sorulmas\u0131 \u00fczerine Korkmaz, &#8220;Ele\u015ftiriler \u00e7ok normal. 1&#8217;inci Lig tarihinde ben birinci kez 4 gol yedim. Taraftar ele\u015ftirmeden ben esasen kendi kendimi ele\u015ftirdim. Taraftar ele\u015ftirsin, bas\u0131n da ele\u015ftirsin. Daha sonraki ulusal ortada \u00f6b\u00fcr \u015feyler \u00fczerine konu\u015faca\u011f\u0131z, buna emin olun. Biz Badji\u2019yi alanda haz\u0131rlamaya \u00e7al\u0131\u015f\u0131yoruz. Biz en haz\u0131r ve en sert gruplarla ba\u015flad\u0131k. Bunun cefas\u0131n\u0131 \u00e7ekece\u011fiz sonras\u0131nda haz\u0131r olunca da rahatl\u0131\u011f\u0131n\u0131 ya\u015fayaca\u011f\u0131z, haz\u0131r olunca&#8221; tabirlerini kulland\u0131.\u00a0<\/p>\n","protected":false},"excerpt":{"rendered":"<p>Sivasspor Teknik Y\u00f6neticisi Osman Zeki Korkmaz, &#8220;Milli ortada 1-2 oyuncunun daha ortam\u0131za kat\u0131lmas\u0131n\u0131 bekliyoruz. Can\u0131m\u0131z\u0131n s\u0131k\u0131laca\u011f\u0131 k\u0131sa bir devir olacak ve ikinci ulusal ortadan sonra apayr\u0131 bir pozisyonda olaca\u011f\u0131z\u201d dedi.<\/p>\n","protected":false},"author":1,"featured_media":74720,"comment_status":"open","ping_status":"open","sticky":false,"template":"","format":"standard","meta":{"footnotes":""},"categories":[30],"tags":[74,2250,1225,1842],"class_list":["post-74719","post","type-post","status-publish","format-standard","has-post-thumbnail","hentry","category-spor","tag-hazir","tag-korkmaz","tag-oyun","tag-sivasspor"],"_links":{"self":[{"href":"https:\/\/ikimisli.tr\/index.php\/wp-json\/wp\/v2\/posts\/74719","targetHints":{"allow":["GET"]}}],"collection":[{"href":"https:\/\/ikimisli.tr\/index.php\/wp-json\/wp\/v2\/posts"}],"about":[{"href":"https:\/\/ikimisli.tr\/index.php\/wp-json\/wp\/v2\/types\/post"}],"author":[{"embeddable":true,"href":"https:\/\/ikimisli.tr\/index.php\/wp-json\/wp\/v2\/users\/1"}],"replies":[{"embeddable":true,"href":"https:\/\/ikimisli.tr\/index.php\/wp-json\/wp\/v2\/comments?post=74719"}],"version-history":[{"count":1,"href":"https:\/\/ikimisli.tr\/index.php\/wp-json\/wp\/v2\/posts\/74719\/revisions"}],"predecessor-version":[{"id":74721,"href":"https:\/\/ikimisli.tr\/index.php\/wp-json\/wp\/v2\/posts\/74719\/revisions\/74721"}],"wp:featuredmedia":[{"embeddable":true,"href":"https:\/\/ikimisli.tr\/index.php\/wp-json\/wp\/v2\/media\/74720"}],"wp:attachment":[{"href":"https:\/\/ikimisli.tr\/index.php\/wp-json\/wp\/v2\/media?parent=74719"}],"wp:term":[{"taxonomy":"category","embeddable":true,"href":"https:\/\/ikimisli.tr\/index.php\/wp-json\/wp\/v2\/categories?post=74719"},{"taxonomy":"post_tag","embeddable":true,"href":"https:\/\/ikimisli.tr\/index.php\/wp-json\/wp\/v2\/tags?post=74719"}],"curies":[{"name":"wp","href":"https:\/\/api.w.org\/{rel}","templated":true}]}}