{"id":74757,"date":"2025-08-29T19:44:20","date_gmt":"2025-08-29T19:44:20","guid":{"rendered":"https:\/\/ikimisli.tr\/?p=74757"},"modified":"2025-08-29T19:44:20","modified_gmt":"2025-08-29T19:44:20","slug":"koop-is-sendikasi-baskani-alemdardan-grev-uyarisi-grev-hakkinin-engellenmesi-anayasaya-aykiridir","status":"publish","type":"post","link":"https:\/\/ikimisli.tr\/index.php\/2025\/08\/29\/koop-is-sendikasi-baskani-alemdardan-grev-uyarisi-grev-hakkinin-engellenmesi-anayasaya-aykiridir\/","title":{"rendered":"Koop-\u0130\u015f Sendikas\u0131 Ba\u015fkan\u0131 Alemdar\u2019dan grev uyar\u0131s\u0131: \u201cGrev hakk\u0131n\u0131n engellenmesi anayasaya ayk\u0131r\u0131d\u0131r\u201d"},"content":{"rendered":"<p>Koop-\u0130\u015f Sendikas\u0131\u2019n\u0131n, Aile ve Toplumsal Hizmetler Bakanl\u0131\u011f\u0131\u2019na ba\u011fl\u0131 1003 SYDV i\u015f yerinde yar\u0131n ba\u015flataca\u011f\u0131 grev \u00f6ncesinde konu\u015fan Alemdar, kimi vali yard\u0131mc\u0131lar\u0131 ve kaymakamlar\u0131n \u00e7al\u0131\u015fanlara greve kat\u0131lmamalar\u0131 taraf\u0131nda bask\u0131 yapt\u0131\u011f\u0131 taraf\u0131nda bilgiler edindiklerini lisana getirdi.<\/p>\n<p>\u201cB\u00f6yle bir \u015feyin hakikat oldu\u011funa inanmak istemiyoruz. Fakat bu tezler son derece ciddi\u201d diyen Alemdar, grev hakk\u0131n\u0131n Anayasa ve maddelerle garanti alt\u0131na al\u0131nd\u0131\u011f\u0131n\u0131 vurgulad\u0131.<\/p>\n<p>\u201cToplu mukavele g\u00f6r\u00fc\u015fmelerinin t\u0131kanmas\u0131 sonucu grev karar\u0131 al\u0131nm\u0131\u015ft\u0131r. Bu, i\u015f\u00e7ilerin en temel yasal hakk\u0131d\u0131r. Bu hakk\u0131n k\u0131s\u0131tlanmas\u0131 ya da engellenmesi, sadece maddelere de\u011fil, demokrasinin temel unsurlar\u0131na de al\u0131\u015f\u0131lmam\u0131\u015ft\u0131r.\u201d<\/p>\n<p>Kamu y\u00f6neticilerine davette bulunan Alemdar, \u201cSYDV i\u015f\u00e7ilerinin hakl\u0131 taleplerini g\u00f6rmezden gelmeyin. Grevi engellemeye y\u00f6nelik hi\u00e7bir idari te\u015febb\u00fcste bulunmay\u0131n. Bu be\u015ferler eme\u011finin kar\u015f\u0131l\u0131\u011f\u0131n\u0131 istiyor,\u201d s\u00f6zlerini kulland\u0131.<\/p>\n<p>A\u00e7\u0131klamas\u0131nda, Koop-\u0130\u015f Sendikas\u0131\u2019n\u0131n 61 y\u0131ll\u0131k tarihi boyunca \u00e7al\u0131\u015fma bar\u0131\u015f\u0131n\u0131 savundu\u011funu vurgulayan Alemdar, lakin mevcut durumda emek\u00e7ilerin di\u011fer \u00e7arelerinin kalmad\u0131\u011f\u0131n\u0131 ve grev hakk\u0131na ba\u015fvurduklar\u0131n\u0131 s\u00f6yledi.<\/p>\n","protected":false},"excerpt":{"rendered":"<p>T\u00dcRK-\u0130\u015e Genel Lider Yard\u0131mc\u0131s\u0131 ve Koop-\u0130\u015f Sendikas\u0131 Genel Ba\u015fkan\u0131 Ey\u00fcp Alemdar, Sosyal Yard\u0131mla\u015fma ve Dayan\u0131\u015fma Vak\u0131flar\u0131&#8217;nda (SYDV) \u00e7al\u0131\u015fan \u00e7al\u0131\u015fanlar\u0131n kat\u0131laca\u011f\u0131 grev \u00f6ncesi yapt\u0131\u011f\u0131 a\u00e7\u0131klamada, birtak\u0131m kamu vazifelilerinin \u00e7al\u0131\u015fanlara bask\u0131 yapt\u0131\u011f\u0131na dair duyumlar ald\u0131klar\u0131n\u0131 belirterek, \u201cGrev hakk\u0131n\u0131n engellenmesi Anayasaya ayk\u0131r\u0131d\u0131r\u201d dedi.<\/p>\n","protected":false},"author":1,"featured_media":74758,"comment_status":"open","ping_status":"open","sticky":false,"template":"","format":"standard","meta":{"footnotes":""},"categories":[25],"tags":[2293],"class_list":["post-74757","post","type-post","status-publish","format-standard","has-post-thumbnail","hentry","category-gundem","tag-grev"],"_links":{"self":[{"href":"https:\/\/ikimisli.tr\/index.php\/wp-json\/wp\/v2\/posts\/74757","targetHints":{"allow":["GET"]}}],"collection":[{"href":"https:\/\/ikimisli.tr\/index.php\/wp-json\/wp\/v2\/posts"}],"about":[{"href":"https:\/\/ikimisli.tr\/index.php\/wp-json\/wp\/v2\/types\/post"}],"author":[{"embeddable":true,"href":"https:\/\/ikimisli.tr\/index.php\/wp-json\/wp\/v2\/users\/1"}],"replies":[{"embeddable":true,"href":"https:\/\/ikimisli.tr\/index.php\/wp-json\/wp\/v2\/comments?post=74757"}],"version-history":[{"count":1,"href":"https:\/\/ikimisli.tr\/index.php\/wp-json\/wp\/v2\/posts\/74757\/revisions"}],"predecessor-version":[{"id":74759,"href":"https:\/\/ikimisli.tr\/index.php\/wp-json\/wp\/v2\/posts\/74757\/revisions\/74759"}],"wp:featuredmedia":[{"embeddable":true,"href":"https:\/\/ikimisli.tr\/index.php\/wp-json\/wp\/v2\/media\/74758"}],"wp:attachment":[{"href":"https:\/\/ikimisli.tr\/index.php\/wp-json\/wp\/v2\/media?parent=74757"}],"wp:term":[{"taxonomy":"category","embeddable":true,"href":"https:\/\/ikimisli.tr\/index.php\/wp-json\/wp\/v2\/categories?post=74757"},{"taxonomy":"post_tag","embeddable":true,"href":"https:\/\/ikimisli.tr\/index.php\/wp-json\/wp\/v2\/tags?post=74757"}],"curies":[{"name":"wp","href":"https:\/\/api.w.org\/{rel}","templated":true}]}}