{"id":74766,"date":"2025-08-29T20:20:20","date_gmt":"2025-08-29T20:20:20","guid":{"rendered":"https:\/\/ikimisli.tr\/?p=74766"},"modified":"2025-08-29T20:20:20","modified_gmt":"2025-08-29T20:20:20","slug":"teshircileri-muayene-etmiyorum-demisti-o-doktor-israil-askerlerini-tedavi-etmis","status":"publish","type":"post","link":"https:\/\/ikimisli.tr\/index.php\/2025\/08\/29\/teshircileri-muayene-etmiyorum-demisti-o-doktor-israil-askerlerini-tedavi-etmis\/","title":{"rendered":"&#8216;Te\u015fhircileri muayene etmiyorum&#8217; demi\u015fti: O doktor \u0130srail askerlerini tedavi etmi\u015f"},"content":{"rendered":"<p>Konya\u2019daki Meram Devlet Hastanesi\u2019nde vazifeli doktor Hasan H\u00fcseyin Uysal, k\u0131yafetinin \u201ca\u00e7\u0131k\u201d oldu\u011funu \u00f6ne s\u00fcrd\u00fc\u011f\u00fc gen\u00e7 bir bayan\u0131 muayene etmeyi reddetmi\u015fti. Uysal\u2019\u0131n bu hali b\u00fcy\u00fck reaksiyon \u00e7ekmi\u015fti. \u201cTe\u015fhircileri muayene etmiyorum\u201d kelamlar\u0131yla hastay\u0131 reddeden hekimin, \u0130srail ordusunun 2010 y\u0131l\u0131nda Gazze\u2019ye insani yard\u0131m g\u00f6t\u00fcrmek emeliyle yola \u00e7\u0131kan \u201cGazze \u00d6zg\u00fcrl\u00fck Filosu\u201dndaki Mavi Marmara gemisine d\u00fczenledi\u011fi h\u00fccumda yaralanan \u0130srail askerlerini tedavi etti\u011fi ortaya \u00e7\u0131kt\u0131. Uysal\u2019\u0131n bu \u00e7eli\u015fkili tavr\u0131 yine g\u00fcndem oldu.<\/p>\n<p>Meram Devlet Hastanesi\u2019nde g\u00f6z tabibi olarak vazife yapan Hasan H\u00fcseyin Uysal, bayan hastas\u0131n\u0131n k\u0131yafetinin uygunsuz oldu\u011funu ileri s\u00fcrerek muayene etmeyi reddetti.<\/p>\n<p>Sosyal medyada payla\u015f\u0131lan imgelerde Uysal\u2019\u0131n, muayene olmak i\u00e7in gelen gen\u00e7 bayana \u201cTe\u015fhircileri muayene etmiyorum\u201d dedi\u011fi, bayan\u0131n ise \u201cBana te\u015fhirci diyemezsiniz\u201d diyerek reaksiyon g\u00f6sterdi\u011fi g\u00f6r\u00fcld\u00fc. Tabibin bu kelamlara kar\u015f\u0131l\u0131k, \u201cSizi muayene etmiyorum. \u00c7\u0131kar m\u0131s\u0131n\u0131z l\u00fctfen?\u201d s\u00f6zlerini kulland\u0131\u011f\u0131 kaydedildi.<\/p>\n<p><b>\u0130SRA\u0130L ASKERLER\u0130N\u0130 TEDAV\u0130 ETM\u0130\u015e<\/b><\/p>\n<p>Hipokrat Yemini\u2019ne ters davranarak k\u0131yafetini m\u00fcnasebet g\u00f6sterip hastas\u0131n\u0131 muayene etmeyen Uysal\u2019\u0131n, Mavi Marmara sald\u0131r\u0131s\u0131 s\u0131ras\u0131nda yaralanan \u0130srail askerlerini ise tedavi etti\u011fi ortaya \u00e7\u0131kt\u0131.<\/p>\n<p>Uysal, Anadolu\u2019da Bug\u00fcn Gazetesi\u2019ne yapt\u0131\u011f\u0131 a\u00e7\u0131klamada, Gazze\u2019ye yard\u0131m g\u00f6t\u00fcrmek i\u00e7in kat\u0131ld\u0131\u011f\u0131 Mavi Marmara gemisine y\u00f6nelik \u0130srail taarruzunda yaralanan askerleri tedavi etti\u011fini belirterek \u201cBirden fazla \u0130srail askeri hengame ve bo\u011fu\u015fma s\u0131ras\u0131nda yaralanarak getirildi. Onlar\u0131n da tedavisini yapt\u0131k. Nihayetinde biz M\u00fcsl\u00fcman\u0131z. Bir ki\u015fi yaral\u0131 olarak gelmi\u015fse, ona yap\u0131lmas\u0131 gerekeni, kendi karde\u015flerimize yapt\u0131\u011f\u0131m\u0131z \u00fczere yapar\u0131z.\u201d dedi.<\/p>\n","protected":false},"excerpt":{"rendered":"<p>Hipokrat Yemini\u2019ne kar\u015f\u0131t davranarak, k\u0131yafetinin \u201ca\u00e7\u0131k\u201d oldu\u011funu \u00f6ne s\u00fcrd\u00fc\u011f\u00fc bir genci muayene etmeyi reddeden Doktor Hasan H\u00fcseyin Uysal\u2019\u0131n, \u0130srail ordusunun Gazze\u2019ye yard\u0131m g\u00f6t\u00fcren Mavi Marmara gemisine d\u00fczenledi\u011fi atakta yaralanan askerleri tedavi etti\u011fi ortaya \u00e7\u0131kt\u0131. Uysal\u2019\u0131n bu \u00e7eli\u015fkili tavr\u0131 reaksiyon \u00e7ekti.<\/p>\n","protected":false},"author":1,"featured_media":74767,"comment_status":"open","ping_status":"open","sticky":false,"template":"","format":"standard","meta":{"footnotes":""},"categories":[25],"tags":[80,2456,434],"class_list":["post-74766","post","type-post","status-publish","format-standard","has-post-thumbnail","hentry","category-gundem","tag-israil","tag-muayene","tag-tedavi"],"_links":{"self":[{"href":"https:\/\/ikimisli.tr\/index.php\/wp-json\/wp\/v2\/posts\/74766","targetHints":{"allow":["GET"]}}],"collection":[{"href":"https:\/\/ikimisli.tr\/index.php\/wp-json\/wp\/v2\/posts"}],"about":[{"href":"https:\/\/ikimisli.tr\/index.php\/wp-json\/wp\/v2\/types\/post"}],"author":[{"embeddable":true,"href":"https:\/\/ikimisli.tr\/index.php\/wp-json\/wp\/v2\/users\/1"}],"replies":[{"embeddable":true,"href":"https:\/\/ikimisli.tr\/index.php\/wp-json\/wp\/v2\/comments?post=74766"}],"version-history":[{"count":1,"href":"https:\/\/ikimisli.tr\/index.php\/wp-json\/wp\/v2\/posts\/74766\/revisions"}],"predecessor-version":[{"id":74768,"href":"https:\/\/ikimisli.tr\/index.php\/wp-json\/wp\/v2\/posts\/74766\/revisions\/74768"}],"wp:featuredmedia":[{"embeddable":true,"href":"https:\/\/ikimisli.tr\/index.php\/wp-json\/wp\/v2\/media\/74767"}],"wp:attachment":[{"href":"https:\/\/ikimisli.tr\/index.php\/wp-json\/wp\/v2\/media?parent=74766"}],"wp:term":[{"taxonomy":"category","embeddable":true,"href":"https:\/\/ikimisli.tr\/index.php\/wp-json\/wp\/v2\/categories?post=74766"},{"taxonomy":"post_tag","embeddable":true,"href":"https:\/\/ikimisli.tr\/index.php\/wp-json\/wp\/v2\/tags?post=74766"}],"curies":[{"name":"wp","href":"https:\/\/api.w.org\/{rel}","templated":true}]}}