{"id":74792,"date":"2025-08-29T21:56:20","date_gmt":"2025-08-29T21:56:20","guid":{"rendered":"https:\/\/ikimisli.tr\/?p=74792"},"modified":"2025-08-29T21:56:20","modified_gmt":"2025-08-29T21:56:20","slug":"gecekondulara-luks-tarifesi","status":"publish","type":"post","link":"https:\/\/ikimisli.tr\/index.php\/2025\/08\/29\/gecekondulara-luks-tarifesi\/","title":{"rendered":"Gecekondulara l\u00fcks tarifesi"},"content":{"rendered":"<p>\u0130stanbul\u2019un incisi Adalar\u2019daki gecekondular i\u00e7in y\u0131k\u0131m karar\u0131 \u00e7\u0131kt\u0131. Birinci y\u0131k\u0131m buyru\u011fu 2 Ey\u00fcl\u2019de K\u0131nal\u0131ada\u2019ya geldi. Ge\u00e7en y\u0131l\u0131n sonundan Adal\u0131lar\u2019a, \u201cEviniz orman alan\u0131nda\u201d yahut \u201cYeni yasa ile orman alan\u0131 ilan edildi\u201d denilerek, meskenlerini terk etmeleri istendi. Ayr\u0131yeten ada sakinlerinden, \u201cEtiler, Be\u015fikta\u015f yahut Ortak\u00f6y ayar\u0131nda\u201d vergi istendi. K\u0131nal\u0131ada\u2019daki Ta\u015focaklar\u0131 mevkiindeki birinci y\u0131k\u0131m i\u00e7in 2 Eyl\u00fcl 2025 tarihi bildirim de yap\u0131ld\u0131.<\/p>\n<p><strong>YALI YA DA V\u0130LLA \u0130LE AYNI<\/strong><\/p>\n<p>Orman Bakanl\u0131\u011f\u0131\u2019n\u0131n y\u0131k\u0131m karar\u0131na paralel olarak, Maliye Bakanl\u0131\u011f\u0131\u2019ndan, Adalar\u2019daki \u201csonradan orman alan\u0131 ilan edilen\u201d b\u00f6lgelerde oturanlara, arsa vergi \u00fcnite bedeli olarak 25 bin TL rayi\u00e7 bedel tayin edildi.<\/p>\n<p>\u00a0Buna nazaran Adalal\u0131lar\u2019dan vergi ya da \u201ckullanma bedeli\u201d al\u0131nmas\u0131 planlan\u0131yor. Birtak\u0131m b\u00f6lgelerde say\u0131lar daha d\u00fc\u015f\u00fck olsa da, 25 bin TL\u2019lik bedel, Adalar\u2019daki l\u00fcks konutlar ve villalarla t\u0131pk\u0131 bedel olarak belirlendi. Gecekondul sahibi adal\u0131lar, Belediye\u2019de harika toplant\u0131 yapmaya karar verdi.<\/p>\n","protected":false},"excerpt":{"rendered":"<p>Adalar\u2019daki gecekondular i\u00e7in y\u0131k\u0131m buyru\u011fu g\u00f6nderilirken konutlar i\u00e7in vergi \u00fcnite bedeli olarak 25 bin TL kadar rayi\u00e7 tayin edildi.<\/p>\n","protected":false},"author":1,"featured_media":74793,"comment_status":"open","ping_status":"open","sticky":false,"template":"","format":"standard","meta":{"footnotes":""},"categories":[25],"tags":[141,1269],"class_list":["post-74792","post","type-post","status-publish","format-standard","has-post-thumbnail","hentry","category-gundem","tag-ada","tag-bedel"],"_links":{"self":[{"href":"https:\/\/ikimisli.tr\/index.php\/wp-json\/wp\/v2\/posts\/74792","targetHints":{"allow":["GET"]}}],"collection":[{"href":"https:\/\/ikimisli.tr\/index.php\/wp-json\/wp\/v2\/posts"}],"about":[{"href":"https:\/\/ikimisli.tr\/index.php\/wp-json\/wp\/v2\/types\/post"}],"author":[{"embeddable":true,"href":"https:\/\/ikimisli.tr\/index.php\/wp-json\/wp\/v2\/users\/1"}],"replies":[{"embeddable":true,"href":"https:\/\/ikimisli.tr\/index.php\/wp-json\/wp\/v2\/comments?post=74792"}],"version-history":[{"count":1,"href":"https:\/\/ikimisli.tr\/index.php\/wp-json\/wp\/v2\/posts\/74792\/revisions"}],"predecessor-version":[{"id":74794,"href":"https:\/\/ikimisli.tr\/index.php\/wp-json\/wp\/v2\/posts\/74792\/revisions\/74794"}],"wp:featuredmedia":[{"embeddable":true,"href":"https:\/\/ikimisli.tr\/index.php\/wp-json\/wp\/v2\/media\/74793"}],"wp:attachment":[{"href":"https:\/\/ikimisli.tr\/index.php\/wp-json\/wp\/v2\/media?parent=74792"}],"wp:term":[{"taxonomy":"category","embeddable":true,"href":"https:\/\/ikimisli.tr\/index.php\/wp-json\/wp\/v2\/categories?post=74792"},{"taxonomy":"post_tag","embeddable":true,"href":"https:\/\/ikimisli.tr\/index.php\/wp-json\/wp\/v2\/tags?post=74792"}],"curies":[{"name":"wp","href":"https:\/\/api.w.org\/{rel}","templated":true}]}}