{"id":74857,"date":"2025-08-30T01:32:19","date_gmt":"2025-08-30T01:32:19","guid":{"rendered":"https:\/\/ikimisli.tr\/?p=74857"},"modified":"2025-08-30T01:32:19","modified_gmt":"2025-08-30T01:32:19","slug":"kkmnin-sona-ermesiyle-yaritirimcilar-akin-akin-bu-yatirima-yoneldi","status":"publish","type":"post","link":"https:\/\/ikimisli.tr\/index.php\/2025\/08\/30\/kkmnin-sona-ermesiyle-yaritirimcilar-akin-akin-bu-yatirima-yoneldi\/","title":{"rendered":"KKM&#8217;nin sona ermesiyle yar\u0131t\u0131r\u0131mc\u0131lar ak\u0131n ak\u0131n bu yat\u0131r\u0131ma y\u00f6neldi"},"content":{"rendered":"<p>Y\u00fcksek faiz oranlar\u0131 nedeniyle konut kredilerine eri\u015fim g\u00fc\u00e7le\u015firken yat\u0131r\u0131mc\u0131lar\u0131n alternatif aray\u0131\u015flara y\u00f6neldi\u011fi tabir edildi. D\u00fc\u015f\u00fck giri\u015f maliyeti ve uzun vadede paha art\u0131\u015f\u0131 potansiyeliyle arsa ve tarla yat\u0131r\u0131mlar\u0131n\u0131n \u00f6ne \u00e7\u0131kt\u0131\u011f\u0131 vurguland\u0131. Bilhassa Marmara ve Ege b\u00f6lgeleri ile b\u00fcy\u00fck\u015fehirlere yak\u0131n geli\u015fim g\u00f6steren lokasyonlarda bu yat\u0131r\u0131mlara a\u011f\u0131r ilgi oldu\u011fu kaydedildi.<\/p>\n<p><b>VER\u0130LER ARSA TREND\u0130N\u0130 DO\u011eRULUYOR<\/b><\/p>\n<p>Tapusor.com bilgilerine nazaran, KKM sonras\u0131 devirde yat\u0131r\u0131mc\u0131lar\u0131n gayrimenkule y\u00f6neldi\u011fi a\u00e7\u0131kland\u0131. Payl\u0131 arsa modelleri ve k\u00fc\u00e7\u00fck \u00f6l\u00e7ekli tarla yat\u0131r\u0131mlar\u0131n\u0131n bu devirde \u00f6ne \u00e7\u0131kan trendler ortas\u0131nda oldu\u011fu, yat\u0131r\u0131mc\u0131lara daha d\u00fc\u015f\u00fck b\u00fct\u00e7elerle piyasaya giri\u015f imkan\u0131 sundu\u011fu belirtildi.<\/p>\n<p><b>SATI\u015eLARDA \u00d6NE \u00c7IKAN SE\u00c7ENEKLER<\/b><\/p>\n<p>\u2013 1,2 milyon TL\u2019ye 190 metrekare net tarla<br \/>\u2013 600 bin TL pe\u015finat + 50 bin TL taksit se\u00e7ene\u011fi<br \/>\u2013 Son 7 parsel avantaj\u0131<br \/>\u2013 Belediyelerden 23 taksite kadar arsa sat\u0131\u015f\u0131<\/p>\n<p>Bu se\u00e7eneklerin ferdi yat\u0131r\u0131mc\u0131lar i\u00e7in eri\u015filebilir f\u0131rsatlar sundu\u011fu tabir edildi.<\/p>\n<p><b>HAZ\u0130NE \u0130\u00c7\u0130N DE OLUMLU TABLO<\/b><\/p>\n<p>KKM\u2019nin sona ermesinin s\u0131rf yat\u0131r\u0131mc\u0131lar i\u00e7in de\u011fil, kamu maliyesi a\u00e7\u0131s\u0131ndan da yararl\u0131 oldu\u011fu kaydedildi. Kur fark\u0131 \u00f6demelerinin ortadan kalkmas\u0131yla b\u00fct\u00e7e disiplininin g\u00fc\u00e7lenece\u011fi, kaynaklar\u0131n iktisad\u0131n farkl\u0131 alanlar\u0131na aktar\u0131labilece\u011fi \u00f6ng\u00f6r\u00fcl\u00fcyor.<\/p>\n<p>Ekonomistler, KKM sonras\u0131 devri \u201cekonomi sahnesinde yeni bir d\u00f6nem\u201d olarak k\u0131ymetlendiriyor. Yat\u0131r\u0131mc\u0131lar\u0131n inan\u00e7l\u0131 liman aray\u0131\u015f\u0131 ve Hazine \u00fczerindeki y\u00fck\u00fcn azalmas\u0131n\u0131n, gayrimenkul\u00fc tekrar stratejik bir pozisyona ta\u015f\u0131d\u0131\u011f\u0131 tabir edildi. Yanl\u0131\u015fs\u0131z b\u00f6lgelerde yap\u0131lan arsa ve tarla yat\u0131r\u0131mlar\u0131n\u0131n hem yat\u0131r\u0131mc\u0131ya hem de dala kazand\u0131raca\u011f\u0131na dikkat \u00e7ekiliyor.<\/p>\n","protected":false},"excerpt":{"rendered":"<p>Kur Muhafazal\u0131 Mevduat (KKM) uygulamas\u0131n\u0131n sona ermesiyle piyasada yakla\u015f\u0131k 450 milyar TL\u2019lik kayna\u011f\u0131n yeni adres aray\u0131\u015f\u0131na girdi\u011fi bildirildi. Uzmanlar, bu s\u00fcre\u00e7te gayrimenkul\u00fcn \u00f6ne \u00e7\u0131kaca\u011f\u0131n\u0131, bilhassa kredi gerektirmeyen arsa ve tarla yat\u0131r\u0131mlar\u0131na talebin s\u00fcratle artaca\u011f\u0131n\u0131 belirtiyor.<\/p>\n","protected":false},"author":1,"featured_media":74858,"comment_status":"open","ping_status":"open","sticky":false,"template":"","format":"standard","meta":{"footnotes":""},"categories":[24],"tags":[289,5105],"class_list":["post-74857","post","type-post","status-publish","format-standard","has-post-thumbnail","hentry","category-ekonomi","tag-arsa","tag-yatirimcilar"],"_links":{"self":[{"href":"https:\/\/ikimisli.tr\/index.php\/wp-json\/wp\/v2\/posts\/74857","targetHints":{"allow":["GET"]}}],"collection":[{"href":"https:\/\/ikimisli.tr\/index.php\/wp-json\/wp\/v2\/posts"}],"about":[{"href":"https:\/\/ikimisli.tr\/index.php\/wp-json\/wp\/v2\/types\/post"}],"author":[{"embeddable":true,"href":"https:\/\/ikimisli.tr\/index.php\/wp-json\/wp\/v2\/users\/1"}],"replies":[{"embeddable":true,"href":"https:\/\/ikimisli.tr\/index.php\/wp-json\/wp\/v2\/comments?post=74857"}],"version-history":[{"count":1,"href":"https:\/\/ikimisli.tr\/index.php\/wp-json\/wp\/v2\/posts\/74857\/revisions"}],"predecessor-version":[{"id":74859,"href":"https:\/\/ikimisli.tr\/index.php\/wp-json\/wp\/v2\/posts\/74857\/revisions\/74859"}],"wp:featuredmedia":[{"embeddable":true,"href":"https:\/\/ikimisli.tr\/index.php\/wp-json\/wp\/v2\/media\/74858"}],"wp:attachment":[{"href":"https:\/\/ikimisli.tr\/index.php\/wp-json\/wp\/v2\/media?parent=74857"}],"wp:term":[{"taxonomy":"category","embeddable":true,"href":"https:\/\/ikimisli.tr\/index.php\/wp-json\/wp\/v2\/categories?post=74857"},{"taxonomy":"post_tag","embeddable":true,"href":"https:\/\/ikimisli.tr\/index.php\/wp-json\/wp\/v2\/tags?post=74857"}],"curies":[{"name":"wp","href":"https:\/\/api.w.org\/{rel}","templated":true}]}}