{"id":74873,"date":"2025-08-30T02:32:18","date_gmt":"2025-08-30T02:32:18","guid":{"rendered":"https:\/\/ikimisli.tr\/?p=74873"},"modified":"2025-08-30T02:32:18","modified_gmt":"2025-08-30T02:32:18","slug":"tetigi-ceken-edirnede-yakalandi-yurt-disina-mi-kacacakti","status":"publish","type":"post","link":"https:\/\/ikimisli.tr\/index.php\/2025\/08\/30\/tetigi-ceken-edirnede-yakalandi-yurt-disina-mi-kacacakti\/","title":{"rendered":"Teti\u011fi \u00e7eken Edirne&#8217;de yakaland\u0131: Yurt d\u0131\u015f\u0131na m\u0131 ka\u00e7acakt\u0131?"},"content":{"rendered":"<p>\u0130stanbul \u00c7ekmek\u00f6y\u2019de bir kafede arkada\u015f\u0131yla oturan Alemda\u011f Spor Kul\u00fcb\u00fc Lideri Tuncay Meri\u00e7, silahl\u0131 h\u00fccuma u\u011frad\u0131.<\/p>\n<p>Olay G\u00fcng\u00f6ren Mahallesi Tolgahan Sokak&#8217;taki bir kafede meydana geldi. Kafede oturan eski Alemda\u011f Spor Kul\u00fcb\u00fc Lideri Tuncay Meri\u00e7, kimli\u011fi me\u00e7hul bir ki\u015finin silahl\u0131 sald\u0131r\u0131s\u0131na u\u011frad\u0131.<\/p>\n<p>Sald\u0131rgan olay yerinden ka\u00e7arken, olay\u0131 g\u00f6renlerin ihbar\u0131 \u00fczerine b\u00f6lgeye polis ve acil s\u0131hhat gruplar\u0131 geldi.<\/p>\n<p>Sa\u011fl\u0131k grubunun denetimlerinde ba\u015f\u0131ndan vurularak a\u011f\u0131r yaraland\u0131\u011f\u0131 anla\u015f\u0131lan Tuncay Meri\u00e7, ambulansla hastaneye kald\u0131r\u0131ld\u0131.<\/p>\n<p>Meri\u00e7, yap\u0131lan t\u00fcm m\u00fcdahalelere kar\u015f\u0131n hayat\u0131n\u0131 kaybetti.<\/p>\n<p>Olay yerinde inceleme yapan polis tak\u0131mlar\u0131, ka\u00e7an sald\u0131rgan\u0131 yakalamak i\u00e7in \u00e7al\u0131\u015fma ba\u015flatt\u0131.<\/p>\n<p><b>ED\u0130RNE&#8217;DE YAKALANDI<\/b><\/p>\n<p><strong>\u0130\u00e7i\u015fleri Bakan\u0131 Ali Yerlikaya sald\u0131rgan\u0131n Edirne&#8217;de yakaland\u0131\u011f\u0131n\u0131 belirterek \u015funlar\u0131 kaydetti:<\/strong><\/p>\n<p>&#8220;27 A\u011fustos 2025 \u00c7ar\u015famba g\u00fcn\u00fc \u0130stanbul\u2019un \u00c7ekmek\u00f6y \u0130l\u00e7esinde Alemda\u011f Spor Kul\u00fcb\u00fc Lideri Tuncay Meri\u00e7\u2019in kafede yemek yedi\u011fi s\u0131rada \u00f6ld\u00fcr\u00fclmesi olay\u0131yla ilgili olarak;<\/p>\n<p>Yap\u0131lan istihbari \u00e7al\u0131\u015fmalar ve a\u011f\u0131r takip sonucu ku\u015fkulu E.H. isimli \u015fah\u0131s Uzunk\u00f6pr\u00fc \u0130l\u00e7e Merkezinde d\u00fczenlenen operasyonla yakaland\u0131.<\/p>\n<p>Edirne Valimizi, \u0130stanbul Vilayet Emniyet M\u00fcd\u00fcr\u00fcm\u00fcz\u00fc, Edirne Vilayet Emniyet M\u00fcd\u00fcr\u00fcm\u00fcz\u00fc, Edirne Vilayet Jandarma Komutan\u0131m\u0131z\u0131 ve eme\u011fi ge\u00e7en Polislerimizi ve Jandarmam\u0131z\u0131 tebrik ediyorum.<\/p>\n<p>Allah aya\u011f\u0131n\u0131za ta\u015f de\u011fdirmesin.&#8221;<\/p>\n","protected":false},"excerpt":{"rendered":"<p>\u0130stanbul \u00c7ekmek\u00f6y\u2019de bir kafede arkada\u015f\u0131yla oturan Alemda\u011f Spor Kul\u00fcb\u00fc Lideri Tuncay Meri\u00e7, silahl\u0131 ata\u011fa u\u011frad\u0131. A\u011f\u0131r yaral\u0131 olarak hastaneye kald\u0131r\u0131lan Meri\u00e7, yap\u0131lan t\u00fcm m\u00fcdahalelere kar\u015f\u0131n hayat\u0131n\u0131 yitirdi. Olay sonras\u0131 ka\u00e7an sald\u0131rgan Edirne&#8217;de yakaland\u0131.<\/p>\n","protected":false},"author":1,"featured_media":74874,"comment_status":"open","ping_status":"open","sticky":false,"template":"","format":"standard","meta":{"footnotes":""},"categories":[25],"tags":[1875,171],"class_list":["post-74873","post","type-post","status-publish","format-standard","has-post-thumbnail","hentry","category-gundem","tag-edirne","tag-olay"],"_links":{"self":[{"href":"https:\/\/ikimisli.tr\/index.php\/wp-json\/wp\/v2\/posts\/74873","targetHints":{"allow":["GET"]}}],"collection":[{"href":"https:\/\/ikimisli.tr\/index.php\/wp-json\/wp\/v2\/posts"}],"about":[{"href":"https:\/\/ikimisli.tr\/index.php\/wp-json\/wp\/v2\/types\/post"}],"author":[{"embeddable":true,"href":"https:\/\/ikimisli.tr\/index.php\/wp-json\/wp\/v2\/users\/1"}],"replies":[{"embeddable":true,"href":"https:\/\/ikimisli.tr\/index.php\/wp-json\/wp\/v2\/comments?post=74873"}],"version-history":[{"count":1,"href":"https:\/\/ikimisli.tr\/index.php\/wp-json\/wp\/v2\/posts\/74873\/revisions"}],"predecessor-version":[{"id":74875,"href":"https:\/\/ikimisli.tr\/index.php\/wp-json\/wp\/v2\/posts\/74873\/revisions\/74875"}],"wp:featuredmedia":[{"embeddable":true,"href":"https:\/\/ikimisli.tr\/index.php\/wp-json\/wp\/v2\/media\/74874"}],"wp:attachment":[{"href":"https:\/\/ikimisli.tr\/index.php\/wp-json\/wp\/v2\/media?parent=74873"}],"wp:term":[{"taxonomy":"category","embeddable":true,"href":"https:\/\/ikimisli.tr\/index.php\/wp-json\/wp\/v2\/categories?post=74873"},{"taxonomy":"post_tag","embeddable":true,"href":"https:\/\/ikimisli.tr\/index.php\/wp-json\/wp\/v2\/tags?post=74873"}],"curies":[{"name":"wp","href":"https:\/\/api.w.org\/{rel}","templated":true}]}}